{"id":195263,"date":"2024-09-29T08:57:22","date_gmt":"2024-09-29T08:57:22","guid":{"rendered":"https:\/\/radiofenix.com.ar\/2023\/velez-sarsfield-alejo-sarco-esta-cerca-de-sumarse-al-bayer-leverkusen-de-alemania\/"},"modified":"2024-09-29T08:57:22","modified_gmt":"2024-09-29T08:57:22","slug":"velez-sarsfield-alejo-sarco-esta-cerca-de-sumarse-al-bayer-leverkusen-de-alemania","status":"publish","type":"post","link":"https:\/\/radiofenix.com.ar\/2023\/velez-sarsfield-alejo-sarco-esta-cerca-de-sumarse-al-bayer-leverkusen-de-alemania\/","title":{"rendered":"V\u00e9lez Sarsfield: Alejo Sarco est\u00e1 cerca de sumarse al Bayer Leverkusen de Alemania"},"content":{"rendered":"<div>\n<p>El delantero Alejo Sarco, apartado del primer equipo de V\u00e9lez Sarsfield por no renovar su contrato, est\u00e1 cerca de sumarse al Bayer Leverkusen, vigente campe\u00f3n de la Bundesliga alemana.<\/p>\n<p> El equipo de Liniers tuvo un a\u00f1o de menor a mayor con Gustavo Quinteros como entrenador, empezando su ciclo con muchos cuestionamientos y sin resultados pero se logr\u00f3 reponer con el correr del tiempo, llegando a la final de la Copa de la Liga ante Estudiantes de La Plata y, actualmente, siendo el \u00fanico l\u00edder de la Liga Profesional de F\u00fatbol con 33 puntos.<\/p>\n<p> En este proceso de reivindicaci\u00f3n del ex entrenador de Colo- Colo de Chile, los juveniles fueron piezas importantes y uno de ellos fue el delantero de 18 a\u00f1os, Alejo Sarco. El oriundo de la localidad bonaerense de Alberti debut\u00f3 el 31 de mayo ante Talleres por la antepen\u00faltima fecha de la Copa de la Liga y demostr\u00f3 todas sus condiciones en los playoffs ante Godoy Cruz, donde marc\u00f3 un gol que finalmente fue anulado, y en la final ante Estudiantes de La Plata donde empat\u00f3 el partido para el Fort\u00edn.<\/p>\n<p> En la actual Liga Profesional, Sarco disput\u00f3 las primeras cuatro fechas entre fines de mayo y principios de junio, mes en el que V\u00e9lez inform\u00f3 que el jugador, de 18 a\u00f1os, dejaba de ser tenido en cuenta por Quinteros debido a que no quiso renovar su contrato.<\/p>\n<p> \u00abDurante todo este tiempo solo hemos recibido dilaciones y evasivas, hasta que la semana previa al receso, el jugador, su familia y su representante, Hern\u00e1n Berman, manifestaron su rotunda negativa a llegar a un acuerdo para extender el contrato\u00bb, hab\u00eda comunicado el club de Liniers en sus redes sociales.<\/p>\n<p> Desde ese entonces, Sarco dej\u00f3 de vestir la camiseta velezana y, finalmente, lleg\u00f3 a un acuerdo para sumarse al Bayer Leverkusen de Alemania, vigente campe\u00f3n de la Bundesliga, en enero de 2025. El delantero \u2013que ser\u00e1 el segundo argentino en el equipo que dirige Xabi Alonso, el otro es Exequiel Palacios\u2013 llegar\u00e1 con el pase en su poder y firmar\u00e1 un contrato por cuatro a\u00f1os.<\/p>\n<\/div>\n<p><a href=\"https:\/\/www.pagina12.com.ar\/770689-velez-sarsfield-alejo-sarco-esta-cerca-de-sumarse-al-bayer-l\">source<\/a><\/p>\n","protected":false},"excerpt":{"rendered":"<p>El delantero Alejo Sarco, apartado del primer equipo de V\u00e9lez Sarsfield por no renovar su&#8230;<\/p>\n","protected":false},"author":0,"featured_media":195264,"comment_status":"open","ping_status":"open","sticky":false,"template":"","format":"standard","meta":{"footnotes":""},"categories":[3],"tags":[],"class_list":["post-195263","post","type-post","status-publish","format-standard","has-post-thumbnail","hentry","category-deportes"],"featured_image_urls":{"full":["https:\/\/radiofenix.com.ar\/2023\/wp-content\/uploads\/wp-header-logo.png",0,0,false],"thumbnail":["https:\/\/radiofenix.com.ar\/2023\/wp-content\/uploads\/wp-header-logo.png",1,1,false],"medium":["https:\/\/radiofenix.com.ar\/2023\/wp-content\/uploads\/wp-header-logo.png",1,1,false],"medium_large":["https:\/\/radiofenix.com.ar\/2023\/wp-content\/uploads\/wp-header-logo.png",1,1,false],"large":["https:\/\/radiofenix.com.ar\/2023\/wp-content\/uploads\/wp-header-logo.png",1,1,false],"1536x1536":["https:\/\/radiofenix.com.ar\/2023\/wp-content\/uploads\/wp-header-logo.png",1,1,false],"2048x2048":["https:\/\/radiofenix.com.ar\/2023\/wp-content\/uploads\/wp-header-logo.png",1,1,false],"newsium-slider-full":["https:\/\/radiofenix.com.ar\/2023\/wp-content\/uploads\/wp-header-logo.png",1,1,false],"newsium-featured":["https:\/\/radiofenix.com.ar\/2023\/wp-content\/uploads\/wp-header-logo.png",1,1,false],"newsium-medium":["https:\/\/radiofenix.com.ar\/2023\/wp-content\/uploads\/wp-header-logo.png",1,1,false]},"author_info":{"info":[""]},"category_info":"<a href=\"https:\/\/radiofenix.com.ar\/2023\/category\/deportes\/\" rel=\"category tag\">Deportes<\/a>","tag_info":"Deportes","comment_count":"0","_links":{"self":[{"href":"https:\/\/radiofenix.com.ar\/2023\/wp-json\/wp\/v2\/posts\/195263","targetHints":{"allow":["GET"]}}],"collection":[{"href":"https:\/\/radiofenix.com.ar\/2023\/wp-json\/wp\/v2\/posts"}],"about":[{"href":"https:\/\/radiofenix.com.ar\/2023\/wp-json\/wp\/v2\/types\/post"}],"replies":[{"embeddable":true,"href":"https:\/\/radiofenix.com.ar\/2023\/wp-json\/wp\/v2\/comments?post=195263"}],"version-history":[{"count":0,"href":"https:\/\/radiofenix.com.ar\/2023\/wp-json\/wp\/v2\/posts\/195263\/revisions"}],"wp:featuredmedia":[{"embeddable":true,"href":"https:\/\/radiofenix.com.ar\/2023\/wp-json\/wp\/v2\/media\/195264"}],"wp:attachment":[{"href":"https:\/\/radiofenix.com.ar\/2023\/wp-json\/wp\/v2\/media?parent=195263"}],"wp:term":[{"taxonomy":"category","embeddable":true,"href":"https:\/\/radiofenix.com.ar\/2023\/wp-json\/wp\/v2\/categories?post=195263"},{"taxonomy":"post_tag","embeddable":true,"href":"https:\/\/radiofenix.com.ar\/2023\/wp-json\/wp\/v2\/tags?post=195263"}],"curies":[{"name":"wp","href":"https:\/\/api.w.org\/{rel}","templated":true}]}}