{"id":195289,"date":"2024-10-01T08:57:49","date_gmt":"2024-10-01T08:57:49","guid":{"rendered":"https:\/\/radiofenix.com.ar\/2023\/comienza-el-12-festival-internacional-de-cine-documental-de-buenos-aires\/"},"modified":"2024-10-01T08:57:49","modified_gmt":"2024-10-01T08:57:49","slug":"comienza-el-12-festival-internacional-de-cine-documental-de-buenos-aires","status":"publish","type":"post","link":"https:\/\/radiofenix.com.ar\/2023\/comienza-el-12-festival-internacional-de-cine-documental-de-buenos-aires\/","title":{"rendered":"Comienza el 12\u00b0 Festival Internacional de Cine Documental de Buenos Aires"},"content":{"rendered":"<div>\n<p>El cine documental vuelve a vivir una de sus fiestas m\u00e1ximas en la ciudad, con el comienzo de la <b>12\u00b0 edici\u00f3n del Festival Internacional de Cine Documental de Buenos Aires (FIDBA), <\/b>un espacio que pone a dialogar las diferentes formas en que el cine retrata la realidad. Como cada a\u00f1o, el festival propone un recorrido a trav\u00e9s de una selecci\u00f3n de pel\u00edculas a partir de la cual, como si se tratara de un rompecabezas de espejos, es posible acceder a una colecci\u00f3n de miradas ajenas que ayudan a ver el mundo desde otras perspectivas.\u00a0<\/p>\n<p>Este a\u00f1o el FIDBA contar\u00e1 con<b> siete sedes,<\/b> distribuidas sobre el territorio porte\u00f1o (y alrededores). La lista incluye al Centro Cultural San Mart\u00edn (Sarmiento 1551), la sala Caras y Caretas (Sarmiento 2037), el CCK (Sarmiento 151), el Centro Cultural Borges (Viamonte 525), el Centro Cultural Conti (Libertador 8151), la sala Amigos del Bellas Artes (Figueroa Alcorta 2270) y el Cine York (Juan Bautista Alberdi 892, Vicente L\u00f3pez). Entre ellas se repartir\u00e1n las <b>proyecciones y actividades<\/b> que forman parte de la grilla del festival.<\/p>\n<p>El FIDBA tendr\u00e1 su funci\u00f3n de apertura <b>este martes a las 21 en la sala Caras y Caretas,<\/b> con la proyecci\u00f3n de la pel\u00edcula <i>A Queda do C\u00e9u<\/i>, de <b>Eryk Rocha y Gabriela Carneiro da Cunha, <\/b>estrenada en el mes de mayo dentro de la Quincena de los Realizadores, en Cannes<i> (ver aparte).<\/i> Esta funci\u00f3n representar\u00e1 la orden de largada para un programa que este a\u00f1o re\u00fane <b>m\u00e1s de 130 pel\u00edculas<\/b>, entre cortos y largometrajes, divididos en <b>siete competencias, focos, retrospectivas y funciones especiales. <\/b><\/p>\n<p>Adem\u00e1s, este a\u00f1o el festival contar\u00e1 con una grilla de <b>actividades paralelas<\/b> que incluyen, entre otros, el espacio <b>#LINK,<\/b> un \u00e1rea de industria para <b>impulsar la producci\u00f3n documental<\/b> en la Argentina y Am\u00e9rica latina. Y el<b> Campus FIDBA, <\/b>donde tendr\u00e1 lugar el encuentro \u00abEl M\u00e9todo Pampero\u00bb, en el que los cineastas Laura Citarella, Alejo Moguillansky, Mariano Llin\u00e1s y Agust\u00edn Mendilaharzu, miembros de la productora El Pampero, brindar\u00e1n una serie de <b>charlas <\/b>en las que expondr\u00e1n su particular m\u00e9todo de producci\u00f3n cinematogr\u00e1fica.<\/p>\n<p>Divididas a partir de un concepto <b>regional<\/b>, las competencias se reparten yendo del todo a las partes y discriminando entre secciones de largos y cortos. Bajo el nombre de <b>\u00d3rbita<\/b>, la competencia internacional es la m\u00e1s importante y en esta edici\u00f3n agrupa <b>16 pel\u00edculas, ocho largos y ocho cortos, <\/b>provenientes de todo el mundo. Todas cuentan con direcci\u00f3n de cineastas <b>independientes<\/b>, en muchos casos debutantes, y abarcan tem\u00e1ticas diversas y actuales. Entre ellas, las consecuencias de los conflictos que golpean <b>Medio Oriente, <\/b>el drama de las migraciones, el creciente lugar que las nuevas tecnolog\u00edas ocupan en la vida cotidiana o el retrato de las <b>comunidades del colectivo LGBT+, <\/b>entre otros. Dentro de la competencia de largometrajes se destacan <i>Far West<\/i>, del suizo <b>Pierre-Fran\u00e7ois Sauter,<\/b> estrenado en la competencia de Visions du R\u00e9el, el festival de cine documental m\u00e1s importante del mundo, y <i><i>D&#8217;Abdul \u00e0 Leila<\/i><\/i>, de <b>Albayaty Leila<\/b> (B\u00e9lgica) y <i><i>Avant Drag<\/i><\/i>, de <b>Fil Ieropoulos<\/b> (Grecia), que pasaron por el de Tesal\u00f3nica.<\/p>\n<p>Las competencias <b>Hemisferio<\/b>, por su parte, abarcan otros <b>16 t\u00edtulos<\/b> de producci\u00f3n iberoamericana, tambi\u00e9n repartidos de forma equitativa entre cortos y largos. Entre estos \u00faltimos, el que tuvo un recorrido m\u00e1s internacional m\u00e1s destacado es <i><i>Savanna and the Mountain<\/i><\/i>, del portugu\u00e9s <b>Paulo Carneiro, <\/b>relato h\u00edbrido que combina ficci\u00f3n y documental en torno a la industria del <b>litio<\/b>, que compiti\u00f3 por diversos premios en la \u00faltima edici\u00f3n del Festival de Cannes. <\/p>\n<div class=\"medium-insert-embeds\">\n<figure>\n<div class=\"medium-insert-embed\">\n<div align=\"center\">\n<figure role=\"group\" class=\"caption caption-div embedded-entity\"><figcaption>Savanna and the Mountain, de Paulo Carneiro.<\/figcaption><\/figure>\n<\/div>\n<\/div>\n<\/figure>\n<\/div>\n<p>En tanto, las secciones competitivas agrupadas bajo la denominaci\u00f3n <b>Austral <\/b>re\u00fanen a <b>15 cortos y 8 largos de producci\u00f3n nacional,<\/b> entre los que se registrar\u00e1n un total de 15 estrenos mundiales. El listado de largometrajes incluye los siguientes t\u00edtulos: <i><i>Apo &amp; Celia: Multipass<\/i><\/i>, de Sol Baldi; <i><i>Esperando al mar<\/i><\/i>, de Lucas Pe\u00f1afort y Fernando Gonz\u00e1lez; <i><i>Esto es Beit Sohour<\/i><\/i>, de Fernanda Chain Fuentes; <i><i>Habitar la sombra<\/i><\/i>, de C\u00e9sar Italiano; <i><i>Israel desnuda<\/i><\/i>, de In\u00e9s Moldavsky; <i><i>KM 5203<\/i><\/i>, de Patricia Eleanne Ortega; <i><i>Las Apariencias<\/i><\/i>, de Nicol\u00e1s Onischuk; y <i><i>Record\u00e1 esto<\/i><\/i>, de Mat\u00edas Capelli.<\/p>\n<p>La \u00faltima de las competencias recibe el nombre de <b>Cruz del Sur,<\/b> una <b>novedad <\/b>de esta 12\u00b0 edici\u00f3n del FIDBA. La misma incluye ocho trabajos procedentes de pa\u00edses de la zona Mercosur que abordan cuestiones vinculadas a los <b>derechos humanos.<\/b> Esta competencia cuenta con el auspicio del Instituto de Pol\u00edticas P\u00fablicas en Derechos Humanos del MERCOSUR y entre sus competidoras hay dos pel\u00edculas locales. Por un lado, la reci\u00e9n estrenada<i><i> Norita<\/i><\/i>, de<b> Jayson McNamara y Andrea Tortonese,<\/b> un retrato de <b>Nora Corti\u00f1as,<\/b> emblema de las Madres de Plaza de Mayo. Por el otro, <i><i>\u00c1lbum de familia<\/i><\/i>, de <b>Laura Casab\u00e9,<\/b> que tuvo su estreno mundial en el Festival de Toulouse, a\u00fan in\u00e9dita en nuestro pa\u00eds.<\/p>\n<p>Adem\u00e1s, este a\u00f1o el FIDBA le dedicar\u00e1 un foco al<b> cine colombiano contempor\u00e1neo,<\/b> del que forma parte un foco especial dedicado al cineasta y cr\u00edtico bogotano<b> Luis Ospina,<\/b> fallecido en 2019. Otro de los focos del festival homenajear\u00e1 la figura y la obra de uno de los cineastas m\u00e1s destacados (y prol\u00edficos) de la historia del cine latinoamericano: el chileno <b>Ra\u00fal Ruiz. <\/b>Realizado gracias a la colaboraci\u00f3n de la Cinemateca Nacional chilena, ah\u00ed se podr\u00e1n ver<b> cinco pel\u00edculas<\/b> de Ruiz, incluidas las cuatro que forman parte de su serie <i>Cofralandes<\/i>. Por \u00faltimo, tambi\u00e9n podr\u00e1 verse un ciclo dedicado a los<b> 35 a\u00f1os de la ca\u00edda del Muro de Berl\u00edn,<\/b> curado por Jana Wolff y realizado con el apoyo del Goethe-Institut y el DEFA Film Library.<\/p>\n<p><b>* <\/b><i>Para conocer m\u00e1s sobre la programaci\u00f3n, sedes y horarios, consultar la <a href=\"https:\/\/fidba.org\/2024\/\" target=\"_blank\" rel=\"noopener\">p\u00e1gina oficial<\/a>.\u00a0<\/i><\/p>\n<\/div>\n<p><a href=\"https:\/\/www.pagina12.com.ar\/771234-comienza-el-12-deg-festival-internacional-de-cine-documental\">source<\/a><\/p>\n","protected":false},"excerpt":{"rendered":"<p>El cine documental vuelve a vivir una de sus fiestas m\u00e1ximas en la ciudad, con&#8230;<\/p>\n","protected":false},"author":0,"featured_media":195290,"comment_status":"open","ping_status":"open","sticky":false,"template":"","format":"standard","meta":{"footnotes":""},"categories":[4],"tags":[],"class_list":["post-195289","post","type-post","status-publish","format-standard","has-post-thumbnail","hentry","category-espectaculos"],"featured_image_urls":{"full":["https:\/\/radiofenix.com.ar\/2023\/wp-content\/uploads\/wp-header-logo.png",0,0,false],"thumbnail":["https:\/\/radiofenix.com.ar\/2023\/wp-content\/uploads\/wp-header-logo.png",1,1,false],"medium":["https:\/\/radiofenix.com.ar\/2023\/wp-content\/uploads\/wp-header-logo.png",1,1,false],"medium_large":["https:\/\/radiofenix.com.ar\/2023\/wp-content\/uploads\/wp-header-logo.png",1,1,false],"large":["https:\/\/radiofenix.com.ar\/2023\/wp-content\/uploads\/wp-header-logo.png",1,1,false],"1536x1536":["https:\/\/radiofenix.com.ar\/2023\/wp-content\/uploads\/wp-header-logo.png",1,1,false],"2048x2048":["https:\/\/radiofenix.com.ar\/2023\/wp-content\/uploads\/wp-header-logo.png",1,1,false],"newsium-slider-full":["https:\/\/radiofenix.com.ar\/2023\/wp-content\/uploads\/wp-header-logo.png",1,1,false],"newsium-featured":["https:\/\/radiofenix.com.ar\/2023\/wp-content\/uploads\/wp-header-logo.png",1,1,false],"newsium-medium":["https:\/\/radiofenix.com.ar\/2023\/wp-content\/uploads\/wp-header-logo.png",1,1,false]},"author_info":{"info":[""]},"category_info":"<a href=\"https:\/\/radiofenix.com.ar\/2023\/category\/espectaculos\/\" rel=\"category tag\">Espectaculos<\/a>","tag_info":"Espectaculos","comment_count":"0","_links":{"self":[{"href":"https:\/\/radiofenix.com.ar\/2023\/wp-json\/wp\/v2\/posts\/195289","targetHints":{"allow":["GET"]}}],"collection":[{"href":"https:\/\/radiofenix.com.ar\/2023\/wp-json\/wp\/v2\/posts"}],"about":[{"href":"https:\/\/radiofenix.com.ar\/2023\/wp-json\/wp\/v2\/types\/post"}],"replies":[{"embeddable":true,"href":"https:\/\/radiofenix.com.ar\/2023\/wp-json\/wp\/v2\/comments?post=195289"}],"version-history":[{"count":0,"href":"https:\/\/radiofenix.com.ar\/2023\/wp-json\/wp\/v2\/posts\/195289\/revisions"}],"wp:featuredmedia":[{"embeddable":true,"href":"https:\/\/radiofenix.com.ar\/2023\/wp-json\/wp\/v2\/media\/195290"}],"wp:attachment":[{"href":"https:\/\/radiofenix.com.ar\/2023\/wp-json\/wp\/v2\/media?parent=195289"}],"wp:term":[{"taxonomy":"category","embeddable":true,"href":"https:\/\/radiofenix.com.ar\/2023\/wp-json\/wp\/v2\/categories?post=195289"},{"taxonomy":"post_tag","embeddable":true,"href":"https:\/\/radiofenix.com.ar\/2023\/wp-json\/wp\/v2\/tags?post=195289"}],"curies":[{"name":"wp","href":"https:\/\/api.w.org\/{rel}","templated":true}]}}