{"id":195309,"date":"2024-10-02T20:22:10","date_gmt":"2024-10-02T20:22:10","guid":{"rendered":"https:\/\/radiofenix.com.ar\/2023\/guerra-en-medio-oriente-al-menos-seis-muertos-en-jaffa\/"},"modified":"2024-10-02T20:22:10","modified_gmt":"2024-10-02T20:22:10","slug":"guerra-en-medio-oriente-al-menos-seis-muertos-en-jaffa","status":"publish","type":"post","link":"https:\/\/radiofenix.com.ar\/2023\/guerra-en-medio-oriente-al-menos-seis-muertos-en-jaffa\/","title":{"rendered":"Guerra en Medio Oriente: Al menos seis muertos en Jaffa"},"content":{"rendered":"<div>\n<p><a href=\"https:\/\/www.pagina12.com.ar\/771467-iran-ataca-israel-escala-el-conflicto-en-medio-oriente\">Mientras se acelera la crisis b\u00e9lica entre Israel, L\u00edbano e Ir\u00e1n<\/a>, la Polic\u00eda israel\u00ed inform\u00f3 un ataque de dos supuestos terroristas\u00a0en el barrio de Jaffa, cerca de la estaci\u00f3n de tranv\u00eda, al sur de Tel Aviv. <b>Tras el ataque, al menos, seis personas murieron y otras nueve han resultado heridas<\/b>.<\/p>\n<p>El portavoz de la Polic\u00eda israel\u00ed indic\u00f3 que \u00ablos terroristas\u00bb comenzaron su ataque en el tranv\u00eda y continuaron a pie por la calle Jerusal\u00e9n, hasta que fueron abatidos por agentes de polic\u00eda y civiles armados con pistolas. Seg\u00fan el portavoz policial, los asaltantes murieron. El comisionado de polic\u00eda R.N.C. Danny Levy se desplaz\u00f3 al lugar junto con el comando del distrito de Tel Aviv.<\/p>\n<div class=\"iframely-embed medium-embedded-content\" data-html=\"Jmx0O2RpdiZndDsmbHQ7ZGl2IHN0eWxlPSJsZWZ0OiAwOyB3aWR0aDogMTAwJTsgaGVpZ2h0OiAwOyBwb3NpdGlvbjogcmVsYXRpdmU7IHBhZGRpbmctYm90dG9tOiA1Ni4wNDE3JTsiJmd0OyZsdDtpZnJhbWUgc3JjPSIvL2Nkbi5pZnJhbWUubHkvYXBpL2lmcmFtZT9jbGlja190b19wbGF5PTEmYW1wO3VybD1odHRwcyUzQSUyRiUyRmdlby5kYWlseW1vdGlvbi5jb20lMkZwbGF5ZXIlMkZ4dDVlZS5odG1sJTNGdmlkZW8lM0R4OTZsZnVrJmFtcDtrZXk9Mjg0ZDZiNDkyOTM0NjY2Mjc0NTYzZTNlMWE2N2NhZGQiIHN0eWxlPSJ0b3A6IDA7IGxlZnQ6IDA7IHdpZHRoOiAxMDAlOyBoZWlnaHQ6IDEwMCU7IHBvc2l0aW9uOiBhYnNvbHV0ZTsgYm9yZGVyOiAwOyIgYWxsb3dmdWxsc2NyZWVuIHNjcm9sbGluZz0ibm8iIGFsbG93PSJlbmNyeXB0ZWQtbWVkaWEgKjsiJmd0OyZsdDsvaWZyYW1lJmd0OyZsdDsvZGl2Jmd0OyZsdDsvZGl2Jmd0OyZsdDtkaXYgY2xhc3M9Im1lZGl1bS1pbnNlcnQtZW1iZWRzLW1ldGEiJmd0OyZsdDtzY3JpcHQgdHlwZT0idGV4dC9qc29uIiZndDt7InVybCI6Imh0dHBzOi8vZ2VvLmRhaWx5bW90aW9uLmNvbS9wbGF5ZXIveHQ1ZWUuaHRtbD92aWRlbz14OTZsZnVrIiwidHlwZSI6InZpZGVvIiwidmVyc2lvbiI6IjEuMCIsInRpdGxlIjoiQWwgbWVub3Mgc2VpcyBtdWVydG9zIHkgbnVldmUgaGVyaWRvcyBlbiB1biBhdGFxdWUgdGVycm9yaXN0YSBlbiBUZWwgQXZpdiIsImF1dGhvciI6IlDDoWdpbmExMiIsImF1dGhvcl91cmwiOiJodHRwczovL3d3dy5kYWlseW1vdGlvbi5jb20vUGFnaW5hMTIiLCJwcm92aWRlcl9uYW1lIjoiRGFpbHltb3Rpb24iLCJkZXNjcmlwdGlvbiI6IkFsIG1lbm9zIHNlaXMgcGVyc29uYXMgaGFuIG11ZXJ0byBlc3RlIG1hcnRlcyB5IG90cmFzIG51ZXZlIGhhbiByZXN1bHRhZG8gaGVyaWRhcyBlbiB1biBhdGFxdWUgY29uIGFybWFzIGRlIGZ1ZWdvIHkgYXJtYSBibGFuY2EgcmVhbGl6YWRvIHBvciBkb3Mgc3VwdWVzdG9zIHRlcnJvcmlzdGFzIGVuIGVsIGJhcnJpbyBkZSBKYWZmYSwgY2VyY2EgZGUgbGEgZXN0YWNpw7NuIGRlIHRyYW52w61hLCBhbCBzdXIgZGUgVGVsIEF2aXYsIGluZm9ybcOzIHVuIHBvcnRhdm96IGRlIGxhIFBvbGljw61hIGlzcmFlbMOtLiIsInRodW1ibmFpbF91cmwiOiJodHRwczovL3MyLmRtY2RuLm5ldC92L1g2Q3J5MWNfNWpxUU0zeDVwL3gyNDAiLCJ0aHVtYm5haWxfd2lkdGgiOjQyNywidGh1bWJuYWlsX2hlaWdodCI6MjQwLCJjYWNoZV9hZ2UiOjg2NDAwfSZsdDsvc2NyaXB0Jmd0OyZsdDsvZGl2Jmd0Ow==\">\n<a data-iframely-url=\"\" href=\"https:\/\/geo.dailymotion.com\/player\/xt5ee.html?video=x96lfuk\">https:\/\/geo.dailymotion.com\/player\/xt5ee.html?video=x96lfuk<\/a>\n<\/div>\n<p>El supuesto ataque terrorista se produjo minutos antes de que saltaran las alarmas en Israel por el ataque con misiles desde Ir\u00e1n, que ha llevado a las autoridades israel\u00edes a llamar a la poblaci\u00f3n a refugiarse en b\u00fankeres para protegerse de la acci\u00f3n militar.<\/p>\n<p>M\u00e1s temprano, el Ej\u00e9rcito israel\u00ed hab\u00eda anunciado nuevas restricciones a la poblaci\u00f3n civil en amplias zonas del centro del pa\u00eds, incluidas las ciudades de Tel Aviv y Jerusal\u00e9n, en plena escalada de los enfrentamientos con el grupo liban\u00e9s Hizbul\u00e1.<\/p>\n<p>Entre otras medidas, se prohibieron las reuniones de m\u00e1s de 30 personas en exteriores y 300 en interiores, y los colegios y lugares de trabajo solo podr\u00e1n permanecer abiertos si cuentan con un refugio antia\u00e9reo cercano.<\/p>\n<p>La noticia llega despu\u00e9s de que un cohete lanzado por Hizbul\u00e1 impactase contra una carretera cercana a Tel Aviv, sin causar muertos, y cuando Israel asegura estar llevando a cabo \u00abincursiones limitadas\u00bb en el sur de L\u00edbano contra Hizbul\u00e1.<\/p>\n<\/div>\n<p><a href=\"https:\/\/www.pagina12.com.ar\/771517-guerra-en-medio-oriente-al-menos-seis-muertos-en-jaffa\">source<\/a><\/p>\n","protected":false},"excerpt":{"rendered":"<p>Mientras se acelera la crisis b\u00e9lica entre Israel, L\u00edbano e Ir\u00e1n, la Polic\u00eda israel\u00ed inform\u00f3&#8230;<\/p>\n","protected":false},"author":0,"featured_media":195310,"comment_status":"open","ping_status":"open","sticky":false,"template":"","format":"standard","meta":{"footnotes":""},"categories":[60],"tags":[],"class_list":["post-195309","post","type-post","status-publish","format-standard","has-post-thumbnail","hentry","category-internacional"],"featured_image_urls":{"full":["https:\/\/radiofenix.com.ar\/2023\/wp-content\/uploads\/wp-header-logo.png",0,0,false],"thumbnail":["https:\/\/radiofenix.com.ar\/2023\/wp-content\/uploads\/wp-header-logo.png",1,1,false],"medium":["https:\/\/radiofenix.com.ar\/2023\/wp-content\/uploads\/wp-header-logo.png",1,1,false],"medium_large":["https:\/\/radiofenix.com.ar\/2023\/wp-content\/uploads\/wp-header-logo.png",1,1,false],"large":["https:\/\/radiofenix.com.ar\/2023\/wp-content\/uploads\/wp-header-logo.png",1,1,false],"1536x1536":["https:\/\/radiofenix.com.ar\/2023\/wp-content\/uploads\/wp-header-logo.png",1,1,false],"2048x2048":["https:\/\/radiofenix.com.ar\/2023\/wp-content\/uploads\/wp-header-logo.png",1,1,false],"newsium-slider-full":["https:\/\/radiofenix.com.ar\/2023\/wp-content\/uploads\/wp-header-logo.png",1,1,false],"newsium-featured":["https:\/\/radiofenix.com.ar\/2023\/wp-content\/uploads\/wp-header-logo.png",1,1,false],"newsium-medium":["https:\/\/radiofenix.com.ar\/2023\/wp-content\/uploads\/wp-header-logo.png",1,1,false]},"author_info":{"info":[""]},"category_info":"<a href=\"https:\/\/radiofenix.com.ar\/2023\/category\/internacional\/\" rel=\"category tag\">Internacional<\/a>","tag_info":"Internacional","comment_count":"0","_links":{"self":[{"href":"https:\/\/radiofenix.com.ar\/2023\/wp-json\/wp\/v2\/posts\/195309","targetHints":{"allow":["GET"]}}],"collection":[{"href":"https:\/\/radiofenix.com.ar\/2023\/wp-json\/wp\/v2\/posts"}],"about":[{"href":"https:\/\/radiofenix.com.ar\/2023\/wp-json\/wp\/v2\/types\/post"}],"replies":[{"embeddable":true,"href":"https:\/\/radiofenix.com.ar\/2023\/wp-json\/wp\/v2\/comments?post=195309"}],"version-history":[{"count":0,"href":"https:\/\/radiofenix.com.ar\/2023\/wp-json\/wp\/v2\/posts\/195309\/revisions"}],"wp:featuredmedia":[{"embeddable":true,"href":"https:\/\/radiofenix.com.ar\/2023\/wp-json\/wp\/v2\/media\/195310"}],"wp:attachment":[{"href":"https:\/\/radiofenix.com.ar\/2023\/wp-json\/wp\/v2\/media?parent=195309"}],"wp:term":[{"taxonomy":"category","embeddable":true,"href":"https:\/\/radiofenix.com.ar\/2023\/wp-json\/wp\/v2\/categories?post=195309"},{"taxonomy":"post_tag","embeddable":true,"href":"https:\/\/radiofenix.com.ar\/2023\/wp-json\/wp\/v2\/tags?post=195309"}],"curies":[{"name":"wp","href":"https:\/\/api.w.org\/{rel}","templated":true}]}}