{"id":195335,"date":"2024-10-04T08:57:29","date_gmt":"2024-10-04T08:57:29","guid":{"rendered":"https:\/\/radiofenix.com.ar\/2023\/la-reaccion-de-javier-milei-a-la-masiva-marcha-federal-universitaria\/"},"modified":"2024-10-04T08:57:29","modified_gmt":"2024-10-04T08:57:29","slug":"la-reaccion-de-javier-milei-a-la-masiva-marcha-federal-universitaria","status":"publish","type":"post","link":"https:\/\/radiofenix.com.ar\/2023\/la-reaccion-de-javier-milei-a-la-masiva-marcha-federal-universitaria\/","title":{"rendered":"La reacci\u00f3n de Javier Milei a la masiva Marcha Federal Universitaria"},"content":{"rendered":"<div id=\"\">\n<p>De esta manera, frente a la amenaza del libertario de <strong>vetar la norma sancionada el 13 de septiembre \u00faltimo<\/strong>, las organizaciones que integran la comunidad universitaria se movilizaron al <strong>Congreso<\/strong> tras los<strong> paros del 26 y 27 de este mes<\/strong>.<\/p>\n<p>Al respecto, si bien hasta el momento no hizo ninguna declaraci\u00f3n o posteo oficial sobre la marcha, el mandatario se encarg\u00f3 de compartir todo tipo de contenido difundido por trolls y militantes. <strong>\u00abLos tolerantes, los democr\u00e1ticos\u00bb<\/strong>, escribi\u00f3 al retuitear a <strong>Agust\u00edn Romo<\/strong> denunciando una agresi\u00f3n a un youtuber libertario que estuvo en la movilizaci\u00f3n.<\/p>\n<div contenteditable=\"false\" class=\"embed_cont type_freetext\" rel=\"freetext\" id=\"embed9491_wrap\" data-provider=\"Twitter\">\n<p>Embed &#8211; https:\/\/publish.twitter.com\/oembed?url=https:\/\/x.com\/JMilei\/status\/1841603219828703671&amp;partner=&amp;hide_thread=false<span onclick=\"parent.parent.TinyMCETdcuerpo.preview_embed('embed9491')\" class=\"embed_colapse less\" id=\"embed9491_colapse\"\/><span onclick=\"parent.parent.TinyMCETdcuerpo.delete_embed('embed9491')\" class=\"embed_delete less\" id=\"embed9491_delete\"\/><\/p>\n<\/p><\/div>\n<p>El Presidente tambi\u00e9n aval\u00f3 a uno de sus seguidores que dijo que esta fue <strong>\u00abuna marcha golpista\u00bb<\/strong>, argumentado en que asistieron <strong>Cristina Kirchner, Sergio Massa y Mart\u00edn Lousteau<\/strong>.<\/p>\n<p>No pod\u00edan faltar las fake news. En este sentido, el mandatario difundi\u00f3 una publicaci\u00f3n de La Derecha Diario denunciando a un supuesto militante kirchnerista con piedras, pese a que no hubo ning\u00fan tipo de incidentes. <\/p>\n<div contenteditable=\"false\" class=\"embed_cont type_freetext\" rel=\"freetext\" id=\"embed5530_wrap\" data-provider=\"Twitter\">\n<p>Embed &#8211; https:\/\/publish.twitter.com\/oembed?url=https:\/\/x.com\/laderechadiario\/status\/1841582120956743696&amp;partner=&amp;hide_thread=false<span onclick=\"parent.parent.TinyMCETdcuerpo.preview_embed('embed5530')\" class=\"embed_colapse less\" id=\"embed5530_colapse\"\/><span onclick=\"parent.parent.TinyMCETdcuerpo.delete_embed('embed5530')\" class=\"embed_delete less\" id=\"embed5530_delete\"\/><\/p>\n<\/p><\/div>\n<p>Milei tambi\u00e9n comparti\u00f3 un mensaje bastante repetido por sus seguidores, para intentar bajarle el precio a la presencia de Massa, al que acusaron de doble moral por defender la universidad p\u00fablica tras haberse recibido en una p\u00fablica. Vale recordar que el mandatario es egresado de la UBA, a la que ahora desfinancia.<\/p>\n<div contenteditable=\"false\" class=\"embed_cont type_imagen\" id=\"7988479-Libre-1357441764_wrap\">\n<p> milei_retuit.jpg <span onclick=\"parent.parent.TinyMCETdcuerpo.preview_embed('7988479-Libre-1357441764')\" class=\"embed_colapse less\" id=\"7988479-Libre-1357441764_colapse\"\/>  <span onclick=\"parent.parent.TinyMCETdcuerpo.delete_embed('7988479-Libre-1357441764')\" class=\"embed_delete less\" id=\"7988479-Libre-1357441764_delete\"\/><\/p>\n<div id=\"7988479-Libre-1357441764_content\" class=\"embed_content\"><img decoding=\"async\" src=\"https:\/\/media.minutouno.com\/p\/27c9cc595980045f388d650dea865d16\/adjuntos\/150\/imagenes\/041\/857\/0041857281\/610x0\/smart\/milei_retuitjpg.jpg\" alt=\"\" title=\"\" width=\"610\" height=\"undefined\" id=\"7988479-Libre-1357441764_embed\"\/><\/div>\n<\/p><\/div>\n<div contenteditable=\"false\" class=\"embed_cont type_freetext\" rel=\"freetext\" id=\"embed92_wrap\">\n<p> Embed <span onclick=\"parent.parent.TinyMCETdcuerpo.preview_embed('embed92')\" class=\"embed_colapse less\" id=\"embed92_colapse\"\/>  <span onclick=\"parent.parent.TinyMCETdcuerpo.delete_embed('embed92')\" class=\"embed_delete less\" id=\"embed92_delete\"\/><\/p>\n<div id=\"embed92_content\" class=\"embed_content\">\n<div id=\"embed92_embed\">\n<figure class=\"figure\"><a href=\"https:\/\/t.me\/minutounocom\" target=\"_blank\" rel=\"noopener\"><img decoding=\"async\" src=\"https:\/\/media.minutouno.com\/adjuntos\/150\/banners\/039\/099\/0039099175.jpg\" class=\"figure-img img-fluid\" style=\"width:100%;height:auto;\"\/><\/a><\/figure>\n<\/div>\n<\/div><\/div>\n<\/div>\n<p><script async src=\"\/\/platform.twitter.com\/widgets.js\" charset=\"utf-8\"><\/script><br \/><a href=\"https:\/\/www.minutouno.com\/politica\/la-reaccion-javier-milei-la-masiva-marcha-federal-universitaria-n6066408\">source<\/a><\/p>\n","protected":false},"excerpt":{"rendered":"<p>De esta manera, frente a la amenaza del libertario de vetar la norma sancionada el&#8230;<\/p>\n","protected":false},"author":0,"featured_media":195336,"comment_status":"open","ping_status":"open","sticky":false,"template":"","format":"standard","meta":{"footnotes":""},"categories":[2],"tags":[],"class_list":["post-195335","post","type-post","status-publish","format-standard","has-post-thumbnail","hentry","category-politica"],"featured_image_urls":{"full":["https:\/\/radiofenix.com.ar\/2023\/wp-content\/uploads\/wp-header-logo.png",0,0,false],"thumbnail":["https:\/\/radiofenix.com.ar\/2023\/wp-content\/uploads\/wp-header-logo.png",1,1,false],"medium":["https:\/\/radiofenix.com.ar\/2023\/wp-content\/uploads\/wp-header-logo.png",1,1,false],"medium_large":["https:\/\/radiofenix.com.ar\/2023\/wp-content\/uploads\/wp-header-logo.png",1,1,false],"large":["https:\/\/radiofenix.com.ar\/2023\/wp-content\/uploads\/wp-header-logo.png",1,1,false],"1536x1536":["https:\/\/radiofenix.com.ar\/2023\/wp-content\/uploads\/wp-header-logo.png",1,1,false],"2048x2048":["https:\/\/radiofenix.com.ar\/2023\/wp-content\/uploads\/wp-header-logo.png",1,1,false],"newsium-slider-full":["https:\/\/radiofenix.com.ar\/2023\/wp-content\/uploads\/wp-header-logo.png",1,1,false],"newsium-featured":["https:\/\/radiofenix.com.ar\/2023\/wp-content\/uploads\/wp-header-logo.png",1,1,false],"newsium-medium":["https:\/\/radiofenix.com.ar\/2023\/wp-content\/uploads\/wp-header-logo.png",1,1,false]},"author_info":{"info":[""]},"category_info":"<a href=\"https:\/\/radiofenix.com.ar\/2023\/category\/politica\/\" rel=\"category tag\">Pol\u00edtica<\/a>","tag_info":"Pol\u00edtica","comment_count":"0","_links":{"self":[{"href":"https:\/\/radiofenix.com.ar\/2023\/wp-json\/wp\/v2\/posts\/195335","targetHints":{"allow":["GET"]}}],"collection":[{"href":"https:\/\/radiofenix.com.ar\/2023\/wp-json\/wp\/v2\/posts"}],"about":[{"href":"https:\/\/radiofenix.com.ar\/2023\/wp-json\/wp\/v2\/types\/post"}],"replies":[{"embeddable":true,"href":"https:\/\/radiofenix.com.ar\/2023\/wp-json\/wp\/v2\/comments?post=195335"}],"version-history":[{"count":0,"href":"https:\/\/radiofenix.com.ar\/2023\/wp-json\/wp\/v2\/posts\/195335\/revisions"}],"wp:featuredmedia":[{"embeddable":true,"href":"https:\/\/radiofenix.com.ar\/2023\/wp-json\/wp\/v2\/media\/195336"}],"wp:attachment":[{"href":"https:\/\/radiofenix.com.ar\/2023\/wp-json\/wp\/v2\/media?parent=195335"}],"wp:term":[{"taxonomy":"category","embeddable":true,"href":"https:\/\/radiofenix.com.ar\/2023\/wp-json\/wp\/v2\/categories?post=195335"},{"taxonomy":"post_tag","embeddable":true,"href":"https:\/\/radiofenix.com.ar\/2023\/wp-json\/wp\/v2\/tags?post=195335"}],"curies":[{"name":"wp","href":"https:\/\/api.w.org\/{rel}","templated":true}]}}