{"id":195341,"date":"2024-10-05T08:57:58","date_gmt":"2024-10-05T08:57:58","guid":{"rendered":"https:\/\/radiofenix.com.ar\/2023\/es-inhumano-atreverse-a-esto\/"},"modified":"2024-10-05T08:57:58","modified_gmt":"2024-10-05T08:57:58","slug":"es-inhumano-atreverse-a-esto","status":"publish","type":"post","link":"https:\/\/radiofenix.com.ar\/2023\/es-inhumano-atreverse-a-esto\/","title":{"rendered":"&quot;Es inhumano atreverse a esto&quot;"},"content":{"rendered":"<div>\n<p>Diversos organismos de derechos humanos defendieron la continuidad del Hospital Laura Bonaparte: \u00abSolo un gobierno negacionista, inhumano y perverso, que ejerce el poder con autoritarismo y crueldad, puede atreverse a una decisi\u00f3n en este sentido, en tiempos en que la atenci\u00f3n de la salud mental en nuestro pa\u00eds resulta prioritaria, a partir del aumento exponencial de padecimientos ps\u00edquicos, consecuencia del estado de vulnerabilidad al que el mismo gobierno est\u00e1 llevando a su poblaci\u00f3n, debido a sus medidas pol\u00edticas, econ\u00f3micas y sociales\u00bb indicaron.\u00a0<\/p>\n<p>El comunicado resalta la necesidad de \u00ablevantar la voz ante este nuevo atropello a los derechos humanos, como implica el cierre de un hospital p\u00fablico, y en este caso, una instituci\u00f3n con recursos humanos de excelencia, como no puede ser de otra manera llevando el nombre de nuestra querida Laura Bonaparte, Madre de Plaza de Mayo L\u00ednea Fundadora, psic\u00f3loga, feminista, militante incansable de la salud y los DDHH. Abrazamos solidariamente a todos los trabajadores del hospital y convocamos a las organizaciones sociales, pol\u00edticas, sindicatos, y a la comunidad toda, a apoyar esta lucha en defensa del hospital y de la salud p\u00fablica\u00bb.<\/p>\n<p>Este comunicado conjunto fue firmado por Madres de Plaza de Mayo-L\u00ednea Fundadora, Familiares de Desaparecidos y Detenidos por Razones Pol\u00edticas., H.I.J.O.S. Capital, Asamblea Permanente por los Derechos Humanos, Asociaci\u00f3n Buena Memoria, Comisi\u00f3n Memoria, Verdad y Justicia Zona Norte, Familiares y Compa\u00f1eros de los 12 de la Santa Cruz, Fundaci\u00f3n Memoria Hist\u00f3rica y Social Argentina y el Movimiento Ecum\u00e9nico por los Derechos Humanos.<\/p>\n<\/div>\n<p><a href=\"https:\/\/www.pagina12.com.ar\/772603-es-inhumano-atreverse-a-esto\">source<\/a><\/p>\n","protected":false},"excerpt":{"rendered":"<p>Diversos organismos de derechos humanos defendieron la continuidad del Hospital Laura Bonaparte: \u00abSolo un gobierno&#8230;<\/p>\n","protected":false},"author":0,"featured_media":195342,"comment_status":"open","ping_status":"open","sticky":false,"template":"","format":"standard","meta":{"footnotes":""},"categories":[7],"tags":[],"class_list":["post-195341","post","type-post","status-publish","format-standard","has-post-thumbnail","hentry","category-sociedad"],"featured_image_urls":{"full":["https:\/\/radiofenix.com.ar\/2023\/wp-content\/uploads\/wp-header-logo.png",0,0,false],"thumbnail":["https:\/\/radiofenix.com.ar\/2023\/wp-content\/uploads\/wp-header-logo.png",1,1,false],"medium":["https:\/\/radiofenix.com.ar\/2023\/wp-content\/uploads\/wp-header-logo.png",1,1,false],"medium_large":["https:\/\/radiofenix.com.ar\/2023\/wp-content\/uploads\/wp-header-logo.png",1,1,false],"large":["https:\/\/radiofenix.com.ar\/2023\/wp-content\/uploads\/wp-header-logo.png",1,1,false],"1536x1536":["https:\/\/radiofenix.com.ar\/2023\/wp-content\/uploads\/wp-header-logo.png",1,1,false],"2048x2048":["https:\/\/radiofenix.com.ar\/2023\/wp-content\/uploads\/wp-header-logo.png",1,1,false],"newsium-slider-full":["https:\/\/radiofenix.com.ar\/2023\/wp-content\/uploads\/wp-header-logo.png",1,1,false],"newsium-featured":["https:\/\/radiofenix.com.ar\/2023\/wp-content\/uploads\/wp-header-logo.png",1,1,false],"newsium-medium":["https:\/\/radiofenix.com.ar\/2023\/wp-content\/uploads\/wp-header-logo.png",1,1,false]},"author_info":{"info":[""]},"category_info":"<a href=\"https:\/\/radiofenix.com.ar\/2023\/category\/sociedad\/\" rel=\"category tag\">Sociedad<\/a>","tag_info":"Sociedad","comment_count":"0","_links":{"self":[{"href":"https:\/\/radiofenix.com.ar\/2023\/wp-json\/wp\/v2\/posts\/195341","targetHints":{"allow":["GET"]}}],"collection":[{"href":"https:\/\/radiofenix.com.ar\/2023\/wp-json\/wp\/v2\/posts"}],"about":[{"href":"https:\/\/radiofenix.com.ar\/2023\/wp-json\/wp\/v2\/types\/post"}],"replies":[{"embeddable":true,"href":"https:\/\/radiofenix.com.ar\/2023\/wp-json\/wp\/v2\/comments?post=195341"}],"version-history":[{"count":0,"href":"https:\/\/radiofenix.com.ar\/2023\/wp-json\/wp\/v2\/posts\/195341\/revisions"}],"wp:featuredmedia":[{"embeddable":true,"href":"https:\/\/radiofenix.com.ar\/2023\/wp-json\/wp\/v2\/media\/195342"}],"wp:attachment":[{"href":"https:\/\/radiofenix.com.ar\/2023\/wp-json\/wp\/v2\/media?parent=195341"}],"wp:term":[{"taxonomy":"category","embeddable":true,"href":"https:\/\/radiofenix.com.ar\/2023\/wp-json\/wp\/v2\/categories?post=195341"},{"taxonomy":"post_tag","embeddable":true,"href":"https:\/\/radiofenix.com.ar\/2023\/wp-json\/wp\/v2\/tags?post=195341"}],"curies":[{"name":"wp","href":"https:\/\/api.w.org\/{rel}","templated":true}]}}