{"id":195401,"date":"2024-10-09T08:57:25","date_gmt":"2024-10-09T08:57:25","guid":{"rendered":"https:\/\/radiofenix.com.ar\/2023\/cordoba-seis-policias-tras-las-rejas-por-quedarse-con-droga-que-incautaban\/"},"modified":"2024-10-09T08:57:25","modified_gmt":"2024-10-09T08:57:25","slug":"cordoba-seis-policias-tras-las-rejas-por-quedarse-con-droga-que-incautaban","status":"publish","type":"post","link":"https:\/\/radiofenix.com.ar\/2023\/cordoba-seis-policias-tras-las-rejas-por-quedarse-con-droga-que-incautaban\/","title":{"rendered":"C\u00f3rdoba: seis polic\u00edas tras las rejas por quedarse con droga que incautaban"},"content":{"rendered":"<div>\n<p>Seis integrantes de la <b>Fuerza Policial Antinarcotr\u00e1fico <\/b>(FPA) de C\u00f3rdoba fueron arrestados al ser acusados de integrar una \u201casociaci\u00f3n il\u00edcita\u201d que<b> se apropiaba de droga decomisada.<\/b><\/p>\n<p>Entre los detenidos, hay tres oficiales y el jefe de la brigada de Cruz del Eje, mientras que los otros dos son el subjefe y un agente de De\u00e1n Funes. En tanto, no se descarta que se realicen nuevas detenciones.<\/p>\n<p>La denuncia fue realizada por el jefe de la FPA, Adri\u00e1n Salcedo, cuando <b>descubri\u00f3 una diferencia entre la declaraci\u00f3n del cargamento decomisado y el entregado<\/b> en el Tribunal Superior de Justicia.<\/p>\n<p>En tanto, los arrestos fueron confirmados por el fiscal Juan Pablo Klinger y las sospechas apuntan a que los agentes estar\u00edan<b> involucrados en una red que se quedaba con droga confiscada durante los operativos judiciales.<\/b><\/p>\n<p>Seg\u00fan consign\u00f3 el diario <i>La Voz<\/i>, en la auditor\u00eda de la FPA se encontr\u00f3 que <b>hab\u00eda un faltante de 158 gramos de marihuana y 357 gramos de coca\u00edna<\/b> entre lo que se declar\u00f3 como secuestrado y lo que se entreg\u00f3 luego en el Tribunal Superior de Justicia. Estos estupefacientes hab\u00edan sido decomisados en diciembre de 2023.<\/p>\n<p>Como parte de la investigaci\u00f3n, hubo <b>12 allanamientos <\/b>en las ciudades de Cruz del Eje, Villa de Mar\u00eda de R\u00edo Seco, De\u00e1n Funes, Cosqu\u00edn y en la localidad San Marcos Sierra.<\/p>\n<p>En un comunicado, la fiscal\u00eda detall\u00f3: \u201cEl minucioso an\u00e1lisis de toda la evidencia recabada ha permitido concluir que <b>nos encontramos frente actividades il\u00edcitas cometidas por integrantes de dos brigadas de la FPA <\/b>(Cruz del Eje y De\u00e1n Funes), en el ejercicio de sus funciones (con intervenci\u00f3n de particulares) en distintas sedes y per\u00edodos de tiempo\u201d.<\/p>\n<p>Los detenidos, seg\u00fan el reporte, \u201chabr\u00edan participado en la comisi\u00f3n de un hecho calificado legalmente como asociaci\u00f3n il\u00edcita, en calidad de miembros; sumado que tambi\u00e9n se advierten motivos bastantes para sospechar que dos de ellos, habr\u00edan participado en un hecho calificado legalmente como <b>entrega de estupefacientes agravado por la calidad de funcionario p\u00fablico\u201d.<\/b><\/p>\n<p>Adem\u00e1s, el fiscal se\u00f1al\u00f3 que es posible que esta irregularidad haya sido descubierta por otros funcionarios en 2023 y no hicieron la denuncia. En tanto,\u00a0<b>no se descarta que se realicen nuevas detenciones<\/b>, lo que podr\u00eda incluir a dos civiles, acusados de tener v\u00ednculos en la acci\u00f3n delictiva con los involucrados y con un funcionario municipal, indic\u00f3 el sitio de <i>Cadena 3<\/i>.<\/p>\n<p>Los detenidos son el detective principal N\u00e9stor M\u00e1rquez, jefe de la brigada de Cruz del Eje; Sergio Ruiz, subjefe de De\u00e1n Funes; Eduardo Ruiz, Luis Benav\u00eddez, Isidro Rivero y Ra\u00fal Moreno.<\/p>\n<p>Sergio y Eduardo Ruiz son hermanos de la secretaria privada del fiscal general de la provincia, Juan Manuel Delgado, aunque no ella estar\u00eda implicada en el caso.<\/p>\n<p>Seg\u00fan el Ministerio P\u00fablico Fiscal de C\u00f3rdoba, <b>la FPA \u201ces un cuerpo profesional especializado que integra el Sistema Provincial de Seguridad P\u00fablica y ejerce su actuaci\u00f3n como auxiliar y colaborador del Fuero de Lucha contra el Narcotr\u00e1fico\u201d.<\/b><\/p>\n<p>El cuerpo, creado en mayo de 2015, \u201ctiene a su cargo la prevenci\u00f3n y la investigaci\u00f3n del \u00faltimo eslab\u00f3n del narcotr\u00e1fico, con especial enfoque en el combate a la comercializaci\u00f3n de estupefacientes a baja escala, conocido como &#8216;narcomenudeo&#8217;\u201d<\/p>\n<p> La estructura policial est\u00e1 dentro de la \u00f3rbita del Ministerio P\u00fablico Fiscal (Poder Judicial) y depende del Fiscal General de la Provincia.<\/p>\n<\/div>\n<p><a href=\"https:\/\/www.pagina12.com.ar\/773290-cordoba-seis-policias-tras-las-rejas-por-quedarse-con-droga-\">source<\/a><\/p>\n","protected":false},"excerpt":{"rendered":"<p>Seis integrantes de la Fuerza Policial Antinarcotr\u00e1fico (FPA) de C\u00f3rdoba fueron arrestados al ser acusados&#8230;<\/p>\n","protected":false},"author":0,"featured_media":195402,"comment_status":"open","ping_status":"open","sticky":false,"template":"","format":"standard","meta":{"footnotes":""},"categories":[7],"tags":[],"class_list":["post-195401","post","type-post","status-publish","format-standard","has-post-thumbnail","hentry","category-sociedad"],"featured_image_urls":{"full":["https:\/\/radiofenix.com.ar\/2023\/wp-content\/uploads\/wp-header-logo.png",0,0,false],"thumbnail":["https:\/\/radiofenix.com.ar\/2023\/wp-content\/uploads\/wp-header-logo.png",1,1,false],"medium":["https:\/\/radiofenix.com.ar\/2023\/wp-content\/uploads\/wp-header-logo.png",1,1,false],"medium_large":["https:\/\/radiofenix.com.ar\/2023\/wp-content\/uploads\/wp-header-logo.png",1,1,false],"large":["https:\/\/radiofenix.com.ar\/2023\/wp-content\/uploads\/wp-header-logo.png",1,1,false],"1536x1536":["https:\/\/radiofenix.com.ar\/2023\/wp-content\/uploads\/wp-header-logo.png",1,1,false],"2048x2048":["https:\/\/radiofenix.com.ar\/2023\/wp-content\/uploads\/wp-header-logo.png",1,1,false],"newsium-slider-full":["https:\/\/radiofenix.com.ar\/2023\/wp-content\/uploads\/wp-header-logo.png",1,1,false],"newsium-featured":["https:\/\/radiofenix.com.ar\/2023\/wp-content\/uploads\/wp-header-logo.png",1,1,false],"newsium-medium":["https:\/\/radiofenix.com.ar\/2023\/wp-content\/uploads\/wp-header-logo.png",1,1,false]},"author_info":{"info":[""]},"category_info":"<a href=\"https:\/\/radiofenix.com.ar\/2023\/category\/sociedad\/\" rel=\"category tag\">Sociedad<\/a>","tag_info":"Sociedad","comment_count":"0","_links":{"self":[{"href":"https:\/\/radiofenix.com.ar\/2023\/wp-json\/wp\/v2\/posts\/195401","targetHints":{"allow":["GET"]}}],"collection":[{"href":"https:\/\/radiofenix.com.ar\/2023\/wp-json\/wp\/v2\/posts"}],"about":[{"href":"https:\/\/radiofenix.com.ar\/2023\/wp-json\/wp\/v2\/types\/post"}],"replies":[{"embeddable":true,"href":"https:\/\/radiofenix.com.ar\/2023\/wp-json\/wp\/v2\/comments?post=195401"}],"version-history":[{"count":0,"href":"https:\/\/radiofenix.com.ar\/2023\/wp-json\/wp\/v2\/posts\/195401\/revisions"}],"wp:featuredmedia":[{"embeddable":true,"href":"https:\/\/radiofenix.com.ar\/2023\/wp-json\/wp\/v2\/media\/195402"}],"wp:attachment":[{"href":"https:\/\/radiofenix.com.ar\/2023\/wp-json\/wp\/v2\/media?parent=195401"}],"wp:term":[{"taxonomy":"category","embeddable":true,"href":"https:\/\/radiofenix.com.ar\/2023\/wp-json\/wp\/v2\/categories?post=195401"},{"taxonomy":"post_tag","embeddable":true,"href":"https:\/\/radiofenix.com.ar\/2023\/wp-json\/wp\/v2\/tags?post=195401"}],"curies":[{"name":"wp","href":"https:\/\/api.w.org\/{rel}","templated":true}]}}