{"id":195407,"date":"2024-10-09T08:57:29","date_gmt":"2024-10-09T08:57:29","guid":{"rendered":"https:\/\/radiofenix.com.ar\/2023\/causa-contra-alberto-fernandez-fabiola-yanez-todavia-no-le-entrego-su-celular-a-la-justicia\/"},"modified":"2024-10-09T08:57:29","modified_gmt":"2024-10-09T08:57:29","slug":"causa-contra-alberto-fernandez-fabiola-yanez-todavia-no-le-entrego-su-celular-a-la-justicia","status":"publish","type":"post","link":"https:\/\/radiofenix.com.ar\/2023\/causa-contra-alberto-fernandez-fabiola-yanez-todavia-no-le-entrego-su-celular-a-la-justicia\/","title":{"rendered":"Causa contra Alberto Fern\u00e1ndez: Fabiola Y\u00e1\u00f1ez todav\u00eda no le entreg\u00f3 su celular a la Justicia"},"content":{"rendered":"<div id=\"note-body\">\n<p>A pesar de la orden del fiscal Ramiro Gonz\u00e1lez, <strong>Fabiola Y\u00e1\u00f1ez todav\u00eda no le entreg\u00f3 a la Justicia de Espa\u00f1a -el pa\u00eds donde reside- para que los peritos realicen una copia forense<\/strong> que pueda investigarse e incorporarse a la causa por violencia de g\u00e9nero que la otrora primera dama le inici\u00f3 a su expareja Alberto Fern\u00e1ndez.<\/p>\n<\/div>\n<p><a href=\"https:\/\/www.minutouno.com\/politica\/causa-contra-alberto-fernandez-fabiola-yanez-todavia-no-le-entrego-su-celular-la-justicia-n6068351\">source<\/a><\/p>\n","protected":false},"excerpt":{"rendered":"<p>A pesar de la orden del fiscal Ramiro Gonz\u00e1lez, Fabiola Y\u00e1\u00f1ez todav\u00eda no le entreg\u00f3&#8230;<\/p>\n","protected":false},"author":0,"featured_media":195408,"comment_status":"open","ping_status":"open","sticky":false,"template":"","format":"standard","meta":{"footnotes":""},"categories":[2],"tags":[],"class_list":["post-195407","post","type-post","status-publish","format-standard","has-post-thumbnail","hentry","category-politica"],"featured_image_urls":{"full":["https:\/\/radiofenix.com.ar\/2023\/wp-content\/uploads\/wp-header-logo.png",0,0,false],"thumbnail":["https:\/\/radiofenix.com.ar\/2023\/wp-content\/uploads\/wp-header-logo.png",1,1,false],"medium":["https:\/\/radiofenix.com.ar\/2023\/wp-content\/uploads\/wp-header-logo.png",1,1,false],"medium_large":["https:\/\/radiofenix.com.ar\/2023\/wp-content\/uploads\/wp-header-logo.png",1,1,false],"large":["https:\/\/radiofenix.com.ar\/2023\/wp-content\/uploads\/wp-header-logo.png",1,1,false],"1536x1536":["https:\/\/radiofenix.com.ar\/2023\/wp-content\/uploads\/wp-header-logo.png",1,1,false],"2048x2048":["https:\/\/radiofenix.com.ar\/2023\/wp-content\/uploads\/wp-header-logo.png",1,1,false],"newsium-slider-full":["https:\/\/radiofenix.com.ar\/2023\/wp-content\/uploads\/wp-header-logo.png",1,1,false],"newsium-featured":["https:\/\/radiofenix.com.ar\/2023\/wp-content\/uploads\/wp-header-logo.png",1,1,false],"newsium-medium":["https:\/\/radiofenix.com.ar\/2023\/wp-content\/uploads\/wp-header-logo.png",1,1,false]},"author_info":{"info":[""]},"category_info":"<a href=\"https:\/\/radiofenix.com.ar\/2023\/category\/politica\/\" rel=\"category tag\">Pol\u00edtica<\/a>","tag_info":"Pol\u00edtica","comment_count":"0","_links":{"self":[{"href":"https:\/\/radiofenix.com.ar\/2023\/wp-json\/wp\/v2\/posts\/195407","targetHints":{"allow":["GET"]}}],"collection":[{"href":"https:\/\/radiofenix.com.ar\/2023\/wp-json\/wp\/v2\/posts"}],"about":[{"href":"https:\/\/radiofenix.com.ar\/2023\/wp-json\/wp\/v2\/types\/post"}],"replies":[{"embeddable":true,"href":"https:\/\/radiofenix.com.ar\/2023\/wp-json\/wp\/v2\/comments?post=195407"}],"version-history":[{"count":0,"href":"https:\/\/radiofenix.com.ar\/2023\/wp-json\/wp\/v2\/posts\/195407\/revisions"}],"wp:featuredmedia":[{"embeddable":true,"href":"https:\/\/radiofenix.com.ar\/2023\/wp-json\/wp\/v2\/media\/195408"}],"wp:attachment":[{"href":"https:\/\/radiofenix.com.ar\/2023\/wp-json\/wp\/v2\/media?parent=195407"}],"wp:term":[{"taxonomy":"category","embeddable":true,"href":"https:\/\/radiofenix.com.ar\/2023\/wp-json\/wp\/v2\/categories?post=195407"},{"taxonomy":"post_tag","embeddable":true,"href":"https:\/\/radiofenix.com.ar\/2023\/wp-json\/wp\/v2\/tags?post=195407"}],"curies":[{"name":"wp","href":"https:\/\/api.w.org\/{rel}","templated":true}]}}