{"id":195435,"date":"2024-10-10T18:16:40","date_gmt":"2024-10-10T18:16:40","guid":{"rendered":"https:\/\/radiofenix.com.ar\/2023\/zelenski-rechaza-una-propuesta-del-sur-global\/"},"modified":"2024-10-10T18:16:40","modified_gmt":"2024-10-10T18:16:40","slug":"zelenski-rechaza-una-propuesta-del-sur-global","status":"publish","type":"post","link":"https:\/\/radiofenix.com.ar\/2023\/zelenski-rechaza-una-propuesta-del-sur-global\/","title":{"rendered":"Zelenski rechaza una propuesta del sur global"},"content":{"rendered":"<div>\n<p>El 27 de septiembre, al final de la reciente cumbre presidencial de las Naciones Unidas, se concret\u00f3 una de las m\u00e1s recientes iniciativas para promover el cese de fuego entre Ucrania y Rusia.<\/p>\n<p>Bajo la conducci\u00f3n conjunta de China y Brasil, la alianza \u201cAmigos de la Paz\u201d se comenz\u00f3 a conformar en mayo \u00faltimo y expresa a un n\u00facleo de naciones del Sur Global que ofrece su colaboraci\u00f3n en la b\u00fasqueda de una soluci\u00f3n pol\u00edtica al conflicto armado que ya lleva m\u00e1s de dos a\u00f1os y que ha tenido un amplio alcance mundial. <\/p>\n<p>Adem\u00e1s de China y de Brasil, en este bloque participan una veintena de naciones, entre las que se encuentran Arabia Saudita, Argelia, Azerbaiy\u00e1n, Bolivia, Colombia, Egipto, Emiratos \u00c1rabes Unidos, Indonesia, Kazajist\u00e1n, Kenia, M\u00e9xico, Sud\u00e1frica, Tailandia, Turqu\u00eda, Vietnam y Zambia. <\/p>\n<p>El bloque plantea un eje de tres principios b\u00e1sico para aliviar la situaci\u00f3n entre ambos pa\u00edses en guerra: no ampliar la zona de conflictos, no incrementar los enfrentamientos y evitar provocaciones de ambas partes. Entre otras medidas, tambi\u00e9n subraya la necesidad de impulsar la ayuda a las regiones afectadas para evitar una crisis humanitaria a mayor escala, apoyar el intercambio de prisioneros de guerra y rechazar los ataques contra instalaciones civiles.<\/p>\n<p>Los apoyos, algunos inesperados, no tardaron en llegar. Dentro del continente europeo, el primer interesado en respaldar la iniciativa fue el gobierno de Hungr\u00eda, que en pol\u00edtica exterior y, sobre todo, en el marco de la Uni\u00f3n Europea, suele actuar de manera coordinada con Rusia. <\/p>\n<p>Uno de los pa\u00edses europeos que mostr\u00f3 inter\u00e9s en la propuesta fue Suiza, cuyo gobierno colabor\u00f3 activamente con el presidente ucraniano para dar vida a una limitada conferencia de paz en el pasado mes junio, a la que no s\u00f3lo no se invit\u00f3 a ning\u00fan representante ruso, sino que adem\u00e1s fue vaciada de poder debido a las ausencias de mandatarios como los de Estados Unidos y China. <\/p>\n<p>La renovada atenci\u00f3n del gobierno helv\u00e9tico a los esfuerzos diplom\u00e1ticos de China y de Brasil posiblemente busca contrapesar la ruidosa ruptura del posicionamiento hist\u00f3rico neutral de Suiza en los grandes conflictos mundiales y volver a sostener la labor de ese pa\u00eds (generalmente desarrollada en las sombras) tendiente al di\u00e1logo y al acercamiento de las partes en conflicto. <\/p>\n<p>La inc\u00f3gnita hoy est\u00e1 en el posicionamiento de India frente a esta iniciativa de paz. Si bien la India pertenece al bloque de los BRICS junto con Rusia, China y Brasil, y es uno de los principales referentes del Sur Global, al mismo tiempo suele desenvolver una amplia autonom\u00eda cuando se trata de poner a prueba su vinculaci\u00f3n con Estados Unidos y con la Uni\u00f3n Europea. <\/p>\n<p>De ah\u00ed que, en la actualidad, el primer ministro indio Narendra Modi es cortejado principalmente por el presidente ucraniano Volodimir Zelenski, interesado en impedir que la potencia asi\u00e1tica en ascenso termine formando parte de un entramado de naciones que atenta contra sus propios intereses pol\u00edticos. <\/p>\n<p>Con la expectativa de que el grupo de \u201cAmigos de la Paz\u201d se ampl\u00ede a un mayor n\u00famero de gobiernos y tenga una representatividad todav\u00eda mayor, la propuesta de di\u00e1logo se dar\u00e1 a conocer formalmente a fines de octubre, en la pr\u00f3xima cumbre de los BRICS, en Kaz\u00e1n, Rusia.<\/p>\n<p>Pero el rechazo no tardar\u00eda en manifestarse. El presidente ucraniano aprovech\u00f3 su discurso ante la Asamblea General para criticar el plan de paz calific\u00e1ndolo como un esfuerzo \u201ccolonial\u201d (sic). Y los diplom\u00e1ticos ucranianos tambi\u00e9n iniciaron un operativo de presi\u00f3n hacia los legisladores estadounidenses para que se opongan formalmente a dicho plan plan desde el Congreso. <\/p>\n<p>Adem\u00e1s, Zelenski rechaz\u00f3 el giro de la diplomacia suiza, aliada hasta ahora, y la critic\u00f3 al denunciar que no ten\u00eda fundamentos reales y que se trataba de una posici\u00f3n \u201cil\u00f3gica\u201d.<\/p>\n<p>Previsiblemente, la principal defensa del gobernante ucraniano fue la esgrimida por el secretario de Estado Antony Blinken, quien no s\u00f3lo expres\u00f3 sus dudas por el hecho de que China, como socia de Rusia, pudiera presentar una iniciativa por la paz de manera neutral, sino que adem\u00e1s expres\u00f3 que su inter\u00e9s principal era que Rusia fuera derrotada y que pagara los costos totales del conflicto. Por su parte, desde la conducci\u00f3n de la OTAN se cr\u00edtico fuertemente que Turqu\u00eda, que integra la alianza atl\u00e1ntica, tambi\u00e9n apoye la iniciativa de paz. <\/p>\n<p>El contraste no podr\u00eda ser m\u00e1s evidente. Mientras que veinte gobiernos encaran una amplia labor diplom\u00e1tica para evitar que la guerra se expanda territorialmente y se perpet\u00fae en el tiempo, Zelenski presenta el as\u00ed llamado \u201cPlan para la victoria\u201d que, no es otra cosa que un nuevo (y probablemente \u00faltimo) pedido de armamentos al gobierno de Estados Unidos ante la perspectiva de una derrota dem\u00f3crata en las pr\u00f3ximas elecciones presidenciales del 5 de noviembre. <\/p>\n<p>Si bien obtuvo un nuevo respaldo armamentista por parte del gobierno en retirada de Joe Biden, lo cierto es que ni el candidato republicano, Donald Trump, ni la dem\u00f3crata, Kamala Harris, tuvieron inter\u00e9s en respaldar p\u00fablicamente el proyecto del mandatario ucraniano. <\/p>\n<p>Frente al desastre actual en Medio Oriente y ante las perspectivas de una guerra con consecuencias impredecibles en pr\u00e1cticamente todo el mundo, resalta la importancia de que un bloque de potencias emergentes y de pa\u00edses del Sur Global est\u00e9 llamando a la paz entre Rusia y Ucrania. Aun ante a la ciega voluntad de Volod\u00edmir Zelenski por proseguir una guerra brutal, con creciente rechazo en su propio pa\u00eds, y en la que existen cada vez m\u00e1s dudas sobre su victoria.\u00a0<\/p>\n<\/div>\n<p><a href=\"https:\/\/www.pagina12.com.ar\/773342-zelenski-rechaza-una-propuesta-del-sur-global\">source<\/a><\/p>\n","protected":false},"excerpt":{"rendered":"<p>El 27 de septiembre, al final de la reciente cumbre presidencial de las Naciones Unidas,&#8230;<\/p>\n","protected":false},"author":0,"featured_media":195436,"comment_status":"open","ping_status":"open","sticky":false,"template":"","format":"standard","meta":{"footnotes":""},"categories":[60],"tags":[],"class_list":["post-195435","post","type-post","status-publish","format-standard","has-post-thumbnail","hentry","category-internacional"],"featured_image_urls":{"full":["https:\/\/radiofenix.com.ar\/2023\/wp-content\/uploads\/wp-header-logo.png",0,0,false],"thumbnail":["https:\/\/radiofenix.com.ar\/2023\/wp-content\/uploads\/wp-header-logo.png",1,1,false],"medium":["https:\/\/radiofenix.com.ar\/2023\/wp-content\/uploads\/wp-header-logo.png",1,1,false],"medium_large":["https:\/\/radiofenix.com.ar\/2023\/wp-content\/uploads\/wp-header-logo.png",1,1,false],"large":["https:\/\/radiofenix.com.ar\/2023\/wp-content\/uploads\/wp-header-logo.png",1,1,false],"1536x1536":["https:\/\/radiofenix.com.ar\/2023\/wp-content\/uploads\/wp-header-logo.png",1,1,false],"2048x2048":["https:\/\/radiofenix.com.ar\/2023\/wp-content\/uploads\/wp-header-logo.png",1,1,false],"newsium-slider-full":["https:\/\/radiofenix.com.ar\/2023\/wp-content\/uploads\/wp-header-logo.png",1,1,false],"newsium-featured":["https:\/\/radiofenix.com.ar\/2023\/wp-content\/uploads\/wp-header-logo.png",1,1,false],"newsium-medium":["https:\/\/radiofenix.com.ar\/2023\/wp-content\/uploads\/wp-header-logo.png",1,1,false]},"author_info":{"info":[""]},"category_info":"<a href=\"https:\/\/radiofenix.com.ar\/2023\/category\/internacional\/\" rel=\"category tag\">Internacional<\/a>","tag_info":"Internacional","comment_count":"0","_links":{"self":[{"href":"https:\/\/radiofenix.com.ar\/2023\/wp-json\/wp\/v2\/posts\/195435","targetHints":{"allow":["GET"]}}],"collection":[{"href":"https:\/\/radiofenix.com.ar\/2023\/wp-json\/wp\/v2\/posts"}],"about":[{"href":"https:\/\/radiofenix.com.ar\/2023\/wp-json\/wp\/v2\/types\/post"}],"replies":[{"embeddable":true,"href":"https:\/\/radiofenix.com.ar\/2023\/wp-json\/wp\/v2\/comments?post=195435"}],"version-history":[{"count":0,"href":"https:\/\/radiofenix.com.ar\/2023\/wp-json\/wp\/v2\/posts\/195435\/revisions"}],"wp:featuredmedia":[{"embeddable":true,"href":"https:\/\/radiofenix.com.ar\/2023\/wp-json\/wp\/v2\/media\/195436"}],"wp:attachment":[{"href":"https:\/\/radiofenix.com.ar\/2023\/wp-json\/wp\/v2\/media?parent=195435"}],"wp:term":[{"taxonomy":"category","embeddable":true,"href":"https:\/\/radiofenix.com.ar\/2023\/wp-json\/wp\/v2\/categories?post=195435"},{"taxonomy":"post_tag","embeddable":true,"href":"https:\/\/radiofenix.com.ar\/2023\/wp-json\/wp\/v2\/tags?post=195435"}],"curies":[{"name":"wp","href":"https:\/\/api.w.org\/{rel}","templated":true}]}}