{"id":195437,"date":"2024-10-10T18:16:42","date_gmt":"2024-10-10T18:16:42","guid":{"rendered":"https:\/\/radiofenix.com.ar\/2023\/la-inmediata-reaccion-de-martin-lousteau-a-la-ratificacion-del-veto-a-la-ley-de-financiamiento-universitario\/"},"modified":"2024-10-10T18:16:42","modified_gmt":"2024-10-10T18:16:42","slug":"la-inmediata-reaccion-de-martin-lousteau-a-la-ratificacion-del-veto-a-la-ley-de-financiamiento-universitario","status":"publish","type":"post","link":"https:\/\/radiofenix.com.ar\/2023\/la-inmediata-reaccion-de-martin-lousteau-a-la-ratificacion-del-veto-a-la-ley-de-financiamiento-universitario\/","title":{"rendered":"La inmediata reacci\u00f3n de Mart\u00edn Lousteau a la ratificaci\u00f3n del veto a la Ley de Financiamiento Universitario"},"content":{"rendered":"<div id=\"\">\n<p>Luego, indic\u00f3: <strong>\u00abNo alcanza con llenarse la boca hablando de educaci\u00f3n durante la campa\u00f1a electoral. La gente nos pone en las bancas para defender con nuestros votos sus ideas\u00bb<\/strong>, reflexion\u00f3 en torno al nuevo triunfo de la gesti\u00f3n libertaria.<\/p>\n<p><strong>\u00abSeguiremos presentando propuestas, reclamando e insistiendo para que cuidemos lo que funciona bien. Universidad p\u00fablica, siempre\u00bb<\/strong>, concluy\u00f3.<\/p>\n<div contenteditable=\"false\" class=\"embed_cont type_imagen\" id=\"7991159-Libre-541119281_wrap\">\n<p>tuit lousteau universidades.png <span onclick=\"parent.parent.TinyMCETdcuerpo.preview_embed('7991159-Libre-541119281')\" class=\"embed_colapse less\" id=\"7991159-Libre-541119281_colapse\"\/>  <span onclick=\"parent.parent.TinyMCETdcuerpo.delete_embed('7991159-Libre-541119281')\" class=\"embed_delete less\" id=\"7991159-Libre-541119281_delete\"\/><\/p>\n<div id=\"7991159-Libre-541119281_content\" class=\"embed_content\"><img decoding=\"async\" src=\"https:\/\/media.minutouno.com\/p\/e19d0b87da24bc5b2b31422f9f21becf\/adjuntos\/150\/imagenes\/041\/874\/0041874233\/610x0\/smart\/tuit-lousteau-universidadespng.png\" alt=\"\" title=\"\" width=\"610\" height=\"undefined\" id=\"7991159-Libre-541119281_embed\"\/><\/div>\n<\/p><\/div>\n<p>Si bien la oposici\u00f3n insisti\u00f3 este <strong>mi\u00e9rcoles<\/strong> en <strong>Diputados<\/strong> con la iniciativa que defiende la <strong>educaci\u00f3n p\u00fablica<\/strong> frente a los embates ajustadores del oficialismo, no logr\u00f3 imponerse en los votos. De esta manera, qued\u00f3 ratificado el veto del Presidente al financiamiento universitario, gracias a los<strong> 84 votos negativos que impidieron que la Ley mencionada se convirtiera en norma<\/strong>.<\/p>\n<p>La sesi\u00f3n especial que inici\u00f3 alrededor de las 11, cont\u00f3 -adem\u00e1s- con 160 votos afirmativos a favor de la norma que qued\u00f3 truncada y 5 abstenciones.<\/p>\n<div contenteditable=\"false\" class=\"embed_cont type_imagen\" id=\"7991149-Libre-1627120865_wrap\">\n<p>votaci\u00f3n veto universidades.jpeg <span onclick=\"parent.parent.TinyMCETdcuerpo.preview_embed('7991149-Libre-1627120865')\" class=\"embed_colapse less\" id=\"7991149-Libre-1627120865_colapse\"\/>  <span onclick=\"parent.parent.TinyMCETdcuerpo.delete_embed('7991149-Libre-1627120865')\" class=\"embed_delete less\" id=\"7991149-Libre-1627120865_delete\"\/><\/p>\n<div id=\"7991149-Libre-1627120865_content\" class=\"embed_content\"><img decoding=\"async\" src=\"https:\/\/media.minutouno.com\/p\/8208e7693561805fb521e66311edfb59\/adjuntos\/150\/imagenes\/041\/874\/0041874153\/610x0\/smart\/votacion-veto-universidadesjpeg.jpeg\" alt=\"\" title=\"\" width=\"610\" height=\"undefined\" id=\"7991149-Libre-1627120865_embed\"\/><\/div>\n<\/p><\/div>\n<h2>La carta de la UBA al Congreso en medio del debate por el veto de Milei<\/h2>\n<p>Minutos despu\u00e9s de que comenzara en Diputados la sesi\u00f3n especial para tratar el veto que impuso el presidente Javier Milei a la Ley de Financiamiento Universitario en el marco de su avanzada contra la educaci\u00f3n p\u00fablica, <strong>la Universidad de Buenos Aires (UBA) difundi\u00f3 una carta abierta dirigida a quienes tuvieron hoy la responsabilidad de decidir sobre el futuro de millones de estudiantes<\/strong>.<\/p>\n<p>La misiva, firmada por el rector de la UBA, <strong>Ricardo Gelpi<\/strong>, asegura que el sistema universitario se encuentra en una situaci\u00f3n \u201cque no tiene precedentes\u201d en la historia democr\u00e1tica de la Argentina y advierte que de seguir as\u00ed <span class=\"saysCMSEmphasis\" id=\"saysCMSEmphasis3eemvrm89rr\">estar\u00e1n \u201cen un punto de no retorno donde el sistema deje de existir\u201d tal como funciona actualmente.<\/span><\/p>\n<p>Asimismo, lamenta que Milei decidiera vetar la ley pese a los llamados que hicieron \u201cpara que recapacite\u201d y a la \u201cinmensa manifestaci\u00f3n\u201d que se concentr\u00f3 la semana pasada frente al Parlamento, en la que miles de personas reclamaron no solo al Presidente, sino tambi\u00e9n a diputados y senadores para que acompa\u00f1en a la educaci\u00f3n.<\/p>\n<div contenteditable=\"false\" class=\"embed_cont type_freetext\" rel=\"freetext\" id=\"embed76_wrap\" style=\"opacity:1;height:auto;\">\n<p>Embed <span onclick=\"parent.parent.TinyMCETdcuerpo.preview_embed('embed76')\" class=\"embed_colapse less\" id=\"embed76_colapse\"\/>  <span onclick=\"parent.parent.TinyMCETdcuerpo.delete_embed('embed76')\" class=\"embed_delete less\" id=\"embed76_delete\"\/><\/p>\n<div id=\"embed76_content\" class=\"embed_content\">\n<div id=\"embed76_embed\">\n<figure class=\"figure\"><a href=\"https:\/\/t.me\/minutounocom\" target=\"_blank\" rel=\"noopener\"><img decoding=\"async\" src=\"https:\/\/media.minutouno.com\/adjuntos\/150\/banners\/039\/099\/0039099175.jpg\" class=\"figure-img img-fluid\" style=\"width:100%;height:auto;\"\/><\/a><\/figure>\n<\/div>\n<\/div><\/div>\n<\/p><\/div>\n<p><a href=\"https:\/\/www.minutouno.com\/politica\/la-inmediata-reaccion-martin-lousteau-la-ratificacion-del-veto-la-ley-financiamiento-universitario-n6068859\">source<\/a><\/p>\n","protected":false},"excerpt":{"rendered":"<p>Luego, indic\u00f3: \u00abNo alcanza con llenarse la boca hablando de educaci\u00f3n durante la campa\u00f1a electoral&#8230;.<\/p>\n","protected":false},"author":0,"featured_media":195438,"comment_status":"open","ping_status":"open","sticky":false,"template":"","format":"standard","meta":{"footnotes":""},"categories":[2],"tags":[],"class_list":["post-195437","post","type-post","status-publish","format-standard","has-post-thumbnail","hentry","category-politica"],"featured_image_urls":{"full":["https:\/\/radiofenix.com.ar\/2023\/wp-content\/uploads\/wp-header-logo.png",0,0,false],"thumbnail":["https:\/\/radiofenix.com.ar\/2023\/wp-content\/uploads\/wp-header-logo.png",1,1,false],"medium":["https:\/\/radiofenix.com.ar\/2023\/wp-content\/uploads\/wp-header-logo.png",1,1,false],"medium_large":["https:\/\/radiofenix.com.ar\/2023\/wp-content\/uploads\/wp-header-logo.png",1,1,false],"large":["https:\/\/radiofenix.com.ar\/2023\/wp-content\/uploads\/wp-header-logo.png",1,1,false],"1536x1536":["https:\/\/radiofenix.com.ar\/2023\/wp-content\/uploads\/wp-header-logo.png",1,1,false],"2048x2048":["https:\/\/radiofenix.com.ar\/2023\/wp-content\/uploads\/wp-header-logo.png",1,1,false],"newsium-slider-full":["https:\/\/radiofenix.com.ar\/2023\/wp-content\/uploads\/wp-header-logo.png",1,1,false],"newsium-featured":["https:\/\/radiofenix.com.ar\/2023\/wp-content\/uploads\/wp-header-logo.png",1,1,false],"newsium-medium":["https:\/\/radiofenix.com.ar\/2023\/wp-content\/uploads\/wp-header-logo.png",1,1,false]},"author_info":{"info":[""]},"category_info":"<a href=\"https:\/\/radiofenix.com.ar\/2023\/category\/politica\/\" rel=\"category tag\">Pol\u00edtica<\/a>","tag_info":"Pol\u00edtica","comment_count":"0","_links":{"self":[{"href":"https:\/\/radiofenix.com.ar\/2023\/wp-json\/wp\/v2\/posts\/195437","targetHints":{"allow":["GET"]}}],"collection":[{"href":"https:\/\/radiofenix.com.ar\/2023\/wp-json\/wp\/v2\/posts"}],"about":[{"href":"https:\/\/radiofenix.com.ar\/2023\/wp-json\/wp\/v2\/types\/post"}],"replies":[{"embeddable":true,"href":"https:\/\/radiofenix.com.ar\/2023\/wp-json\/wp\/v2\/comments?post=195437"}],"version-history":[{"count":0,"href":"https:\/\/radiofenix.com.ar\/2023\/wp-json\/wp\/v2\/posts\/195437\/revisions"}],"wp:featuredmedia":[{"embeddable":true,"href":"https:\/\/radiofenix.com.ar\/2023\/wp-json\/wp\/v2\/media\/195438"}],"wp:attachment":[{"href":"https:\/\/radiofenix.com.ar\/2023\/wp-json\/wp\/v2\/media?parent=195437"}],"wp:term":[{"taxonomy":"category","embeddable":true,"href":"https:\/\/radiofenix.com.ar\/2023\/wp-json\/wp\/v2\/categories?post=195437"},{"taxonomy":"post_tag","embeddable":true,"href":"https:\/\/radiofenix.com.ar\/2023\/wp-json\/wp\/v2\/tags?post=195437"}],"curies":[{"name":"wp","href":"https:\/\/api.w.org\/{rel}","templated":true}]}}