{"id":195451,"date":"2024-10-11T06:19:38","date_gmt":"2024-10-11T06:19:38","guid":{"rendered":"https:\/\/radiofenix.com.ar\/2023\/leonardo-cifelli-un-secretario-sumergido-en-la-batalla-cultural\/"},"modified":"2024-10-11T06:19:38","modified_gmt":"2024-10-11T06:19:38","slug":"leonardo-cifelli-un-secretario-sumergido-en-la-batalla-cultural","status":"publish","type":"post","link":"https:\/\/radiofenix.com.ar\/2023\/leonardo-cifelli-un-secretario-sumergido-en-la-batalla-cultural\/","title":{"rendered":"Leonardo Cifelli, un secretario sumergido en la batalla cultural\u00a0"},"content":{"rendered":"<div>\n<p>El secretario de Cultura,<b> Leonardo Cifelli<\/b>, llev\u00f3 el discurso de la casta, del \u00abcuidado\u00bb de la plata, la rentabilidad y la batalla contra la corrupci\u00f3n a la <b>Comisi\u00f3n de Cultura<\/b> de la C\u00e1mara de Diputados, en el marco de una reuni\u00f3n informativa a la que hab\u00eda sido convocado hac\u00eda meses. En los pasajes m\u00e1s provocadores, atac\u00f3 a Tecn\u00f3polis -\u00abfue una m\u00e1quina de quemar plata\u00bb- y al INCAA -\u00abse gastaron millones de pesos para pel\u00edculas con 4, 5, 8 y 20 espectadores\u00bb- y asegur\u00f3 que el kirchnerismo \u00abpolitiz\u00f3\u00bb la cultura. Fue <b>interpelado por legisladores de la oposici\u00f3n<\/b>. <b>Se retir\u00f3 de la tensa reuni\u00f3n sin responder cuestiones clave.<\/b><\/p>\n<h2>El discurso de Cifelli<\/h2>\n<p>El del secretario fue un discurso todav\u00eda m\u00e1s antip\u00e1tico que el que\u00a0<a href=\"https:\/\/www.pagina12.com.ar\/703215-leonardo-cifelli-defendio-el-ajuste-cultural\">brind\u00f3 en enero para defender el ajuste plasmado en la\u00a0entonces llamada Ley \u00d3mnibus<\/a>. Comenz\u00f3 hablando del \u00abcr\u00edtico estado de situaci\u00f3n\u00bb que dice haber encontrado en el \u00e1rea al momento de asumir. Se jact\u00f3 de haber enfrentado una \u00abgigantesca batalla cultural\u00bb. \u00abHab\u00eda una industria que cre\u00eda que la cultura no se pod\u00eda sostener por sus propios medios, si no era con la ayuda del Estado (&#8230;). Esta creencia nos dej\u00f3 una Secretar\u00eda con una deuda superior a los 7 mil millones de pesos. Quiz\u00e1 con esto algunos entiendan por qu\u00e9 decimos que no hay plata\u00bb, dijo. \u00abEncontramos una estructura superpoblada, con tareas duplicadas innecesarias; organismos con subsidios y becas regalados sin contraprestaci\u00f3n alguna; casas de la cultura, el Palacio Libertad o el Teatro Cervantes con estructuras y programaci\u00f3n repletas de militancia y contenidos pol\u00edticos; y todos los museos nacionales con una debilidad edilicia y pagos no realizados\u00bb, asegur\u00f3.<\/p>\n<p>Para el secretario, Tecn\u00f3polis fue una \u00abm\u00e1quina de quemar plata\u00bb, \u00abs\u00f3lo abr\u00eda una vez al a\u00f1o\u00bb, \u00abera pura p\u00e9rdida econ\u00f3mica\u00bb. El INCAA, el INT y el FNA estaban \u00absin rumbo y deficitarios\u00bb. \u00abEl anterior gobierno regal\u00f3 millones de pesos a los amigos de turno, fomentando fracasos discrecionalmente, sin sentido de retribuci\u00f3n ninguno a la sociedad\u00bb, atac\u00f3. \u00abSe gastaron millones de pesos para pel\u00edculas con 4, 5, 8 y 20 espectadores. Pel\u00edculas que nadie vio en ning\u00fan circuito comercial; ni sus familias las vieron\u00bb, se\u00f1al\u00f3.<\/p>\n<p>\u00abEl presidente Alberto Fern\u00e1ndez nos dej\u00f3 un pa\u00eds devastado y la cultura no fue la excepci\u00f3n. Tuvimos que tomar decisiones dif\u00edciles pero muy necesarias para reordenar las cuentas y cuidar la plata de los argentinos\u00bb, insisti\u00f3. Enumer\u00f3, como logros de gesti\u00f3n, la reducci\u00f3n de la \u00abestructura jer\u00e1rquica\u00bb, la eliminaci\u00f3n de cargos de altos rangos, la baja de contratos de personal \u00abque no cumpl\u00eda funciones comprobables\u00bb, la de 20 programas -como Puntos de Cultura-, la colaboraci\u00f3n de asociaciones de amigos con los museos; el \u00abahorro\u00bb que todo esto arroj\u00f3. Reivindic\u00f3 las licitaciones gastron\u00f3micas, el alquiler de salas y \u00abotros convenios\u00bb dentro del Centro Cultural Borges y el Palacio Libertad. \u00ab<b>Quitamos todo contenido de ideolog\u00eda pol\u00edtico-partidaria y militante<\/b> de los espacios culturales. En el Palacio Libertad hab\u00eda un busto de Hebe de Bonafini (&#8230;). <b>El kirchnerismo politiz\u00f3 la cultura<\/b>, la usaron para hacer propaganda y bajar l\u00ednea\u00bb, expres\u00f3.<\/p>\n<p>\u00abNuestra batalla cultural es romper con la corrupci\u00f3n que ten\u00edan como regla, que s\u00f3lo beneficiaba a unos pocos. Los mismos de siempre, la casta que le daba millones de pesos a amigos para que canten en sus actos, los nombren en sus obras de teatro o los muestren en sus pel\u00edculas\u00bb, arremeti\u00f3. Finaliz\u00f3 con algunos anuncios: que se convocar\u00e1 al Consejo Federal de Cultura para acercar \u00abuna propuesta de presupuesto compartido\u00bb con las provincias; el llamado a concurso p\u00fablico en Museos Nacionales; y la pronta <a href=\"https:\/\/www.pagina12.com.ar\/767711-el-patrimonio-artistico-nacional-corre-peligro\">reforma de la Ley de Circulaci\u00f3n Internacional de Obras Art\u00edsticas<\/a>. Destac\u00f3 la media sanci\u00f3n para la creaci\u00f3n del Registro Nacional de Patrimonio Cultural Inmaterial, el debate sobre una ley de Mecenazgo y el pedido de una ley de Financiamiento Federal de la Cultura.<\/p>\n<h2>Cr\u00edticas y preguntas de los diputados<\/h2>\n<p>La idea de la cultura como un gasto, la rentabilidad como \u00fanico eje, la ausencia de enunciaci\u00f3n de pol\u00edticas concretas: legisladores de distintos bloques cuestionaron la postura del secretario. \u00abMe llama la atenci\u00f3n el nivel de odio de su discurso, el intento de destrozar todas las gestiones hacia atr\u00e1s creyendo que usted en diez meses recuper\u00f3 lo que muchos gobiernos anteriores no hicieron. Forma parte de un gobierno donde la violencia y la denostaci\u00f3n del otro es parte del paradigma. La cultura es un derecho humano y social\u00bb, dijo <b>Lorena Pokoik <\/b>(UxP), que <b>lo llam\u00f3 \u00abcobarde\u00bb<\/b>\u00a0cuando la presidenta de la comisi\u00f3n, Silvana Ginocchio, advirti\u00f3 que el secretario se ir\u00eda. Antes, la radical <b>Natalia Sarapura<\/b> hab\u00eda sugerido que Cifelli parec\u00eda \u00abel secretario de la venganza\u00bb, porque hab\u00eda llegado para \u00abdestruir todo\u00bb. \u00abSe la pas\u00f3 haciendo un<b> balance meramente panfletario<\/b> de la herencia que pudo haber recibido. <b>Mucha batalla cultural, pero en su exposici\u00f3n hay muy poca pol\u00edtica cultural<\/b>\u00ab, cuestion\u00f3 Maximiliano Ferraro (Coalici\u00f3n C\u00edvica). Cuando escuch\u00f3 la acusaci\u00f3n de \u00abcobarde\u00bb, el libertario Nicol\u00e1s Mayoraz se quej\u00f3: \u00abHablan, hablan y no preguntan nada, hacen discursos\u00bb.<\/p>\n<p>Al responder las preguntas, el secretario neg\u00f3 las<a href=\"https:\/\/www.pagina12.com.ar\/753486-se-acumulan-las-denuncias-de-censura-en-espacios-culturales-\"> censuras en espacios oficiales<\/a>, por las que le hab\u00eda consultado <b>Fabio Quetglas <\/b>(UCR): \u00abSi usted ve la programaci\u00f3n del Palacio Libertad, el Centro Cultural Borges, el Cervantes va a ver que no hay ninguna bajada de l\u00ednea\u00bb. El radical tambi\u00e9n lo interpel\u00f3 por el plagio y los \u00abgestos obscenos, las palabras impropias y alusiones sexuales\u00bb del presidente Javier Milei. El funcionario no quiso responder sobre estos temas, y el debate se encendi\u00f3. <b>Pokoik se\u00f1al\u00f3 la falta de transparencia en el alquiler de espacios p\u00fablicos<\/b>, un tema por el cual tambi\u00e9n consult\u00f3\u00a0<b>Ferraro <\/b>y que rond\u00f3 durante toda la jornada sin claridad. Llegando al final, Ignacio Lupi, subsecretario de Gesti\u00f3n, asegur\u00f3 que el proceso es \u00ababsolutamente transparente\u00bb, mediante \u00abun poder y facultades\u00bb otorgados por la Agencia de Bienes del Estado. \u201cLas tarifas las establece el Tribunal Nacional de Tasaci\u00f3n\u201d, dijo, y afirm\u00f3 que \u201cno hay ning\u00fan alquiler que no se haya hecho dentro de un convenio\u201d.<\/p>\n<p>Por otro lado, Cifelli asegur\u00f3 que el <b>Museo del Traje<\/b> se reconvertir\u00e1 en un centro cultural dependiente del Museo Hist\u00f3rico Nacional. Dijo que galeristas y artistas fueron quienes le pidieron nuevas reglas para la exportaci\u00f3n de obras de arte y anticip\u00f3, vagamente, que el patrimonio quedar\u00e1 protegido. \u00abHabl\u00f3 de corrupci\u00f3n, de que se fomentaba a amigos. \u00bfCu\u00e1l es la lista? \u00bfC\u00f3mo saben qui\u00e9n es kirchnerista y qui\u00e9n no, qui\u00e9n es amigo de qui\u00e9n? De donde vengo, eso es macartismo del peor\u00bb, se\u00f1al\u00f3 el diputado Pablo Carro, quien hizo cinco preguntas. Todas quedaron sin responder. Cifelli se retir\u00f3 tras una hora y 45 minutos de f\u00e9rrea defensa del ajuste cultural.<\/p>\n<h2>Comunicado de ATE<\/h2>\n<p>En todo ese tiempo no pudo responder en qu\u00e9 programas culturales se invierte el dinero obtenido por alquileres de espacios p\u00fablicos, cu\u00e1l es el monto invertido en acciones culturales de las provincias, por qu\u00e9 se ejecut\u00f3 el 91 por ciento del presupuesto destinado a Elencos Estables y apenas un 1 por ciento en apoyo y fomento de la cultura, por qu\u00e9 se degrad\u00f3 de direcci\u00f3n a coordinaci\u00f3n a nueve museos nacionales, cu\u00e1l es el plan de fomento del INCAA -teniendo en cuenta que s\u00f3lo se filmaran dos pel\u00edculas en 2025-, cu\u00e1ntos trabajadores respondieron al retiro voluntario del instituto. El punteo es de un comunicado que emitieron los trabajadores de la Secretar\u00eda, nucleados en ATE, al finalizar el encuentro de la comisi\u00f3n.\u00a0<\/p>\n<\/div>\n<p><a href=\"https:\/\/www.pagina12.com.ar\/773865-leonardo-cifelli-un-secretario-sumergido-en-la-batalla-cultu\">source<\/a><\/p>\n","protected":false},"excerpt":{"rendered":"<p>El secretario de Cultura, Leonardo Cifelli, llev\u00f3 el discurso de la casta, del \u00abcuidado\u00bb de&#8230;<\/p>\n","protected":false},"author":0,"featured_media":195452,"comment_status":"open","ping_status":"open","sticky":false,"template":"","format":"standard","meta":{"footnotes":""},"categories":[4],"tags":[],"class_list":["post-195451","post","type-post","status-publish","format-standard","has-post-thumbnail","hentry","category-espectaculos"],"featured_image_urls":{"full":["https:\/\/radiofenix.com.ar\/2023\/wp-content\/uploads\/wp-header-logo.png",0,0,false],"thumbnail":["https:\/\/radiofenix.com.ar\/2023\/wp-content\/uploads\/wp-header-logo.png",1,1,false],"medium":["https:\/\/radiofenix.com.ar\/2023\/wp-content\/uploads\/wp-header-logo.png",1,1,false],"medium_large":["https:\/\/radiofenix.com.ar\/2023\/wp-content\/uploads\/wp-header-logo.png",1,1,false],"large":["https:\/\/radiofenix.com.ar\/2023\/wp-content\/uploads\/wp-header-logo.png",1,1,false],"1536x1536":["https:\/\/radiofenix.com.ar\/2023\/wp-content\/uploads\/wp-header-logo.png",1,1,false],"2048x2048":["https:\/\/radiofenix.com.ar\/2023\/wp-content\/uploads\/wp-header-logo.png",1,1,false],"newsium-slider-full":["https:\/\/radiofenix.com.ar\/2023\/wp-content\/uploads\/wp-header-logo.png",1,1,false],"newsium-featured":["https:\/\/radiofenix.com.ar\/2023\/wp-content\/uploads\/wp-header-logo.png",1,1,false],"newsium-medium":["https:\/\/radiofenix.com.ar\/2023\/wp-content\/uploads\/wp-header-logo.png",1,1,false]},"author_info":{"info":[""]},"category_info":"<a href=\"https:\/\/radiofenix.com.ar\/2023\/category\/espectaculos\/\" rel=\"category tag\">Espectaculos<\/a>","tag_info":"Espectaculos","comment_count":"0","_links":{"self":[{"href":"https:\/\/radiofenix.com.ar\/2023\/wp-json\/wp\/v2\/posts\/195451","targetHints":{"allow":["GET"]}}],"collection":[{"href":"https:\/\/radiofenix.com.ar\/2023\/wp-json\/wp\/v2\/posts"}],"about":[{"href":"https:\/\/radiofenix.com.ar\/2023\/wp-json\/wp\/v2\/types\/post"}],"replies":[{"embeddable":true,"href":"https:\/\/radiofenix.com.ar\/2023\/wp-json\/wp\/v2\/comments?post=195451"}],"version-history":[{"count":0,"href":"https:\/\/radiofenix.com.ar\/2023\/wp-json\/wp\/v2\/posts\/195451\/revisions"}],"wp:featuredmedia":[{"embeddable":true,"href":"https:\/\/radiofenix.com.ar\/2023\/wp-json\/wp\/v2\/media\/195452"}],"wp:attachment":[{"href":"https:\/\/radiofenix.com.ar\/2023\/wp-json\/wp\/v2\/media?parent=195451"}],"wp:term":[{"taxonomy":"category","embeddable":true,"href":"https:\/\/radiofenix.com.ar\/2023\/wp-json\/wp\/v2\/categories?post=195451"},{"taxonomy":"post_tag","embeddable":true,"href":"https:\/\/radiofenix.com.ar\/2023\/wp-json\/wp\/v2\/tags?post=195451"}],"curies":[{"name":"wp","href":"https:\/\/api.w.org\/{rel}","templated":true}]}}