{"id":195461,"date":"2024-10-11T08:57:55","date_gmt":"2024-10-11T08:57:55","guid":{"rendered":"https:\/\/radiofenix.com.ar\/2023\/las-medidas-que-anuncio-axel-kicillof-en-el-dia-mundial-de-la-salud-mental\/"},"modified":"2024-10-11T08:57:55","modified_gmt":"2024-10-11T08:57:55","slug":"las-medidas-que-anuncio-axel-kicillof-en-el-dia-mundial-de-la-salud-mental","status":"publish","type":"post","link":"https:\/\/radiofenix.com.ar\/2023\/las-medidas-que-anuncio-axel-kicillof-en-el-dia-mundial-de-la-salud-mental\/","title":{"rendered":"Las medidas que anunci\u00f3 Axel Kicillof en el D\u00eda Mundial de la Salud Mental"},"content":{"rendered":"<div id=\"\">\n<p>Adem\u00e1s, <strong>el gobernador anunci\u00f3 una inversi\u00f3n de $2.194 millones para la construcci\u00f3n de 16 Centros Comunitarios de Salud Mental y dos Unidades Residenciales en Consumos Problem\u00e1ticos<\/strong>. Estas instituciones buscan evitar internaciones innecesarias y garantizar la continuidad de los cuidados para casos graves o cr\u00f3nicos.<\/p>\n<div contenteditable=\"false\" class=\"embed_cont type_imagen\" id=\"7991792-Libre-638089061_wrap\" style=\"opacity:1;height:auto;\">\n<p>axel kicillof salud mental <span onclick=\"parent.parent.TinyMCETdcuerpo.preview_embed('7991792-Libre-638089061')\" class=\"embed_colapse less\" id=\"7991792-Libre-638089061_colapse\"\/>  <span onclick=\"parent.parent.TinyMCETdcuerpo.delete_embed('7991792-Libre-638089061')\" class=\"embed_delete less\" id=\"7991792-Libre-638089061_delete\"\/><\/p>\n<div id=\"7991792-Libre-638089061_content\" class=\"embed_content\"><img decoding=\"async\" src=\"https:\/\/media.minutouno.com\/p\/bc04d7862ce5661bcb7504b6180419c2\/adjuntos\/150\/imagenes\/041\/878\/0041878529\/610x0\/smart\/axel-kicillof-salud-mental.jpg\" alt=\"\" title=\"\" width=\"610\" height=\"undefined\" id=\"7991792-Libre-638089061_embed\"\/><\/div>\n<\/p><\/div>\n<p>El plan de fortalecimiento tambi\u00e9n incluye la ampliaci\u00f3n del sistema de internaci\u00f3n con 48 nuevas camas en Unidades de Pronta Atenci\u00f3n (UPA) y Unidades Residenciales, con la proyecci\u00f3n de agregar otras 42 camas para 2025. Asimismo, se sumar\u00e1n 100 nuevos profesionales en las \u00e1reas de psiquiatr\u00eda, psicolog\u00eda y trabajo social.<\/p>\n<h2>Otras medidas de Axel Kicillof<\/h2>\n<p>El gobernador bonaerense dar\u00e1 rienda tambi\u00e9n a la<strong> construcci\u00f3n de 40 nuevas viviendas para la externaci\u00f3n de 248 personas que actualmente est\u00e1n internadas en hospitales neuropsiqui\u00e1tricos<\/strong>. De estas viviendas, 30 estar\u00e1n a cargo del Hospital Alejandro Korn de Melchor Romero (La Plata) y 10 del Hospital Dr. Domingo Cabred de Luj\u00e1n.<\/p>\n<p>En este sentido, el l\u00edder provincial destac\u00f3 la diferencia entre las pol\u00edticas provinciales y las nacionales, afirmando: <span class=\"saysCMSEmphasis\" id=\"saysCMSEmphasisu9ckzmjcbtf\">\u00abEn la provincia de Buenos Aires nunca nos vamos a plegar a ese tipo de pol\u00edticas porque no es para eso que nos eligieron: nuestro mandato de garantizar el derecho a la salud incluye tambi\u00e9n y fundamentalmente el derecho a la salud mental\u00bb.<\/span><\/p>\n<p>Por su parte, Julieta Calmels, subsecretaria de Salud Mental, Consumos Problem\u00e1ticos y Violencias en el \u00c1mbito de la Salud, resalt\u00f3 la importancia de estas medidas en el contexto actual, advirtiendo sobre<strong> \u00abel momento cr\u00edtico que se vive por las pol\u00edticas del Gobierno nacional, cuyas decisiones impactan fuertemente en cada uno de los bonaerenses\u00bb<\/strong>.<\/p>\n<div contenteditable=\"false\" class=\"embed_cont type_freetext\" rel=\"freetext\" id=\"embed41_wrap\">\n<p> Embed <span onclick=\"parent.parent.TinyMCETdcuerpo.preview_embed('embed41')\" class=\"embed_colapse less\" id=\"embed41_colapse\"\/> <span onclick=\"parent.parent.TinyMCETdcuerpo.delete_embed('embed41')\" class=\"embed_delete less\" id=\"embed41_delete\"\/><\/p>\n<div id=\"embed41_content\" class=\"embed_content\">\n<div id=\"embed41_embed\">\n<figure class=\"figure\"><a href=\"https:\/\/t.me\/minutounocom\" target=\"_blank\" rel=\"noopener\"><img decoding=\"async\" src=\"https:\/\/media.minutouno.com\/adjuntos\/150\/banners\/039\/099\/0039099175.jpg\" class=\"figure-img img-fluid\" style=\"width:100%;height:auto;\"\/><\/a><\/figure>\n<\/div>\n<\/div><\/div>\n<\/p><\/div>\n<p><a href=\"https:\/\/www.minutouno.com\/politica\/las-medidas-que-anuncio-axel-kicillof-el-dia-mundial-la-salud-mental-n6069366\">source<\/a><\/p>\n","protected":false},"excerpt":{"rendered":"<p>Adem\u00e1s, el gobernador anunci\u00f3 una inversi\u00f3n de $2.194 millones para la construcci\u00f3n de 16 Centros&#8230;<\/p>\n","protected":false},"author":0,"featured_media":195462,"comment_status":"open","ping_status":"open","sticky":false,"template":"","format":"standard","meta":{"footnotes":""},"categories":[2],"tags":[],"class_list":["post-195461","post","type-post","status-publish","format-standard","has-post-thumbnail","hentry","category-politica"],"featured_image_urls":{"full":["https:\/\/radiofenix.com.ar\/2023\/wp-content\/uploads\/wp-header-logo.png",0,0,false],"thumbnail":["https:\/\/radiofenix.com.ar\/2023\/wp-content\/uploads\/wp-header-logo.png",1,1,false],"medium":["https:\/\/radiofenix.com.ar\/2023\/wp-content\/uploads\/wp-header-logo.png",1,1,false],"medium_large":["https:\/\/radiofenix.com.ar\/2023\/wp-content\/uploads\/wp-header-logo.png",1,1,false],"large":["https:\/\/radiofenix.com.ar\/2023\/wp-content\/uploads\/wp-header-logo.png",1,1,false],"1536x1536":["https:\/\/radiofenix.com.ar\/2023\/wp-content\/uploads\/wp-header-logo.png",1,1,false],"2048x2048":["https:\/\/radiofenix.com.ar\/2023\/wp-content\/uploads\/wp-header-logo.png",1,1,false],"newsium-slider-full":["https:\/\/radiofenix.com.ar\/2023\/wp-content\/uploads\/wp-header-logo.png",1,1,false],"newsium-featured":["https:\/\/radiofenix.com.ar\/2023\/wp-content\/uploads\/wp-header-logo.png",1,1,false],"newsium-medium":["https:\/\/radiofenix.com.ar\/2023\/wp-content\/uploads\/wp-header-logo.png",1,1,false]},"author_info":{"info":[""]},"category_info":"<a href=\"https:\/\/radiofenix.com.ar\/2023\/category\/politica\/\" rel=\"category tag\">Pol\u00edtica<\/a>","tag_info":"Pol\u00edtica","comment_count":"0","_links":{"self":[{"href":"https:\/\/radiofenix.com.ar\/2023\/wp-json\/wp\/v2\/posts\/195461","targetHints":{"allow":["GET"]}}],"collection":[{"href":"https:\/\/radiofenix.com.ar\/2023\/wp-json\/wp\/v2\/posts"}],"about":[{"href":"https:\/\/radiofenix.com.ar\/2023\/wp-json\/wp\/v2\/types\/post"}],"replies":[{"embeddable":true,"href":"https:\/\/radiofenix.com.ar\/2023\/wp-json\/wp\/v2\/comments?post=195461"}],"version-history":[{"count":0,"href":"https:\/\/radiofenix.com.ar\/2023\/wp-json\/wp\/v2\/posts\/195461\/revisions"}],"wp:featuredmedia":[{"embeddable":true,"href":"https:\/\/radiofenix.com.ar\/2023\/wp-json\/wp\/v2\/media\/195462"}],"wp:attachment":[{"href":"https:\/\/radiofenix.com.ar\/2023\/wp-json\/wp\/v2\/media?parent=195461"}],"wp:term":[{"taxonomy":"category","embeddable":true,"href":"https:\/\/radiofenix.com.ar\/2023\/wp-json\/wp\/v2\/categories?post=195461"},{"taxonomy":"post_tag","embeddable":true,"href":"https:\/\/radiofenix.com.ar\/2023\/wp-json\/wp\/v2\/tags?post=195461"}],"curies":[{"name":"wp","href":"https:\/\/api.w.org\/{rel}","templated":true}]}}