{"id":195463,"date":"2024-10-11T08:57:56","date_gmt":"2024-10-11T08:57:56","guid":{"rendered":"https:\/\/radiofenix.com.ar\/2023\/ernesto-tabarez-la-miseria-llega-hasta-el-borde-de-la-tierra-y-luego-es-mar\/"},"modified":"2024-10-11T08:57:56","modified_gmt":"2024-10-11T08:57:56","slug":"ernesto-tabarez-la-miseria-llega-hasta-el-borde-de-la-tierra-y-luego-es-mar","status":"publish","type":"post","link":"https:\/\/radiofenix.com.ar\/2023\/ernesto-tabarez-la-miseria-llega-hasta-el-borde-de-la-tierra-y-luego-es-mar\/","title":{"rendered":"Ernesto Tab\u00e1rez: &quot;La miseria llega hasta el borde de la tierra, y luego es mar\u201d"},"content":{"rendered":"<div>\n<p>Cada vez que<b> Ernesto Tab\u00e1rez<\/b> habla, <b>la intensidad respira. <\/b>Y lo hace m\u00e1s fuerte cuando \u00e9l canta. <i>Plata<\/i>, el m\u00e1s reciente disco de <b>Et\u00e9 y Los Problems,<\/b> se grab\u00f3 en medio de la agon\u00eda. <b>El frontman se estaba quedando sin voz.<\/b> \u201cEs ambiguo lo que aprend\u00ed de todo eso\u201d, confiesa el <b>vocalista y guitarrista de la banda uruguaya.<\/b> \u201cRem\u00e1s todo lo que pod\u00e9s. Pero no depende de vos. Entonces no te queda otra opci\u00f3n que seguir rem\u00e1ndola\u201d. Sin embargo, lo que inspir\u00f3 a este quinto trabajo de estudio, que <b>presentar\u00e1n el viernes 11 de octubre a las 20 en Niceto Club, <\/b>no fue esa procesi\u00f3n, sino el mar. O m\u00e1s bien el imaginario portuario. \u201cYo veo al puerto desde mi casa. Hay un lenguaje, una fauna y un grupo de personas que habita en todos los puertos. Los coreanos, los filipinos, los rusos, los dealers, las putas\u2026\u201d.<\/p>\n<p><b>-\u00bfNo es muy retro lo que cont\u00e1s?<\/b><\/p>\n<p>-Eso sigue vivo. A un tipo que est\u00e1 tres meses en el mar, cuando baja a tierra ten\u00e9s que darle de comer la mejor comida. De hecho, el cocinero brit\u00e1nico Rick Stein dice que en el puerto hay una zona de restoranes tur\u00edsticos, pero fuera de \u00e9ste el primer restor\u00e1n que consegu\u00eds es el mejor de la ciudad. Ah\u00ed comen los que trabajan en el puerto. Y en Montevideo puedo confirmarlo. <\/p>\n<p><b>-Habl\u00e1s del puerto desde un tiempo presente o a partir de una idea rom\u00e1ntica. <\/b><\/p>\n<p>-Es un puerto real, del que soy testigo todos los d\u00edas, que construye un puerto imaginario, que es atemporal. <b>Es toda la humanidad arrojada al mar.<\/b> Est\u00e1n los fenicios, la m\u00fasica irlandesa, est\u00e1n las mandolinas y los acordeones, y los tambores y los negros que cruzaron el oc\u00e9ano. <\/p>\n<p><b>-Los barcos ya no son lo mismo que hace un siglo. <\/b><\/p>\n<p>-Pero siguen llegando llenos de gente. Los escucho comer debajo de casa o buscando wifi. Hay una vida de los trabajadores del puerto. No s\u00e9 c\u00f3mo es la de los turistas. Lo que no tiene es la centralidad. Se la sacaron los aviones. <\/p>\n<div class=\"iframely-embed medium-embedded-content\" data-html=\"Jmx0O2RpdiZndDsmbHQ7ZGl2IHN0eWxlPSJsZWZ0OiAwOyB3aWR0aDogMTAwJTsgaGVpZ2h0OiAzNTJweDsgcG9zaXRpb246IHJlbGF0aXZlOyImZ3Q7Jmx0O2lmcmFtZSBzcmM9Imh0dHBzOi8vaWZyYW1lbHkucGFnaW5hMTIuY29tLmFyL2FwaS9pZnJhbWU\/dXJsPWh0dHBzJTNBJTJGJTJGb3Blbi5zcG90aWZ5LmNvbSUyRmludGwtZXMlMkZhbGJ1bSUyRjFnV3k4Z1lQd1ZXbHpYNUpoVFdldEMlM0ZzaSUzRE82OS11aktPUk5HaTh2YUVDVVNEd2cmYW1wO2tleT00Njc2YjVmZGMwODMyNTdlYTg3ZjcxNjA4Yzc0ZTlmZSIgc3R5bGU9InRvcDogMDsgbGVmdDogMDsgd2lkdGg6IDEwMCU7IGhlaWdodDogMTAwJTsgcG9zaXRpb246IGFic29sdXRlOyBib3JkZXI6IDA7IiBhbGxvd2Z1bGxzY3JlZW4gYWxsb3c9ImF1dG9wbGF5ICo7IGNsaXBib2FyZC13cml0ZSAqOyBlbmNyeXB0ZWQtbWVkaWEgKjsgZnVsbHNjcmVlbiAqOyBwaWN0dXJlLWluLXBpY3R1cmUgKjsiJmd0OyZsdDsvaWZyYW1lJmd0OyZsdDsvZGl2Jmd0OyZsdDsvZGl2Jmd0OyZsdDtkaXYgY2xhc3M9Im1lZGl1bS1pbnNlcnQtZW1iZWRzLW1ldGEiJmd0OyZsdDtzY3JpcHQgdHlwZT0idGV4dC9qc29uIiZndDt7InVybCI6Imh0dHBzOi8vb3Blbi5zcG90aWZ5LmNvbS9hbGJ1bS8xZ1d5OGdZUHdWV2x6WDVKaFRXZXRDIiwidHlwZSI6InJpY2giLCJ2ZXJzaW9uIjoiMS4wIiwidGl0bGUiOiJQbGF0YSIsImF1dGhvcl91cmwiOiJodHRwczovL29wZW4uc3BvdGlmeS5jb20vYXJ0aXN0LzcwOENsN2ZMdEx0MFFrRDFzRk9UWmsiLCJwcm92aWRlcl9uYW1lIjoiU3BvdGlmeSIsImRlc2NyaXB0aW9uIjoiRXTDqSAmYW1wOyBMb3MgUHJvYmxlbXMgwrcgQWxidW0gwrcgMjAyNCDCtyAxMSBzb25ncyIsInRodW1ibmFpbF91cmwiOiJodHRwczovL2kuc2Nkbi5jby9pbWFnZS9hYjY3NjE2ZDAwMDBiMjczNWM0MTIzNzZhYzczOGI3YzE4NDYzMzI4IiwidGh1bWJuYWlsX3dpZHRoIjo2NDAsInRodW1ibmFpbF9oZWlnaHQiOjY0MCwiaGVpZ2h0IjozNTIsImNhY2hlX2FnZSI6ODY0MDAsIm9wdGlvbnMiOnsiX3BsYXlsaXN0Ijp7ImxhYmVsIjoiSW5jbHVkZSBwbGF5bGlzdCIsInZhbHVlIjp0cnVlfX19Jmx0Oy9zY3JpcHQmZ3Q7Jmx0Oy9kaXYmZ3Q7\">\n<a data-iframely-url=\"\" href=\"https:\/\/open.spotify.com\/album\/1gWy8gYPwVWlzX5JhTWetC\">https:\/\/open.spotify.com\/album\/1gWy8gYPwVWlzX5JhTWetC<\/a>\n<\/div>\n<p><b>-\u00bfC\u00f3mo ser\u00eda para vos el marinero moderno?<\/b><\/p>\n<p>-Part\u00ed de la base de que todos los marineros son lo mismo. Todos los tipos enfrentados al mar son el mismo por la dimensi\u00f3n. El tama\u00f1o del mar hace que seamos <b>la nada misma. <\/b>M\u00e1s all\u00e1 de la pirater\u00eda, los barcos son lugares de trabajo con condiciones muy dudosas. Hay una mitolog\u00eda de gente asesinada y tirada por la borda. De eso habla la canci\u00f3n \u201cIsmael\u201d. <\/p>\n<p><b>-\u00bfC\u00f3mo fuiste hilvanando el relato de <i>Plata? <\/i><\/b><\/p>\n<p>-Sab\u00eda que el disco comenzaba con una plegaria. Y eso qued\u00f3. Part\u00ed de la base de que <b>un marinero es supersticioso.<\/b> Necesita tener fe porque uno no se sube a una de esas cosas si no cree que va a volver. Tambi\u00e9n supe que necesitaba una canci\u00f3n que empujara como el viento. Le\u00ed muchas bit\u00e1coras para hacer el disco, y en todas hay momentos en el que no hay viento y la tripulaci\u00f3n no sabe qu\u00e9 hacer. Un d\u00eda vuelve a soplar la brisa, y a las dos horas est\u00e1n volando sobre el agua. En \u201cLas palomas\u201d est\u00e1 eso. Despu\u00e9s quer\u00eda una cosa m\u00e1s de la orilla, de cuando la ola lame la arena. Ese tema se llama \u201cPlata\u201d. Arm\u00e9 el disco sabiendo algunas cosas que quer\u00eda y otras que fui encontrando. <\/p>\n<p><b>-\u00bfQu\u00e9 encontraste?<\/b><\/p>\n<p>-\u201cSanta Mar\u00eda\u201d es una canci\u00f3n particular. Recorre senderos en los que nunca me hab\u00eda aventurado. Est\u00e1 inspirada en la carabela de Col\u00f3n y en mi pareja, que se llama Mar\u00eda del Mar. Adem\u00e1s, seg\u00fan escuch\u00e9, a la iglesia de Santa Mar\u00eda del Mar, en Barcelona, le llevaban flores a los marineros muertos en alta mar. Era una referencia para los que no volv\u00edan. La canci\u00f3n tiene momentos basados en <i>Hey What,<\/i> el \u00faltimo disco de Low, y tiene coro de iglesia. Era algo que no me esperaba. <\/p>\n<p>-Publicado el 7 de junio, <i>Plata <\/i>es un disco de <b>rock rioplatense, en el sentido m\u00e1s literal.<\/b> Se grab\u00f3 entre Montevideo y Buenos Aires, fue producido por el argentino <b>Ale V\u00e1zquez<\/b> (trabaj\u00f3 con Charly, Spinetta, Divididos, La Renga) y el uruguayo <b>Sebasti\u00e1n Teysera<\/b> (cantante de La Vela Puerca), y tiene ese color gris\u00e1ceo que conecta a ambas orillas. \u201cTengo la idea de que hay calma en las ciudades con costa, porque todo lo que la humanidad construye termina en la frontera con el agua. <b>La miseria llega hasta el borde de la tierra, y luego es mar\u201d, <\/b>reflexiona Tab\u00e1rez. \u201cMontevideo, en comparaci\u00f3n con Buenos Aires, est\u00e1 m\u00e1s conectada al r\u00edo. Sin embargo, hay una conexi\u00f3n indisoluble entre ambas ciudades, casi como noci\u00f3n. Con todo eso se construy\u00f3 la <b>identidad <\/b>del disco\u201d. <\/p>\n<p><b>-Pese a su melancol\u00eda rioplatense, en estas 11 canciones hay una intenci\u00f3n cosmopolita. <\/b><\/p>\n<p>-Parto de la base de que mis discos van a ser rioplatenses, y de que voy a tratar de ponerle un poco de lo otro. Estamos en tiempos oscuros, y la respuesta a eso es buscar el bien. Este disco fue escrito en la <b>pandemia<\/b>, y es el primero que hago desde que tengo una hija. Quer\u00eda hacer un disco que pudiera escuchar con ella. M\u00e1s all\u00e1 de su melancol\u00eda, tiene cierta luminosidad. <\/p>\n<p>Entre diarios de a bordo, arena, salitre, mandolinas y guitarras portuguesas, aparece <i>Moby Dick. <\/i>El libro de <b>Herman Melville,<\/b> am\u00e9n de inspirar la canci\u00f3n de <b>Led Zeppelin,<\/b> tambi\u00e9n sirvi\u00f3 de gu\u00eda en la confecci\u00f3n del \u00faltimo \u00e1lbum de Et\u00e9 y Los Problems. \u201cEl 31 de diciembre de 2019 lo pas\u00e9 en mi casa nueva. <b>Cuando se hacen las 12, todos los barcos tocan la bocina al mismo tiempo.<\/b> No lo pod\u00e9s creer\u201d, ilustra el frontman, quien atiende a esta entrevista en el jard\u00edn de la casa de una amiga en el barrio de Palermo. \u201cYo no sab\u00eda que eso exist\u00eda, y es un sonido enorme.<b> Es un canto de animales, de ballenas y de \u00e1ngeles.<\/b> Temblaba todo. Cuando termin\u00f3, me dije: \u2018Tengo que hacer un disco de esto\u2019. A las pocas semanas, me reencontr\u00e9 con <i>Moby Dick. <\/i>Me atraves\u00f3 muchas veces, e intent\u00e9 no terminarlo. No quer\u00eda llegar a la muerte\u201d. <\/p>\n<p><b>-Es curioso lo que dec\u00eds porque hiciste el disco pensando que te mor\u00edas. <\/b><\/p>\n<p>-No sab\u00eda si era mi \u00faltimo disco. Cuando empec\u00e9 a grabarlo, descubr\u00ed que no pod\u00eda cantarlo. Eso fue en noviembre pasado.<b> Yo cant\u00e9 esos temas en el borde de mis posibilidades,<\/b> en el borde de mis fuerzas. Tuve la fantas\u00eda de ir a mi propio funeral. En junio, tras la salida de Plata, me oper\u00e9 las cuerdas vocales. Mientras esperaba el resultado, estuve mudo. <b>Todo mi equipo me sostuvo.<\/b> S\u00f3lo podemos sostenernos si estamos juntos, s\u00f3lo en comunidad se resuelven estas cosas. Estuve semanas sin poder hablar. Cuando presentamos el disco en Montevideo, nadie sab\u00eda si yo llegaba. Est\u00e1bamos todos con el culo en la mano. Pero pas\u00f3 una cosa incre\u00edble:<b> no pod\u00eda hablar, pero s\u00ed pod\u00eda cantar.\u00a0<\/b><\/p>\n<\/div>\n<p><a href=\"https:\/\/www.pagina12.com.ar\/773951-ernesto-tabarez-la-miseria-llega-hasta-el-borde-de-la-tierra\">source<\/a><\/p>\n","protected":false},"excerpt":{"rendered":"<p>Cada vez que Ernesto Tab\u00e1rez habla, la intensidad respira. Y lo hace m\u00e1s fuerte cuando&#8230;<\/p>\n","protected":false},"author":0,"featured_media":195464,"comment_status":"open","ping_status":"open","sticky":false,"template":"","format":"standard","meta":{"footnotes":""},"categories":[4],"tags":[],"class_list":["post-195463","post","type-post","status-publish","format-standard","has-post-thumbnail","hentry","category-espectaculos"],"featured_image_urls":{"full":["https:\/\/radiofenix.com.ar\/2023\/wp-content\/uploads\/wp-header-logo.png",0,0,false],"thumbnail":["https:\/\/radiofenix.com.ar\/2023\/wp-content\/uploads\/wp-header-logo.png",1,1,false],"medium":["https:\/\/radiofenix.com.ar\/2023\/wp-content\/uploads\/wp-header-logo.png",1,1,false],"medium_large":["https:\/\/radiofenix.com.ar\/2023\/wp-content\/uploads\/wp-header-logo.png",1,1,false],"large":["https:\/\/radiofenix.com.ar\/2023\/wp-content\/uploads\/wp-header-logo.png",1,1,false],"1536x1536":["https:\/\/radiofenix.com.ar\/2023\/wp-content\/uploads\/wp-header-logo.png",1,1,false],"2048x2048":["https:\/\/radiofenix.com.ar\/2023\/wp-content\/uploads\/wp-header-logo.png",1,1,false],"newsium-slider-full":["https:\/\/radiofenix.com.ar\/2023\/wp-content\/uploads\/wp-header-logo.png",1,1,false],"newsium-featured":["https:\/\/radiofenix.com.ar\/2023\/wp-content\/uploads\/wp-header-logo.png",1,1,false],"newsium-medium":["https:\/\/radiofenix.com.ar\/2023\/wp-content\/uploads\/wp-header-logo.png",1,1,false]},"author_info":{"info":[""]},"category_info":"<a href=\"https:\/\/radiofenix.com.ar\/2023\/category\/espectaculos\/\" rel=\"category tag\">Espectaculos<\/a>","tag_info":"Espectaculos","comment_count":"0","_links":{"self":[{"href":"https:\/\/radiofenix.com.ar\/2023\/wp-json\/wp\/v2\/posts\/195463","targetHints":{"allow":["GET"]}}],"collection":[{"href":"https:\/\/radiofenix.com.ar\/2023\/wp-json\/wp\/v2\/posts"}],"about":[{"href":"https:\/\/radiofenix.com.ar\/2023\/wp-json\/wp\/v2\/types\/post"}],"replies":[{"embeddable":true,"href":"https:\/\/radiofenix.com.ar\/2023\/wp-json\/wp\/v2\/comments?post=195463"}],"version-history":[{"count":0,"href":"https:\/\/radiofenix.com.ar\/2023\/wp-json\/wp\/v2\/posts\/195463\/revisions"}],"wp:featuredmedia":[{"embeddable":true,"href":"https:\/\/radiofenix.com.ar\/2023\/wp-json\/wp\/v2\/media\/195464"}],"wp:attachment":[{"href":"https:\/\/radiofenix.com.ar\/2023\/wp-json\/wp\/v2\/media?parent=195463"}],"wp:term":[{"taxonomy":"category","embeddable":true,"href":"https:\/\/radiofenix.com.ar\/2023\/wp-json\/wp\/v2\/categories?post=195463"},{"taxonomy":"post_tag","embeddable":true,"href":"https:\/\/radiofenix.com.ar\/2023\/wp-json\/wp\/v2\/tags?post=195463"}],"curies":[{"name":"wp","href":"https:\/\/api.w.org\/{rel}","templated":true}]}}