{"id":195465,"date":"2024-10-11T12:25:20","date_gmt":"2024-10-11T12:25:20","guid":{"rendered":"https:\/\/radiofenix.com.ar\/2023\/por-que-la-inflacion-del-indec-da-35-si-los-precios-suben-mucho-mas\/"},"modified":"2024-10-11T12:25:20","modified_gmt":"2024-10-11T12:25:20","slug":"por-que-la-inflacion-del-indec-da-35-si-los-precios-suben-mucho-mas","status":"publish","type":"post","link":"https:\/\/radiofenix.com.ar\/2023\/por-que-la-inflacion-del-indec-da-35-si-los-precios-suben-mucho-mas\/","title":{"rendered":"\u00bfPor qu\u00e9 la inflaci\u00f3n del INDEC da 3,5% si los precios suben mucho m\u00e1s?"},"content":{"rendered":"<div>\n<p><b>\u201c\u00bfC\u00f3mo la <a href=\"https:\/\/www.pagina12.com.ar\/773804-la-inflacion-de-septiembre-fue-del-3-5-por-ciento\">inflaci\u00f3n va a ser del 3,5%<\/a> si todo aumenta mucho m\u00e1s?\u201d<\/b>\u00a0es algo que millones de argentinos se preguntan. Esta desconexi\u00f3n entre la desaceleraci\u00f3n del <b>\u00cdndice de precios al Consumidor (IPC)<\/b> que mide el <b>INDEC<\/b>\u00a0y los fuertes<b> aumentos de precios<\/b> ha reavivado el debate acerca de las estad\u00edsticas del ente oficial. En septiembre dio 3,5% y el acumulado desde diciembre es de 152,94%.<\/p>\n<h3\/>\n<p>El propio <b\/><a href=\"https:\/\/www.pagina12.com.ar\/766311-lavagna-entro-al-debate-de-por-que-el-ipc-no-refleja-el-cost\"><b>Marco Lavaga<\/b>, titular del <b>INDEC<\/b><\/a><b\/>, reconoci\u00f3 que se est\u00e1n trabajando algunos cambios en la medici\u00f3n. El conflicto radica en las bases y las <b>ponderaciones<\/b> que se utilizan. Las dificultades metodol\u00f3gicas para medir la <b>inflaci\u00f3n en Argentina <\/b>y\u00a0la inestabilidad econ\u00f3mica.<\/p>\n<h2>\u00bfQu\u00e9 es la inflaci\u00f3n, qu\u00e9 es el IPC y c\u00f3mo se mide en Argentina?\u00a0<\/h2>\n<p>Seg\u00fan el <a href=\"https:\/\/archivo.consejo.org.ar\/consejodigital\/RC44\/ipcba.html\" target=\"_blank\" rel=\"noopener\">Consejo Profesional de Ciencias Econ\u00f3micas de CABA<\/a>, <b>\u201cla inflaci\u00f3n es un fen\u00f3meno que involucra la suba generalizada de todos los precios de una econom\u00eda<\/b>\u00ab. Afecta tanto a los bienes y servicios que se consumen en el pa\u00eds como a los importados. Tambi\u00e9n impacta en los insumos que se usan en las industrias y en las inversiones.<\/p>\n<p>Pero como es imposible relevar todos los precios de una econom\u00eda, cada pa\u00eds utiliza su metodolog\u00eda para medir la inflaci\u00f3n. En <b>Argentina<\/b>, el <b>INDEC<\/b>, con apoyo de las direcciones provinciales de estad\u00edstica, calcula el<b>\u00a0<a href=\"https:\/\/www.indec.gob.ar\/ftp\/cuadros\/economia\/metodologia_ipc_nacional_2019.pdf\" target=\"_blank\" rel=\"noopener\">IPC<\/a><\/b>, ese que conocemos como <b>\u201cel n\u00famero de la inflaci\u00f3n\u201d<\/b>.\u00a0<\/p>\n<p>El IPC mide la <b>evoluci\u00f3n de los precios de un conjunto de bienes y servicios representativos del gasto de consumo de los hogares residentes en \u00e1reas urbanas<\/b>. Sus resultados se publican como \u00edndice nacional; y para Cuyo, GBA, Noreste, Noroeste, Pampeana y Patagonia, como \u00edndices regionales.\u00a0<\/p>\n<div class=\"medium-insert-embeds\">\n<figure>\n<div class=\"medium-insert-embed\">\n<div align=\"center\">\n<figure role=\"group\" class=\"caption caption-div embedded-entity\"><figcaption>IPC de los \u00faltimos meses. Fuente: INDEC<\/figcaption><\/figure>\n<\/div>\n<\/div>\n<\/figure>\n<\/div>\n<p>Este \u00edndice no solo sirve para comparar la <b>evoluci\u00f3n de precios<\/b> en distintos sectores de la econom\u00eda o como indicador del cambio en el <b>poder de compra<\/b> de los consumidores, sino que es importante para determinar pol\u00edticas econ\u00f3micas y monetarias, obligaciones contractuales, tasa de inter\u00e9s y remuneraciones, entre otras cuestiones.<\/p>\n<h3>\u00bfC\u00f3mo se definen los bienes y servicios que son representativos del gasto de consumo de los hogares?<\/h3>\n<p>El INDEC toma como base la <b>Encuesta Nacional de Gastos de los Hogares (ENGHO) 2004-2005<\/b>, una encuesta a nivel nacional en la que se comparararon ingresos y gastos de las familias en todo el pa\u00eds (qu\u00e9 y d\u00f3nde compraban). Con esa informaci\u00f3n se arm\u00f3 una <b>canasta de consumo<\/b> cuya evoluci\u00f3n de precios es la que define el <b>IPC<\/b>.\u00a0<\/p>\n<p>El ente estad\u00edstico\u00a0releva unos 320.000 precios todos los d\u00edas h\u00e1biles en m\u00e1s de 500 supermercados, 16.200 negocios de cercan\u00eda y empresas prestadoras de servicios, ya sea de manera presencial, telef\u00f3nica o digital.<\/p>\n<p>Para calcular el IPC, el INDEC divide los bienes y servicios en 12 rubros, los cuales a su vez tienen subdivisiones y dentro de ellas productos particulares. Por ejemplo, <b>Alimentos y Bebidas<\/b> incluye, entre otros,<b> Frutas<\/b>, y all\u00ed dentro se calculan por separado los precios de la banana, la manzana y la naranja.<\/p>\n<div class=\"medium-insert-embeds\">\n<figure>\n<div class=\"medium-insert-embed\">\n<div align=\"center\">\n<figure role=\"group\" class=\"caption caption-div embedded-entity\"><figcaption>Las 12 divisiones que hace el INDEC para medir el IPC. Se basa en recomendaciones de Naciones Unidas. Fuente: INDEC.<\/figcaption><\/figure>\n<\/div>\n<\/div>\n<\/figure>\n<\/div>\n<h2>\u00bfQu\u00e9 son las ponderaciones del INDEC?<\/h2>\n<p>En cada una de las regiones mencionadas anteriormente (GBA, Patagonia, Cuyo, etc), el <b>INDEC<\/b> calcula la evoluci\u00f3n de precios de esos 12 rubros y sus respectivos desagregados. El promedio de todas las zonas da como resultado el n\u00famero final del <b>IPC\u00a0<\/b>a nivel nacional<\/p>\n<p>Pero no todos los bienes y servicios tienen el mismo peso, sino que existen <b>ponderaciones<\/b>. Estas fueron actualizadas en diciembre de 2016 y determinan que, por ejemplo, en GBA los hogares gastan en promedio 10,46% de sus ingresos en <b>Vivienda, agua, electricidad y otros combustibles<\/b>, mientras que <b>Alimentos y Bebidas<\/b> representa un 23,44%.\u00a0<\/p>\n<p>De esta manera, <b>los aumentos en la comida tienen un peso mucho mayor a la hora de calcular el IPC que los relacionados al alquiler y al pago de servicios como agua, luz y gas<\/b>.\u00a0<\/p>\n<div class=\"medium-insert-embeds\">\n<figure>\n<div class=\"medium-insert-embed\">\n<div align=\"center\">\n<figure role=\"group\" class=\"caption caption-div embedded-entity\"><figcaption>Ponderaciones que hace el INDEC por rubro y regi\u00f3n. Los de mayor porcentaje pesan m\u00e1s a la hora de calcular el IPC.<\/figcaption><\/figure>\n<\/div>\n<\/div>\n<\/figure>\n<\/div>\n<p>Estas valoraciones son claves para explicar el desfasaje entre los datos del <b>IPC<\/b> y lo que perciben los trabajadores en sus bolsillos. <b>Lo que m\u00e1s aumenta de precio en los \u00faltimos meses es lo que menos pondera el INDEC<\/b>.\u00a0<\/p>\n<p>Entre diciembre de 2023 y septiembre de este a\u00f1o, <b>Vivienda, agua, electricidad, gas y otros combustibles<\/b> aument\u00f3 en promedio 191,7% en el GBA (200,4% a nivel nacional), <b>Comunicaci\u00f3n<\/b> (incluye servicios de Internet y telefon\u00eda) 163,1% y <b>Educaci\u00f3n<\/b> 142,4%, por ejemplo. <b>Su peso en el IPC para esa zona es s\u00f3lo de 10,46%, 2,81% y 3,02% respectivamente<\/b>. Lo mismo ocurre en las dem\u00e1s regiones del pa\u00eds.<\/p>\n<div class=\"medium-insert-embeds\">\n<figure>\n<div class=\"medium-insert-embed\">\n<div align=\"center\">\n<figure role=\"group\" class=\"caption caption-div embedded-entity\"><figcaption>Aumentos de precios de cada rubro y en cada regi\u00f3n desde diciembre de 2023 hasta septiembre de 2024.<\/figcaption><\/figure>\n<\/div>\n<\/div>\n<\/figure>\n<\/div>\n<p>Seg\u00fan el INDEC,\u00a0los gastos en alquileres, electricidad, luz, agua, internet, telefon\u00eda y educaci\u00f3n apenas representan el 16,29% de los gastos totales de los hogares. El rubro m\u00e1s ponderado,\u00a0<b>Alimentos y Bebidas<\/b>, ha desacelerado sus aumentos en los \u00faltimos meses. Esto debido al<a href=\"https:\/\/www.pagina12.com.ar\/768526-dolar-blue-dolar-hoy-a-cuanto-cotizan-el-jueves-19-de-septie\"> <b>ancla cambiaria<\/b><\/a><b\/> y la <b>profunda recesi\u00f3n econ\u00f3mica<\/b> producto de la <b>ca\u00edda del consumo masivo<\/b>, que en septiembre fue del 18% interanual seg\u00fan la consultora <i>Scentia<\/i>.<\/p>\n<p>Este mes no fue la excepci\u00f3n a esta l\u00f3gica que se viene dando desde diciembre de 2023: <b>los gastos relacionados a la vivienda y los servicios b\u00e1sicos sufrieron aumentos del 7,3% en promedio, por lo que fueron el rubro que m\u00e1s se encareci\u00f3<\/b>. Casi en el otro extremo, los alimentos tuvieron incrementos del 2,3%.\u00a0<\/p>\n<div class=\"medium-insert-embeds\">\n<figure>\n<div class=\"medium-insert-embed\">\n<div align=\"center\">\n<figure role=\"group\" class=\"caption caption-div embedded-entity\"><figcaption>Aumentos de cada rubro en septiembre. Fuente: INDEC.<\/figcaption><\/figure>\n<\/div>\n<\/div>\n<\/figure>\n<\/div>\n<p><b>\u00abEl cambio de ponderaciones de 2016 se hizo al rev\u00e9s de lo que deber\u00eda haberse hecho\u00bb<\/b>, sostiene Fabi\u00e1n Amico, economista de CITRA (UMET-CONICET) y director del Instituto Estad\u00edstico de los Trabajadores de UMET, en di\u00e1logo con <b>P\u00e1gina|12<\/b>. \u00abEl gobierno de <b>Mauricio Macri <\/b>aument\u00f3 mucho las tarifas y por ende se pod\u00eda presumir que en proporci\u00f3n los hogares iban a destinar m\u00e1s dinero a pagar esos servicios\u00bb, agrega.<\/p>\n<p>\u201cEst\u00e1 bajando el peso de los alimentos y subiendo el de las tarifas, dado el aumento\u201d, reconoci\u00f3 <b>Marco Lavagna<\/b>, director del <b>INDEC<\/b>, en una entrevista radial reciente. <b>\u201cEspero que en los pr\u00f3ximos 2 meses podamos salir con el nuevo IPC, con canasta actualizada<\/b>. De 320 mil a 500 mil precios. De 16.700 informantes a 24.000. Estamos en las pruebas finales\u201d, anticip\u00f3 hace unas semanas.<\/p>\n<div class=\"medium-insert-embeds\">\n<figure>\n<div class=\"medium-insert-embed\">\n<div align=\"center\">\n<figure role=\"group\" class=\"caption caption-div embedded-entity\"><figcaption>Adem\u00e1s de los rubros, cada regi\u00f3n es ponderada de diferente manera. El IPC de GBA tiene un peso mucho mayor al de la Patagonia para calcular el n\u00famero final a nivel nacional.\u00a0<\/figcaption><\/figure>\n<\/div>\n<\/div>\n<\/figure>\n<\/div>\n<h3>Subsidios e impuestos: lo que el INDEC no calcula en el IPC<\/h3>\n<p>Es importante tener en cuenta que el <b>INDEC<\/b> <b>para hacer el c\u00e1lculo toma \u00fanicamente los precios o las tarifas completas, sin subsidios,\u00a0<\/b>para evitar distorsiones. S\u00ed se toman en cuenta los <b>aumentos del transporte y las tarifas<\/b>, ya que se realizan sobre el precio que paga la gran mayor\u00eda. Tambi\u00e9n cabe recordar que hace unos meses\u00a0<b>Luis Caputo<\/b>, ministro de Econom\u00eda, se pele\u00f3 con los supermercados para que <a href=\"https:\/\/www.pagina12.com.ar\/720626-caputo-le-hace-el-festejo-a-los-supermercados\">en vez de hacer promociones 2&#215;1 pusieran los productos con descuentos por unidad<\/a>: lo primero no repercute en el IPC, lo segundo s\u00ed.\u00a0<\/p>\n<p>Tampoco se toman en consideraci\u00f3n los impuestos, por lo que el regreso de la <b>cuarta categor\u00eda del Impuesto a las Ganancias para los trabajadores<\/b>, eliminada por <b>Sergio Massa<\/b> y restablecida por el actual gobierno a trav\u00e9s del <b>Paquete Fiscal<\/b> aprobado en el <b>Congreso<\/b>, no afect\u00f3 al \u00edndice del <b>INDEC<\/b>.\u00a0<\/p>\n<h2>\u00bfSe puede mejorar el c\u00e1lculo del IPC?<\/h2>\n<p>Es evidente que <b>las ponderaciones del INDEC no reflejan los consumos de los argentinos<\/b>. Adem\u00e1s, la canasta est\u00e1 hecha en base a los consumos de 2004\/2005 y en estos 20 a\u00f1os han cambiado muchas cuestiones. Un ejemplo de ello es el aumento del consumo de servicios, teniendo en cuenta internet, telefon\u00eda, servicios de streaming, etc, y la disminuci\u00f3n, en porcentaje, del de bienes.\u00a0<\/p>\n<p>\u201cEl problema a mi entender es que se trata de dejar la misma canasta porque <b>cuando compar\u00e1s bienes a lo largo del tiempo es m\u00e1s f\u00e1cil<\/b>. Se podr\u00eda mantener ese dato con esta canasta y agregar una nueva\u201d, sugiere el economista <a href=\"https:\/\/www.youtube.com\/@EconomiaSinFalacias\" target=\"_blank\" rel=\"noopener\">Guido Agostinelli<\/a>, profesor de Macroeconom\u00eda en la UBA y autor del libro <i>Falacias Libertarias<\/i>, consultado por <b>P\u00e1gina|12<\/b>.<\/p>\n<h3>Una inflaci\u00f3n m\u00e1s real<\/h3>\n<p><b>El Gobierno cuenta con datos m\u00e1s recientes<\/b>, provenientes de la <b>Encuesta Nacional de Gastos de los Hogares 2017-18 <\/b>(se utilizar\u00edan para los cambios que anticip\u00f3 Lavagna). All\u00ed cambia la canasta y baja un poco el peso de Alimentos y suben bastante el de Vivienda y servicios y Transporte. Lo mismo Comunicaci\u00f3n que casi que se duplica.\u00a0<\/p>\n<p><b>Si se utilizaran esas ponderaciones, m\u00e1s cercanas a la realidad de estos \u00faltimos meses, la inflaci\u00f3n estar\u00eda varios puntos por encima de la actual<\/b>. \u201cQuiz\u00e1 el Gobierno aspira a empezar a utilizar esos datos nuevos cuando crea que termin\u00f3 de ajustar en las tarifas de los servicios\u201d, advierte Amico.<\/p>\n<p>Por un lado es conveniente no hacer cambios de manera recurrente \u2014el propio Indec recomienda actualizar ponderaciones cada 5 a\u00f1os\u2014 y en caso de hacerlo que sea de manera gradual, pues <b>las grandes modificaciones dificultan la comparaci\u00f3n entre per\u00edodos<\/b>. Pero por el otro lado, se corre el riesgo de tener canastas y ponderaciones muy alejadas de la realidad de la mayor\u00eda de los argentinos.<\/p>\n<h3>Las tarifas de los servicios y la pol\u00edtica econ\u00f3mica<\/h3>\n<p>Aqu\u00ed entra en juego otro problema. Uno que no es estad\u00edstico, sino relacionado a las pol\u00edticas econ\u00f3micas. <b>\u201cTen\u00e9s precios regulados y orientaciones pol\u00edticas de gobiernos extremadamente opuestas. Durante el kirchnerismo se redujo de manera exagerada el porcentaje del gasto que se utilizaba para pagar los servicios y hay otros gobiernos que se aprovechan de eso\u201d<\/b>, destaca Amico.\u00a0<\/p>\n<p>En Argentina el porcentaje que los hogares le destinan a cada rubro de la econom\u00eda es muy fluctuante en plazos cortos de tiempo. Por ejemplo, seg\u00fan la orientaci\u00f3n del gobierno de turno, las tarifas de los servicios son o no un gasto preponderante. <b>Esa falta de estabilidad le genera una gran dificultad al INDEC para establecer ponderadores consistentes a lo largo del tiempo<\/b>.\u00a0<\/p>\n<p>\u201cDurante la convertibilidad, en la que hubo baja inflaci\u00f3n, pero que fue un per\u00edodo muy malo para los salarios, el peso de los servicios p\u00fablicos y privados estaba muy por encima de los alimentos. Ahora ocurre algo parecido. <b>Al menos mientras dure el ancla cambiaria, porque cuando empiecen a devaluar el precio de los alimentos va a subir de nuevo<\/b>\u201d, asegura el economista de la UMET.<\/p>\n<p>Absolutamente todas las consultoras informan ca\u00eddas r\u00e9cord en el consumo masivo (incluso de alimentos y medicamentos, en teor\u00eda lo \u00faltimo en lo que una famila recorta). Esto no hace m\u00e1s que confirmar que la desaceleraci\u00f3n de la <b>inflaci\u00f3n<\/b> que mide el <b>INDEC<\/b>, el caballo de batalla del Gobierno y uno de los pocos n\u00fameros \u201cpositivos\u201d que tiene para mostrar, en realidad no le est\u00e1 mejorando la vida a las grandes mayor\u00edas.<\/p>\n<h3>Segu\u00ed leyendo<\/h3>\n<h3\/><\/div>\n<p><a href=\"https:\/\/www.pagina12.com.ar\/768943-por-que-la-inflacion-del-indec-no-refleja-la-realidad-de-los\">source<\/a><\/p>\n","protected":false},"excerpt":{"rendered":"<p>\u201c\u00bfC\u00f3mo la inflaci\u00f3n va a ser del 3,5% si todo aumenta mucho m\u00e1s?\u201d\u00a0es algo que&#8230;<\/p>\n","protected":false},"author":0,"featured_media":195466,"comment_status":"open","ping_status":"open","sticky":false,"template":"","format":"standard","meta":{"footnotes":""},"categories":[5],"tags":[],"class_list":["post-195465","post","type-post","status-publish","format-standard","has-post-thumbnail","hentry","category-economia"],"featured_image_urls":{"full":["https:\/\/radiofenix.com.ar\/2023\/wp-content\/uploads\/wp-header-logo.png",0,0,false],"thumbnail":["https:\/\/radiofenix.com.ar\/2023\/wp-content\/uploads\/wp-header-logo.png",1,1,false],"medium":["https:\/\/radiofenix.com.ar\/2023\/wp-content\/uploads\/wp-header-logo.png",1,1,false],"medium_large":["https:\/\/radiofenix.com.ar\/2023\/wp-content\/uploads\/wp-header-logo.png",1,1,false],"large":["https:\/\/radiofenix.com.ar\/2023\/wp-content\/uploads\/wp-header-logo.png",1,1,false],"1536x1536":["https:\/\/radiofenix.com.ar\/2023\/wp-content\/uploads\/wp-header-logo.png",1,1,false],"2048x2048":["https:\/\/radiofenix.com.ar\/2023\/wp-content\/uploads\/wp-header-logo.png",1,1,false],"newsium-slider-full":["https:\/\/radiofenix.com.ar\/2023\/wp-content\/uploads\/wp-header-logo.png",1,1,false],"newsium-featured":["https:\/\/radiofenix.com.ar\/2023\/wp-content\/uploads\/wp-header-logo.png",1,1,false],"newsium-medium":["https:\/\/radiofenix.com.ar\/2023\/wp-content\/uploads\/wp-header-logo.png",1,1,false]},"author_info":{"info":[""]},"category_info":"<a href=\"https:\/\/radiofenix.com.ar\/2023\/category\/economia\/\" rel=\"category tag\">Economia<\/a>","tag_info":"Economia","comment_count":"0","_links":{"self":[{"href":"https:\/\/radiofenix.com.ar\/2023\/wp-json\/wp\/v2\/posts\/195465","targetHints":{"allow":["GET"]}}],"collection":[{"href":"https:\/\/radiofenix.com.ar\/2023\/wp-json\/wp\/v2\/posts"}],"about":[{"href":"https:\/\/radiofenix.com.ar\/2023\/wp-json\/wp\/v2\/types\/post"}],"replies":[{"embeddable":true,"href":"https:\/\/radiofenix.com.ar\/2023\/wp-json\/wp\/v2\/comments?post=195465"}],"version-history":[{"count":0,"href":"https:\/\/radiofenix.com.ar\/2023\/wp-json\/wp\/v2\/posts\/195465\/revisions"}],"wp:featuredmedia":[{"embeddable":true,"href":"https:\/\/radiofenix.com.ar\/2023\/wp-json\/wp\/v2\/media\/195466"}],"wp:attachment":[{"href":"https:\/\/radiofenix.com.ar\/2023\/wp-json\/wp\/v2\/media?parent=195465"}],"wp:term":[{"taxonomy":"category","embeddable":true,"href":"https:\/\/radiofenix.com.ar\/2023\/wp-json\/wp\/v2\/categories?post=195465"},{"taxonomy":"post_tag","embeddable":true,"href":"https:\/\/radiofenix.com.ar\/2023\/wp-json\/wp\/v2\/tags?post=195465"}],"curies":[{"name":"wp","href":"https:\/\/api.w.org\/{rel}","templated":true}]}}