{"id":195497,"date":"2024-10-12T11:18:39","date_gmt":"2024-10-12T11:18:39","guid":{"rendered":"https:\/\/radiofenix.com.ar\/2023\/colombia-el-gobierno-y-las-disidencias-de-las-farc-iniciaron-un-nuevo-dialogo\/"},"modified":"2024-10-12T11:18:39","modified_gmt":"2024-10-12T11:18:39","slug":"colombia-el-gobierno-y-las-disidencias-de-las-farc-iniciaron-un-nuevo-dialogo","status":"publish","type":"post","link":"https:\/\/radiofenix.com.ar\/2023\/colombia-el-gobierno-y-las-disidencias-de-las-farc-iniciaron-un-nuevo-dialogo\/","title":{"rendered":"Colombia: el gobierno y las disidencias de las FARC iniciaron un nuevo di\u00e1logo"},"content":{"rendered":"<div>\n<p><b>El gobierno de Colombia y tres bloques del dividido Estado Mayor Central (EMC), la mayor disidencia de las antiguas FARC, iniciaron este viernes en Bogot\u00e1 el VI ciclo de di\u00e1logos de paz<\/b> con varios puntos en la agenda, entre ellos la posibilidad de extender el cese el fuego bilateral que termina el pr\u00f3ximo 15 de octubre. Justo un a\u00f1o despu\u00e9s de la instalaci\u00f3n oficial de las negociaciones de paz, y luego de varias crisis tras la escisi\u00f3n del EMC, las delegaciones se sentaron con la premisa de avanzar y de que <b>\u00abeste ciclo pueda ser un verdadero salto adelante<\/b>\u00ab, en palabras del jefe negociador del gobierno, <b>Camilo Gonz\u00e1lez Posso<\/b>.<\/p>\n<p>\u00ab<b>Hace un a\u00f1o y tres d\u00edas empezamos esta tit\u00e1nica tarea <\/b>donde se le dio el punto de partida a este proceso, ah\u00ed fue donde logramos llegar a un acuerdo. <b>Desde entonces nos hemos encontrado con miles de obst\u00e1culos, con vicisitudes<\/b>\u00ab, acept\u00f3 el delegado de las disidencias, <b>Andrey Avenda\u00f1o<\/b>, quien agreg\u00f3 que est\u00e1n \u00abmuy expectantes de lo que pueda surgir en este ciclo\u00bb.<\/p>\n<p>En este sexto ciclo de conversaciones, que se extender\u00e1 hasta el 19 de octubre y donde se busca extender un cese bilateral con el EMC, al que pertenecen los bloques de Jorge Su\u00e1rez Brice\u00f1o, Magdalena Medio y el Frente Ra\u00fal Reyes, tambi\u00e9n estar\u00e1 sobre la mesa el \u00abtema ambiental\u00bb, que ambas delegaciones consideran \u00abde vital importancia\u00bb. Gonz\u00e1lez Posso agreg\u00f3 que sus expectativas en esta reuni\u00f3n son \u00absalir con decisiones muy puntuales, elaborar un cronograma exacto de trabajo para el siguiente periodo\u00bb.<\/p>\n<p><b>El \u00faltimo ciclo en este proceso se celebr\u00f3 en julio, tambi\u00e9n en Bogot\u00e1, y fue en abril cuando el EMC se escindi\u00f3<\/b>, dejando fuera de las negociaciones a las disidencias comandadas por \u00abIv\u00e1n Mordisco\u00bb, que operan principalmente en el sur del pa\u00eds y protagonizan una escalada de violencia desde entonces. \u00abLlevamos seis meses desde la reconfiguraci\u00f3n de la mesa, en abril abrimos un nuevo periodo y en estos seis meses hemos avanzado mucho para aprobar el acuerdo de participaci\u00f3n, hemos avanzado en prefigurar pasos inmediatos en materia de transformaciones territoriales\u00bb, dijo Gonz\u00e1lez Posso, optimista en el proceso.<\/p>\n<p>La instalaci\u00f3n de este ciclo de di\u00e1logos en Bogot\u00e1 estuvo acompa\u00f1ada de la ministra de Ambiente y Desarrollo Sostenible, Susana Muhamad, quien dijo a las delegaciones que \u00abes un proceso que es necesario que entre en una aceleraci\u00f3n de resultados\u00bb porque el gobierno entra en el segundo tiempo de su mandato y esto supone que debe llegar el momento de \u00abconsolidaci\u00f3n del trabajo\u00bb. \u00abEl gobierno nacional est\u00e1 listo\u00bb, agreg\u00f3 Muhamad en referencia a las transformaciones territoriales y la defensa de la naturaleza, \u00abpero no podemos hacer eso sin la paz\u00bb, alert\u00f3.<\/p>\n<\/div>\n<p><a href=\"https:\/\/www.pagina12.com.ar\/774130-colombia-el-gobierno-y-las-disidencias-de-las-farc-iniciaron\">source<\/a><\/p>\n","protected":false},"excerpt":{"rendered":"<p>El gobierno de Colombia y tres bloques del dividido Estado Mayor Central (EMC), la mayor&#8230;<\/p>\n","protected":false},"author":0,"featured_media":195498,"comment_status":"open","ping_status":"open","sticky":false,"template":"","format":"standard","meta":{"footnotes":""},"categories":[60],"tags":[],"class_list":["post-195497","post","type-post","status-publish","format-standard","has-post-thumbnail","hentry","category-internacional"],"featured_image_urls":{"full":["https:\/\/radiofenix.com.ar\/2023\/wp-content\/uploads\/wp-header-logo.png",0,0,false],"thumbnail":["https:\/\/radiofenix.com.ar\/2023\/wp-content\/uploads\/wp-header-logo.png",1,1,false],"medium":["https:\/\/radiofenix.com.ar\/2023\/wp-content\/uploads\/wp-header-logo.png",1,1,false],"medium_large":["https:\/\/radiofenix.com.ar\/2023\/wp-content\/uploads\/wp-header-logo.png",1,1,false],"large":["https:\/\/radiofenix.com.ar\/2023\/wp-content\/uploads\/wp-header-logo.png",1,1,false],"1536x1536":["https:\/\/radiofenix.com.ar\/2023\/wp-content\/uploads\/wp-header-logo.png",1,1,false],"2048x2048":["https:\/\/radiofenix.com.ar\/2023\/wp-content\/uploads\/wp-header-logo.png",1,1,false],"newsium-slider-full":["https:\/\/radiofenix.com.ar\/2023\/wp-content\/uploads\/wp-header-logo.png",1,1,false],"newsium-featured":["https:\/\/radiofenix.com.ar\/2023\/wp-content\/uploads\/wp-header-logo.png",1,1,false],"newsium-medium":["https:\/\/radiofenix.com.ar\/2023\/wp-content\/uploads\/wp-header-logo.png",1,1,false]},"author_info":{"info":[""]},"category_info":"<a href=\"https:\/\/radiofenix.com.ar\/2023\/category\/internacional\/\" rel=\"category tag\">Internacional<\/a>","tag_info":"Internacional","comment_count":"0","_links":{"self":[{"href":"https:\/\/radiofenix.com.ar\/2023\/wp-json\/wp\/v2\/posts\/195497","targetHints":{"allow":["GET"]}}],"collection":[{"href":"https:\/\/radiofenix.com.ar\/2023\/wp-json\/wp\/v2\/posts"}],"about":[{"href":"https:\/\/radiofenix.com.ar\/2023\/wp-json\/wp\/v2\/types\/post"}],"replies":[{"embeddable":true,"href":"https:\/\/radiofenix.com.ar\/2023\/wp-json\/wp\/v2\/comments?post=195497"}],"version-history":[{"count":0,"href":"https:\/\/radiofenix.com.ar\/2023\/wp-json\/wp\/v2\/posts\/195497\/revisions"}],"wp:featuredmedia":[{"embeddable":true,"href":"https:\/\/radiofenix.com.ar\/2023\/wp-json\/wp\/v2\/media\/195498"}],"wp:attachment":[{"href":"https:\/\/radiofenix.com.ar\/2023\/wp-json\/wp\/v2\/media?parent=195497"}],"wp:term":[{"taxonomy":"category","embeddable":true,"href":"https:\/\/radiofenix.com.ar\/2023\/wp-json\/wp\/v2\/categories?post=195497"},{"taxonomy":"post_tag","embeddable":true,"href":"https:\/\/radiofenix.com.ar\/2023\/wp-json\/wp\/v2\/tags?post=195497"}],"curies":[{"name":"wp","href":"https:\/\/api.w.org\/{rel}","templated":true}]}}