{"id":195507,"date":"2024-10-13T08:58:02","date_gmt":"2024-10-13T08:58:02","guid":{"rendered":"https:\/\/radiofenix.com.ar\/2023\/violencia-de-genero-la-defensa-de-alberto-fernandez-quiere-apartar-al-fiscal-que-investiga\/"},"modified":"2024-10-13T08:58:02","modified_gmt":"2024-10-13T08:58:02","slug":"violencia-de-genero-la-defensa-de-alberto-fernandez-quiere-apartar-al-fiscal-que-investiga","status":"publish","type":"post","link":"https:\/\/radiofenix.com.ar\/2023\/violencia-de-genero-la-defensa-de-alberto-fernandez-quiere-apartar-al-fiscal-que-investiga\/","title":{"rendered":"Violencia de g\u00e9nero: la defensa de Alberto Fern\u00e1ndez quiere apartar al fiscal que investiga"},"content":{"rendered":"<div id=\"\">\n<p>La presentaci\u00f3n fue hecha por la abogada Silvina Carreira, un d\u00eda despu\u00e9s de que <strong>Espa\u00f1a cerrara el tr\u00e1mite para realizar una pericia al celular de Ya\u00f1ez<\/strong> porque la ex primera dama falt\u00f3 a dos citaciones.<\/p>\n<p>Y\u00e1\u00f1ez, como se sabe, <strong>no se present\u00f3 ni martes ni mi\u00e9rcoles ante la Justicia espa\u00f1ola para entregar su tel\u00e9fono celular<\/strong>, lo que termin\u00f3 por r<strong>omper el acuerdo que hab\u00eda establecido con el Juzgado argentino<\/strong> que investiga la denuncia por presunta violencia de g\u00e9nero.<\/p>\n<p>Ello motiv\u00f3 que el <strong>fiscal requiriera nuevas medidas de prueba vinculadas a tel\u00e9fonos de otros allegados<\/strong> a la pareja presidencial.<\/p>\n<h2>Falta de \u201cla responsabilidad que se requiere\u201d, argument\u00f3 la defensa de Fern\u00e1ndez<\/h2>\n<p>Para la defensa de Alberto Fern\u00e1ndez, <strong>\u201cla investigaci\u00f3n no se ha llevado adelante con la responsabilidad que ello requiere\u201d<\/strong>, seg\u00fan se desprende del escrito presentado ante juez federal Juli\u00e1n Ercolini, que deber\u00e1 resolver el planteo.<\/p>\n<div contenteditable=\"false\" class=\"embed_cont type_imagen\" id=\"7988704-Libre-1656652300_wrap\">\n<p>alberto fernandez <span onclick=\"parent.parent.TinyMCETdcuerpo.preview_embed('7988704-Libre-1656652300')\" class=\"embed_colapse less\" id=\"7988704-Libre-1656652300_colapse\"\/>  <span onclick=\"parent.parent.TinyMCETdcuerpo.delete_embed('7988704-Libre-1656652300')\" class=\"embed_delete less\" id=\"7988704-Libre-1656652300_delete\"\/><\/p>\n<div id=\"7988704-Libre-1656652300_content\" class=\"embed_content\"><img loading=\"lazy\" decoding=\"async\" src=\"https:\/\/media.minutouno.com\/p\/a4ed542b38ae289b08da59d6721fecd1\/adjuntos\/150\/imagenes\/041\/859\/0041859117\/alberto-fernandez.png\" alt=\"Alberto Fern\u00e1ndez.\" title=\"Alberto Fern\u00e1ndez.\" width=\"610\" height=\"457\" id=\"7988704-Libre-1656652300_embed\"\/><\/div>\n<\/p><\/div>\n<p>La abogada aludi\u00f3 a una \u00abrelaci\u00f3n asim\u00e9trica\u00bb entre la defensa y la acusaci\u00f3n y afirm\u00f3 que sinti\u00f3 <strong>\u00abmenoscabo y menosprecio\u00bb hacia su actividad como defensora<\/strong>, por lo que solicit\u00f3 el apartamiento del fiscal Gonz\u00e1lez.<\/p>\n<h2>La pericia en Espa\u00f1a al celular de Fabiola<\/h2>\n<p>Aunque la defensa de Alberto Fern\u00e1ndez argumentaba que <strong>la pericia al tel\u00e9fono celular de Fabiola Y\u00e1\u00f1ez deb\u00eda llevarse a cabo en la Argentina<\/strong>, los camaristas Mart\u00edn Irurzun y Eduardo Farah avalaron la realizaci\u00f3n de la medida en Espa\u00f1a y advirtieron que <strong>\u00abninguno de los argumentos de la defensa revela un gravamen irreparable\u00bb ni arbitrariedad<\/strong>.<\/p>\n<p>\u00abLa informaci\u00f3n se descargar\u00e1 de un tel\u00e9fono que <strong>no est\u00e1 secuestrado por la Justicia, sino en poder de la v\u00edctima desde el momento de los presuntos hechos relevantes hasta hoy<\/strong>\u00ab, por lo cual \u00abla obligaci\u00f3n de asegurar la inalterabilidad de los datos es operativa desde que se toma conocimiento de aquellos y se los tiene a disposici\u00f3n\u00bb, agregaba esa resoluci\u00f3n.<\/p>\n<p>Finalmente, la ex primera dama no se present\u00f3 ante <strong>la Justicia espa\u00f1ola para entregar su tel\u00e9fono y se cay\u00f3 el acuerdo que hab\u00eda establecido con el Juzgado argentino<\/strong> para realizar el peritaje.<\/p>\n<div contenteditable=\"false\" class=\"embed_cont type_freetext\" rel=\"freetext\" id=\"embed98_wrap\">\n<p> Embed <span onclick=\"parent.parent.TinyMCETdcuerpo.preview_embed('embed98')\" class=\"embed_colapse less\" id=\"embed98_colapse\"\/>  <span onclick=\"parent.parent.TinyMCETdcuerpo.delete_embed('embed98')\" class=\"embed_delete less\" id=\"embed98_delete\"\/><\/p>\n<div id=\"embed98_content\" class=\"embed_content\">\n<div id=\"embed98_embed\">\n<figure class=\"figure\"><a href=\"https:\/\/t.me\/minutounocom\" target=\"_blank\" rel=\"noopener\"><img decoding=\"async\" src=\"https:\/\/media.minutouno.com\/adjuntos\/150\/banners\/039\/099\/0039099175.jpg\" class=\"figure-img img-fluid\" style=\"width:100%;height:auto;\"\/><\/a><\/figure>\n<\/div>\n<\/div><\/div>\n<\/div>\n<p><a href=\"https:\/\/www.minutouno.com\/politica\/violencia-genero-la-defensa-alberto-fernandez-quiere-apartar-al-fiscal-que-investiga-n6069435\">source<\/a><\/p>\n","protected":false},"excerpt":{"rendered":"<p>La presentaci\u00f3n fue hecha por la abogada Silvina Carreira, un d\u00eda despu\u00e9s de que Espa\u00f1a&#8230;<\/p>\n","protected":false},"author":0,"featured_media":195508,"comment_status":"open","ping_status":"open","sticky":false,"template":"","format":"standard","meta":{"footnotes":""},"categories":[2],"tags":[],"class_list":["post-195507","post","type-post","status-publish","format-standard","has-post-thumbnail","hentry","category-politica"],"featured_image_urls":{"full":["https:\/\/radiofenix.com.ar\/2023\/wp-content\/uploads\/wp-header-logo.png",0,0,false],"thumbnail":["https:\/\/radiofenix.com.ar\/2023\/wp-content\/uploads\/wp-header-logo.png",1,1,false],"medium":["https:\/\/radiofenix.com.ar\/2023\/wp-content\/uploads\/wp-header-logo.png",1,1,false],"medium_large":["https:\/\/radiofenix.com.ar\/2023\/wp-content\/uploads\/wp-header-logo.png",1,1,false],"large":["https:\/\/radiofenix.com.ar\/2023\/wp-content\/uploads\/wp-header-logo.png",1,1,false],"1536x1536":["https:\/\/radiofenix.com.ar\/2023\/wp-content\/uploads\/wp-header-logo.png",1,1,false],"2048x2048":["https:\/\/radiofenix.com.ar\/2023\/wp-content\/uploads\/wp-header-logo.png",1,1,false],"newsium-slider-full":["https:\/\/radiofenix.com.ar\/2023\/wp-content\/uploads\/wp-header-logo.png",1,1,false],"newsium-featured":["https:\/\/radiofenix.com.ar\/2023\/wp-content\/uploads\/wp-header-logo.png",1,1,false],"newsium-medium":["https:\/\/radiofenix.com.ar\/2023\/wp-content\/uploads\/wp-header-logo.png",1,1,false]},"author_info":{"info":[""]},"category_info":"<a href=\"https:\/\/radiofenix.com.ar\/2023\/category\/politica\/\" rel=\"category tag\">Pol\u00edtica<\/a>","tag_info":"Pol\u00edtica","comment_count":"0","_links":{"self":[{"href":"https:\/\/radiofenix.com.ar\/2023\/wp-json\/wp\/v2\/posts\/195507","targetHints":{"allow":["GET"]}}],"collection":[{"href":"https:\/\/radiofenix.com.ar\/2023\/wp-json\/wp\/v2\/posts"}],"about":[{"href":"https:\/\/radiofenix.com.ar\/2023\/wp-json\/wp\/v2\/types\/post"}],"replies":[{"embeddable":true,"href":"https:\/\/radiofenix.com.ar\/2023\/wp-json\/wp\/v2\/comments?post=195507"}],"version-history":[{"count":0,"href":"https:\/\/radiofenix.com.ar\/2023\/wp-json\/wp\/v2\/posts\/195507\/revisions"}],"wp:featuredmedia":[{"embeddable":true,"href":"https:\/\/radiofenix.com.ar\/2023\/wp-json\/wp\/v2\/media\/195508"}],"wp:attachment":[{"href":"https:\/\/radiofenix.com.ar\/2023\/wp-json\/wp\/v2\/media?parent=195507"}],"wp:term":[{"taxonomy":"category","embeddable":true,"href":"https:\/\/radiofenix.com.ar\/2023\/wp-json\/wp\/v2\/categories?post=195507"},{"taxonomy":"post_tag","embeddable":true,"href":"https:\/\/radiofenix.com.ar\/2023\/wp-json\/wp\/v2\/tags?post=195507"}],"curies":[{"name":"wp","href":"https:\/\/api.w.org\/{rel}","templated":true}]}}