{"id":195509,"date":"2024-10-13T08:58:03","date_gmt":"2024-10-13T08:58:03","guid":{"rendered":"https:\/\/radiofenix.com.ar\/2023\/la-vela-puerca-marco-otro-hito-en-su-carrera\/"},"modified":"2024-10-13T08:58:03","modified_gmt":"2024-10-13T08:58:03","slug":"la-vela-puerca-marco-otro-hito-en-su-carrera","status":"publish","type":"post","link":"https:\/\/radiofenix.com.ar\/2023\/la-vela-puerca-marco-otro-hito-en-su-carrera\/","title":{"rendered":"La Vela Puerca marc\u00f3 otro hito en su carrera"},"content":{"rendered":"<div>\n<p>Una buena noche de primavera,<b> La Vela Puerca<\/b> debut\u00f3 finalmente en el <b>Teatro Gran Rex<\/b>. En realidad, sucedi\u00f3 durante dos noches. Tras desembarcar el mi\u00e9rcoles en calle Corrientes, la banda uruguaya le dio la estocada a este hito en su carrera el jueves \u00faltimo. Las canciones y las emociones eran las mismas en ambas funciones, pero los invitados (en su mayor\u00eda) cambiaron. Otro rasgo que vari\u00f3 fueron los nervios, porque en la segunda fecha consiguieron domarlos. Lo que bien supo reconocer ese d\u00eda el vocalista <b>Sebasti\u00e1n Cebreiro<\/b>. Por m\u00e1s que parezca un dato anecd\u00f3tico, en sus 29 a\u00f1os de historia nunca se atrevieron a subirse a ese escenario. \u00bfLa raz\u00f3n? Le ten\u00edan un respeto que lindaba con el temor. Tambi\u00e9n lo confesaron en las dos horas de show. Es por eso que este estreno estuvo amparado por un concepto. <\/p>\n<p>\u201cEnv\u00e9s\u201d fue el nombre de esta propuesta que surgi\u00f3 a partir del \u201ccapricho de un mont\u00f3n de canciones que se amotinaron porque extra\u00f1aban\u201d a los fans de la banda. Tal como justific\u00f3 <b>Sebasti\u00e1n Teysera<\/b>, el otro frontman. El t\u00e1ndem de recitales en el Teatro Gran Rex estuvo precedido por otro debut en los aforos locales, esta vez a fines de mayo: el Movistar Arena. Se trat\u00f3 del preludio de la celebraci\u00f3n de sus tres d\u00e9cadas de trayectoria, en el que igualmente desfilaron un mont\u00f3n de amigos m\u00fasicos. Aunque la lista de temas fue diferente a la de esta vuelta. En sinton\u00eda con el esp\u00edritu est\u00e9tico de su \u00faltimo \u00e1lbum de estudio, <i><b>Discop\u00e1tico<\/b><\/i> (2022), pr\u00f3ximo a sus influencias post punk y new wave, La Vela Puerca reuni\u00f3 en este desembarco porte\u00f1o esas canciones que sit\u00faan a la banda en la militancia del rock alternativo. <\/p>\n<p>Santiago Moraes ameniz\u00f3 la previa de los orientales. Mientras el ex integrante de Los Esp\u00edritus defend\u00eda su proyecto solista, en las puertas del teatro un pu\u00f1ado de fans, guitarra en mano, entraba a tono repasando un mini set de cl\u00e1sicos de la banda. Una vez adentro, a pocos minutos del inicio de la actuaci\u00f3n, el p\u00fablico revoleaba al un\u00edsono la arenga \u201cVamo\u2019 La Vela de mi coraz\u00f3n\u201d. Esa suerte de mantra s\u00f3lo consigui\u00f3 ser interrumpido por el ocaso de las luces y la apertura del tel\u00f3n. Entonces el criquear de los grillos y el sonido de otros bichos nocturnos empezaron a darle entidad al bosque encantado que sirvi\u00f3 de puesta en escena. La sala se torn\u00f3 tan silenciosa como expectante. Cuando los m\u00fasicos sintonizaron con el clima del instante, decidieron irrumpir por el tablado. <\/p>\n<p>Largaron con la guitarrera, espesa y melanc\u00f3lica \u201cFr\u00e1gil\u201d, para luego seguir con \u201cSu raci\u00f3n\u201d, donde Teysera se colg\u00f3 por primera vez la guitarra ac\u00fastica. Y la audiencia se prendi\u00f3 en el canto colectivo, al tiempo que algunos se pusieron de pie y comenzaron a saltar sin pensarse mucho que estaban en un teatro. En tanto eso suced\u00eda abajo, arriba salieron m\u00e1s m\u00fasicos de la trastienda y poblaron el escenario. Con la rauda (a un minuto del arrebato indie) \u201cSanar\u201d, La Vela Puerca cerr\u00f3 un inicio comandado por los temas del \u00e1lbum <i>El impulso<\/i> (2007). Lo que los fans agradecieron invocando nuevamente el \u201cVamo\u2019 La Vela de mi coraz\u00f3n\u201d. A continuaci\u00f3n, redoblaron la apuesta y tambi\u00e9n la intensidad de la mano de \u201cSe despierta\u201d, lo que dio pie para llamar al primer invitado de la jornada del jueves. <\/p>\n<p>Apareci\u00f3 su compatriota Pedro Dalton, h\u00e9roe del rock uruguayo manufacturado en los 90, para sumar una tercera voz en otro de los temas de<i> El impulso<\/i> (la tapa de ese disco es de su autor\u00eda): \u201cHoy tranquilo\u201d, especie de country ensimismado. Apenas sonaron los acordes iniciales, la sorpresa del p\u00fablico decant\u00f3 en un \u201cNooooo\u2026\u201d. Despu\u00e9s de despedir con un abrazo al cantante del grupo Buenos Muchachos, el setlist se fundi\u00f3. Hicieron \u201cLa nube\u201d, \u201cAtala\u201d y \u201cLo pactado\u201d, uno tras otro, sin parar. En el \u00faltimo de la terna, am\u00e9n de bajar un cambio, Sebasti\u00e1n Cebreiro tom\u00f3 la capitan\u00eda de la banda. Lo que dio pie al folk \u00e9pico \u201cDice\u201d y el pedido a Santiago Moraes para que ayudara a cantar \u201cVes\u201d. El pasaje concienciador del show recay\u00f3 en \u201cCaridad\u201d. No bien termin\u00f3, el teatro core\u00f3: \u201cEl que no salta vot\u00f3 a Milei\u201d. <\/p>\n<p>Inmediatamente, rescataron \u201cContradecir\u201d, part\u00edcipe del disco De bichos y flores (2001). Y para eso llamaron a su paisano Mat\u00edas Bello en el banjo, al chelista Roberto Mart\u00ednez, a la violista Leticia Gambaro y a Manolo (stage y panderetista de a ratos del grupo) para que toque el washboard (literalmente es una tabla de lavar que tiene una funci\u00f3n percusiva en el folk) en el c\u00e9ltico \u201cContradecir\u201d. La dupla de cuerdas se qued\u00f3 en \u201cEn limbo\u201d, que tuvo en calidad de invitado a Garo Arakeli\u00e1n, cantante y guitarrista del grupo uruguayo La Trampa. Pasaje sublime de la noche, al punto de que el p\u00fablico se lo apropi\u00f3 para cantarlo conjuntamente casi por entero. Sebasti\u00e1n Teysera volvi\u00f3 a empu\u00f1ar la guitarra ac\u00fastica en \u201cCanci\u00f3n para uno\u201d, en tanto que en \u201cA lo verde\u201d pel\u00f3 el armonio. <\/p>\n<p>En la popera \u201cClones\u201d, Cebreiro retom\u00f3 el control. Aunque los Sebastianes se repartieron el liderazgo en el punk \u201cCada palabra\u201d, e incluso lo legaron en el rock de tracci\u00f3n a sangre \u201cLos reyes de los buzones\u201d, donde Manolo estuvo al frente del micr\u00f3fono. En ese momento, el Gran Rex se hab\u00eda convertido en el Luna Park: envuelto en un hervidero, con el p\u00fablico de pie, agitando banderas y a un paso del pogo. Ah\u00ed Cebreiro anunci\u00f3 que el final del show estaba cerca. Cantaron \u201cLa madeja\u201d, y de pronto bram\u00f3 el silencio. Sin embargo, eso les vino como anillo al dedo para presentar al siguiente invitado, Ernesto Tab\u00e1rez, cuya potente voz retumb\u00f3 fuerte en el aforo. El cantante y guitarrista de la banda uruguaya Et\u00e9 y Los Problems, con show pautado en Buenos Aires el viernes, particip\u00f3 en el grunge \u201cRespira\u201d. De lo mejor de la performance. <\/p>\n<p>La Vela Puerca avis\u00f3 que iba a bajar otro cambio, y convocaron de vuelta al chelista y la violista, que un rato antes, en \u201c3 minutos\u201d, se rob\u00f3 el protagonismo. Y desenfundaron las intimistas \u201cS\u00f3lo un pared\u00f3n\u201d y \u201cHoy\u201d. En \u201cPara no verme m\u00e1s\u201d hubo un poco m\u00e1s de br\u00edo, pero al terminar los m\u00fasicos salieron de escena. Entonces el tel\u00f3n se cerr\u00f3, y retorn\u00f3 el criquear de los grillos y la estridulaci\u00f3n de otros bichos nocturnos. Con la muchedumbre de pie, se escuch\u00f3 nuevamente \u201cVamo\u2019 La vela de mi coraz\u00f3n\u201d. La banda atendi\u00f3 al llamado, y lo hizo con una selecci\u00f3n de temas m\u00e1s mestiza. Arrancaron con \u201cSemilla\u201d, siguieron con la jamaiquina \u201cEl bandido\u201d y la rockearon en \u201cSoldado de plomo\u201d. Se fueron, y volvieron con el reggae a la charr\u00faa \u201cVuelan palos\u201d, completando 30 canciones. Una por cada a\u00f1o de vida.\u00a0\u00a0<\/p>\n<\/div>\n<p><a href=\"https:\/\/www.pagina12.com.ar\/774069-la-vela-puerca-marco-otro-hito-en-su-carrera\">source<\/a><\/p>\n","protected":false},"excerpt":{"rendered":"<p>Una buena noche de primavera, La Vela Puerca debut\u00f3 finalmente en el Teatro Gran Rex&#8230;.<\/p>\n","protected":false},"author":0,"featured_media":195510,"comment_status":"open","ping_status":"open","sticky":false,"template":"","format":"standard","meta":{"footnotes":""},"categories":[4],"tags":[],"class_list":["post-195509","post","type-post","status-publish","format-standard","has-post-thumbnail","hentry","category-espectaculos"],"featured_image_urls":{"full":["https:\/\/radiofenix.com.ar\/2023\/wp-content\/uploads\/wp-header-logo.png",0,0,false],"thumbnail":["https:\/\/radiofenix.com.ar\/2023\/wp-content\/uploads\/wp-header-logo.png",1,1,false],"medium":["https:\/\/radiofenix.com.ar\/2023\/wp-content\/uploads\/wp-header-logo.png",1,1,false],"medium_large":["https:\/\/radiofenix.com.ar\/2023\/wp-content\/uploads\/wp-header-logo.png",1,1,false],"large":["https:\/\/radiofenix.com.ar\/2023\/wp-content\/uploads\/wp-header-logo.png",1,1,false],"1536x1536":["https:\/\/radiofenix.com.ar\/2023\/wp-content\/uploads\/wp-header-logo.png",1,1,false],"2048x2048":["https:\/\/radiofenix.com.ar\/2023\/wp-content\/uploads\/wp-header-logo.png",1,1,false],"newsium-slider-full":["https:\/\/radiofenix.com.ar\/2023\/wp-content\/uploads\/wp-header-logo.png",1,1,false],"newsium-featured":["https:\/\/radiofenix.com.ar\/2023\/wp-content\/uploads\/wp-header-logo.png",1,1,false],"newsium-medium":["https:\/\/radiofenix.com.ar\/2023\/wp-content\/uploads\/wp-header-logo.png",1,1,false]},"author_info":{"info":[""]},"category_info":"<a href=\"https:\/\/radiofenix.com.ar\/2023\/category\/espectaculos\/\" rel=\"category tag\">Espectaculos<\/a>","tag_info":"Espectaculos","comment_count":"0","_links":{"self":[{"href":"https:\/\/radiofenix.com.ar\/2023\/wp-json\/wp\/v2\/posts\/195509","targetHints":{"allow":["GET"]}}],"collection":[{"href":"https:\/\/radiofenix.com.ar\/2023\/wp-json\/wp\/v2\/posts"}],"about":[{"href":"https:\/\/radiofenix.com.ar\/2023\/wp-json\/wp\/v2\/types\/post"}],"replies":[{"embeddable":true,"href":"https:\/\/radiofenix.com.ar\/2023\/wp-json\/wp\/v2\/comments?post=195509"}],"version-history":[{"count":0,"href":"https:\/\/radiofenix.com.ar\/2023\/wp-json\/wp\/v2\/posts\/195509\/revisions"}],"wp:featuredmedia":[{"embeddable":true,"href":"https:\/\/radiofenix.com.ar\/2023\/wp-json\/wp\/v2\/media\/195510"}],"wp:attachment":[{"href":"https:\/\/radiofenix.com.ar\/2023\/wp-json\/wp\/v2\/media?parent=195509"}],"wp:term":[{"taxonomy":"category","embeddable":true,"href":"https:\/\/radiofenix.com.ar\/2023\/wp-json\/wp\/v2\/categories?post=195509"},{"taxonomy":"post_tag","embeddable":true,"href":"https:\/\/radiofenix.com.ar\/2023\/wp-json\/wp\/v2\/tags?post=195509"}],"curies":[{"name":"wp","href":"https:\/\/api.w.org\/{rel}","templated":true}]}}