{"id":195517,"date":"2024-10-14T08:57:47","date_gmt":"2024-10-14T08:57:47","guid":{"rendered":"https:\/\/radiofenix.com.ar\/2023\/victoria-villarruel-se-reune-con-el-papa-francisco-como-se-inscribe-este-encuentro-en-la-interna-con-milei\/"},"modified":"2024-10-14T08:57:47","modified_gmt":"2024-10-14T08:57:47","slug":"victoria-villarruel-se-reune-con-el-papa-francisco-como-se-inscribe-este-encuentro-en-la-interna-con-milei","status":"publish","type":"post","link":"https:\/\/radiofenix.com.ar\/2023\/victoria-villarruel-se-reune-con-el-papa-francisco-como-se-inscribe-este-encuentro-en-la-interna-con-milei\/","title":{"rendered":"Victoria Villarruel se re\u00fane con el papa Francisco: \u00bfc\u00f3mo se inscribe este encuentro en la interna con Milei?"},"content":{"rendered":"<div id=\"\">\n<p><strong>Villarruel sabe que durante esa jornada los ojos de sus compa\u00f1eros de espacio estar\u00e1n puestos en ella y en sus movimientos, y en si logra cautivar a Francisco, que bien sabe jugar este juego de la pol\u00edtica y da se\u00f1ales claras de que est\u00e1 pendiente de la Argentina.<\/strong> De acuerdo a su agenda p\u00fablica, en los \u00faltimos meses recibi\u00f3 a<strong> Juan Grabois<\/strong>, la ministra <strong>Sandra Pettovello<\/strong> y a los <strong>representantes de la Confederaci\u00f3n General del Trabajo (CGT).<\/strong><\/p>\n<p>A esta lista se suma tambi\u00e9n la reuni\u00f3n que <a href=\"https:\/\/www.minutouno.com\/politica\/luego-las-criticas-javier-milei-el-papa-francisco-recibio-al-secretario-culto-del-gobierno-n6069624\" target=\"_blank\" rel=\"follow noopener\">el jefe del Vaticano le concedi\u00f3 al flamante secretario de Culto de la Naci\u00f3n, <strong>Nahuel Sotelo<\/strong><\/a>, <span id=\"saysCMSEmphasis6f72p5k59j5\"> un militante del espacio libertario que sobrevivi\u00f3 a la purga post triunfo del 19 de noviembre, en la que salieron eyectados Ramiro Marra, Carlos Kikuchi y Carolina P\u00edparo; y<strong> que intent\u00f3 acercar posiciones, tras los duros dichos de Francisco contra el Gobierno nacional.<\/strong><\/span><\/p>\n<p>\u00abEl d\u00eda de hoy me reun\u00ed con el Papa Francisco. Es bueno saber que la Iglesia siempre tiene las puertas abiertas a todos y que muchas veces se fogonean conflictos o interpretaciones contrarias a la verdad. Fue un encuentro, en lo personal, inolvidable y que quedar\u00e1 por siempre en mi memoria. Le hace muy mal al pa\u00eds cuando ciertos sectores partidizan la figura de Francisco y no disfrutan de un papa argentino\u00bb, escribi\u00f3 el funcionario en su cuenta de Twitter.<\/p>\n<p>Sotelo tiene 29 a\u00f1os, es cat\u00f3lico practicante, tanto es as\u00ed que invit\u00f3 al papa a su boda, y est\u00e1 a las ant\u00edpodas de su antecesor, el pol\u00e9mico Francisco S\u00e1nchez<\/p>\n<div contenteditable=\"false\" class=\"embed_cont type_freetext\" rel=\"freetext\" id=\"embed50_wrap\">\n<p> Embed <span onclick=\"parent.parent.TinyMCETdcuerpo.preview_embed('embed50')\" class=\"embed_colapse less\" id=\"embed50_colapse\"\/>  <span onclick=\"parent.parent.TinyMCETdcuerpo.delete_embed('embed50')\" class=\"embed_delete less\" id=\"embed50_delete\"\/><\/p>\n<div id=\"embed50_content\" class=\"embed_content\">\n<div id=\"embed50_embed\">\n<figure class=\"figure\"><a href=\"https:\/\/t.me\/minutounocom\" target=\"_blank\" rel=\"noopener\"><img decoding=\"async\" src=\"https:\/\/media.minutouno.com\/adjuntos\/150\/banners\/039\/099\/0039099175.jpg\" class=\"figure-img img-fluid\" style=\"width:100%;height:auto;\"\/><\/a><\/figure>\n<\/div>\n<\/div><\/div>\n<\/div>\n<p><a href=\"https:\/\/www.minutouno.com\/politica\/victoria-villarruel-se-reune-el-papa-francisco-como-se-inscribe-este-encuentro-la-interna-milei-n6069943\">source<\/a><\/p>\n","protected":false},"excerpt":{"rendered":"<p>Villarruel sabe que durante esa jornada los ojos de sus compa\u00f1eros de espacio estar\u00e1n puestos&#8230;<\/p>\n","protected":false},"author":0,"featured_media":195518,"comment_status":"open","ping_status":"open","sticky":false,"template":"","format":"standard","meta":{"footnotes":""},"categories":[2],"tags":[],"class_list":["post-195517","post","type-post","status-publish","format-standard","has-post-thumbnail","hentry","category-politica"],"featured_image_urls":{"full":["https:\/\/radiofenix.com.ar\/2023\/wp-content\/uploads\/wp-header-logo.png",0,0,false],"thumbnail":["https:\/\/radiofenix.com.ar\/2023\/wp-content\/uploads\/wp-header-logo.png",1,1,false],"medium":["https:\/\/radiofenix.com.ar\/2023\/wp-content\/uploads\/wp-header-logo.png",1,1,false],"medium_large":["https:\/\/radiofenix.com.ar\/2023\/wp-content\/uploads\/wp-header-logo.png",1,1,false],"large":["https:\/\/radiofenix.com.ar\/2023\/wp-content\/uploads\/wp-header-logo.png",1,1,false],"1536x1536":["https:\/\/radiofenix.com.ar\/2023\/wp-content\/uploads\/wp-header-logo.png",1,1,false],"2048x2048":["https:\/\/radiofenix.com.ar\/2023\/wp-content\/uploads\/wp-header-logo.png",1,1,false],"newsium-slider-full":["https:\/\/radiofenix.com.ar\/2023\/wp-content\/uploads\/wp-header-logo.png",1,1,false],"newsium-featured":["https:\/\/radiofenix.com.ar\/2023\/wp-content\/uploads\/wp-header-logo.png",1,1,false],"newsium-medium":["https:\/\/radiofenix.com.ar\/2023\/wp-content\/uploads\/wp-header-logo.png",1,1,false]},"author_info":{"info":[""]},"category_info":"<a href=\"https:\/\/radiofenix.com.ar\/2023\/category\/politica\/\" rel=\"category tag\">Pol\u00edtica<\/a>","tag_info":"Pol\u00edtica","comment_count":"0","_links":{"self":[{"href":"https:\/\/radiofenix.com.ar\/2023\/wp-json\/wp\/v2\/posts\/195517","targetHints":{"allow":["GET"]}}],"collection":[{"href":"https:\/\/radiofenix.com.ar\/2023\/wp-json\/wp\/v2\/posts"}],"about":[{"href":"https:\/\/radiofenix.com.ar\/2023\/wp-json\/wp\/v2\/types\/post"}],"replies":[{"embeddable":true,"href":"https:\/\/radiofenix.com.ar\/2023\/wp-json\/wp\/v2\/comments?post=195517"}],"version-history":[{"count":0,"href":"https:\/\/radiofenix.com.ar\/2023\/wp-json\/wp\/v2\/posts\/195517\/revisions"}],"wp:featuredmedia":[{"embeddable":true,"href":"https:\/\/radiofenix.com.ar\/2023\/wp-json\/wp\/v2\/media\/195518"}],"wp:attachment":[{"href":"https:\/\/radiofenix.com.ar\/2023\/wp-json\/wp\/v2\/media?parent=195517"}],"wp:term":[{"taxonomy":"category","embeddable":true,"href":"https:\/\/radiofenix.com.ar\/2023\/wp-json\/wp\/v2\/categories?post=195517"},{"taxonomy":"post_tag","embeddable":true,"href":"https:\/\/radiofenix.com.ar\/2023\/wp-json\/wp\/v2\/tags?post=195517"}],"curies":[{"name":"wp","href":"https:\/\/api.w.org\/{rel}","templated":true}]}}