{"id":195524,"date":"2024-10-15T08:57:35","date_gmt":"2024-10-15T08:57:35","guid":{"rendered":"https:\/\/radiofenix.com.ar\/2023\/efemerides-de-hoy-que-paso-un-15-de-octubre\/"},"modified":"2024-10-15T08:57:35","modified_gmt":"2024-10-15T08:57:35","slug":"efemerides-de-hoy-que-paso-un-15-de-octubre","status":"publish","type":"post","link":"https:\/\/radiofenix.com.ar\/2023\/efemerides-de-hoy-que-paso-un-15-de-octubre\/","title":{"rendered":"Efem\u00e9rides de hoy: qu\u00e9 pas\u00f3 un 15 de octubre"},"content":{"rendered":"<div>\n<p>En las <b>efem\u00e9rides del 15 de octubre<\/b> sobresalen estos hechos que ocurrieron un d\u00eda como hoy en la Argentina y el mundo:<\/p>\n<h2>1923. Nace Italo Calvino<\/h2>\n<p>En Santiago de Cuba <a href=\"https:\/\/www.pagina12.com.ar\/286876-metropoli\">nace uno de los principales escritores italianos del siglo XX: Italo Calvino<\/a>. Fue autor de <i>Las ciudades invisibles<\/i>, <i>Si una noche de invierno<\/i> <i>un viajero<\/i> y las tres novelas (<i>El vizconde demediado<\/i>, <i>El bar\u00f3n rampante<\/i> y <i>El caballero inexistente<\/i>) que integran la trilog\u00eda <i>Nuestros antepasados<\/i>, entre otros libros de ficci\u00f3n. <a href=\"https:\/\/www.pagina12.com.ar\/diario\/contratapa\/13-149566-2010-07-16.html\">Muri\u00f3 en 1985 <\/a>y dej\u00f3 inconcluso su ensayo p\u00f3stumo <i>Seis propuestas para el pr\u00f3ximo milenio<\/i>.<\/p>\n<p><iframe style=\"border: 0px; position: absolute; top: 0px; left: 0px; height: 100%;\" allowfullscreen=\"\" frameborder=\"0\" src=\"https:\/\/www.youtube.com\/embed\/h9EX2GRhd4Q\"><\/iframe><\/p>\n<h2>1926. El nacimiento de Michel Foucault<\/h2>\n<p>En Poitiers, Francia, nace<b> <\/b><b><a href=\"https:\/\/www.pagina12.com.ar\/211847-mi-vida-con-foucault\">Michel Foucault<\/a><\/b>, uno de los fil\u00f3sofos m\u00e1s influyentes de la segunda mitad del siglo XX. Entre sus obras destacan <i>Historia de la locura en la \u00e9poca cl\u00e1sica<\/i>, <i>Las palabras y las cosas<\/i>, <b><i>Vigilar y castigar<\/i> <\/b>y los tres vol\u00famenes de <i>Historia de la sexualidad<\/i>. <b>Muri\u00f3 v\u00edctima de HIV en 1984<\/b>.<\/p>\n<p><iframe style=\"border: 0px; position: absolute; top: 0px; left: 0px; height: 100%;\" allowfullscreen=\"\" frameborder=\"0\" src=\"https:\/\/www.youtube.com\/embed\/lFtVvz25wlo\"><\/iframe><\/p>\n<h2>1940. El estreno de <i>El gran dictador<\/i><\/h2>\n<p><b>En Nueva York <a href=\"https:\/\/www.pagina12.com.ar\/299218-el-gran-dictador-cumple-80-anos?amp=1&amp;gclid=EAIaIQobChMIvMPYztTF8wIVlYSRCh1bQAAvEAAYASAAEgJbQvD_BwE\">se estrena <i>El gran dictador<\/i>, de Charles Chaplin<\/a><\/b>. La pel\u00edcula es un hito en su filmograf\u00eda, ya que <b>se trata de la primera vez que hace un film sonoro<\/b>. Es una parodia del nazismo, en la que el actor y director hace un doble papel: un barbero jud\u00edo que sufre la persecuci\u00f3n en la ficticia Tomania; y el dictador Hynkel, a trav\u00e9s del cual Chaplin se burla de Hitler. Ambos son id\u00e9nticos y eso lleva a que al barbero lo confundan con el tirano. <b>Al momento del estreno, Estados Unidos a\u00fan era neutral en la guerra<\/b>. La pel\u00edcula fue un \u00e9xito y sirvi\u00f3 para que Chaplin expresara su rechazo al nazismo a trav\u00e9s de la s\u00e1tira, como en la escena de Hynkel\/Hitler con el globo terr\u00e1queo, en la que suena el preludio de <i>Lohengrin<\/i> de Wagner: la \u00f3pera favorita de Hitler.<\/p>\n<p><iframe style=\"border: 0px; position: absolute; top: 0px; left: 0px; height: 100%;\" allowfullscreen=\"\" frameborder=\"0\" src=\"https:\/\/www.youtube.com\/embed\/-jj-PaqFrBc\"><\/iframe><\/p>\n<h2>1942. Nace Carlos N\u00fa\u00f1ez Cort\u00e9s<\/h2>\n<p>Nace <b><a href=\"https:\/\/www.pagina12.com.ar\/2001\/01-05\/01-05-05\/pag27.htm\">Carlos N\u00fa\u00f1ez Cort\u00e9s <\/a><\/b>en Buenos Aires. Pianista, fue parte de <a href=\"https:\/\/www.pagina12.com.ar\/39402-el-dolor-de-cara-sintoma-de-felicidad\">Les Luthiers <\/a>desde la creaci\u00f3n del grupo hasta que el conjunto de instrumentos informales cumpli\u00f3 medio siglo de existencia.<\/p>\n<p><iframe style=\"border: 0px; position: absolute; top: 0px; left: 0px; height: 100%;\" allowfullscreen=\"\" frameborder=\"0\" src=\"https:\/\/www.youtube.com\/embed\/lIj9oPyRO3c\"><\/iframe><\/p>\n<h2>1984. El Nobel para C\u00e9sar Milstein<\/h2>\n<p><b><a href=\"https:\/\/www.pagina12.com.ar\/diario\/contratapa\/13-42328-2004-10-15.html\">C\u00e9sar Milstein obtiene el Premio Nobel de Medicina<\/a><\/b>. Es el tercer Nobel de ciencias de la Argentina. A la fecha es, adem\u00e1s, el quinto y \u00faltimo argentino en recibir el galard\u00f3n. <b>Nacido en Bah\u00eda Blanca en 1927<\/b>, Milstein se gradu\u00f3 en Ciencias Qu\u00edmicas en la UBA, trabaj\u00f3 en el Instituto Malbr\u00e1n y se instal\u00f3 en Cambridge en los 60. <a href=\"https:\/\/www.pagina12.com.ar\/diario\/sociedad\/3-163490-2011-03-05.html\">Desarroll\u00f3 la t\u00e9cnica de los anticuerpos monoclonales en los 70<\/a>, que permiti\u00f3 avances en la lucha contra el c\u00e1ncer. Comparti\u00f3 el Nobel con el dan\u00e9s Niels Jerne y el alem\u00e1n Georges K\u00f6hler. <a href=\"https:\/\/www.pagina12.com.ar\/diario\/sociedad\/3-3247-2002-03-25.html?gclid=EAIaIQobChMI4LHR-9TF8wIVAYnICh2_SA3_EAAYASAAEgLV4_D_BwE\">Muri\u00f3 en 2002<\/a>.<\/p>\n<p><iframe style=\"border: 0px; position: absolute; top: 0px; left: 0px; height: 100%;\" allowfullscreen=\"\" frameborder=\"0\" src=\"https:\/\/www.youtube.com\/embed\/_uFqxVuZsXs\"><\/iframe><\/p>\n<h2>2019. La muerte de Cacho Casta\u00f1a<\/h2>\n<p>Fallece <b><a href=\"https:\/\/www.pagina12.com.ar\/225378-murio-cacho-castana-simbolo-del-macho-porteno\">Cacho Casta\u00f1a<\/a><\/b>, a los 77 a\u00f1os. Nacido como Humberto Vicente Castagna, el autor de \u00abCaf\u00e9 La Humedad\u00bb fue ep\u00edtome del artista de barrio y de calle. Tambi\u00e9n fue conocido por su turbulenta vida amorosa y sus <b>declaraciones machistas<\/b>.<\/p>\n<p><iframe style=\"border: 0px; position: absolute; top: 0px; left: 0px; height: 100%;\" allowfullscreen=\"\" frameborder=\"0\" src=\"https:\/\/www.youtube.com\/embed\/ktYLzXRKn4s\"><\/iframe><\/p>\n<p>Adem\u00e1s, es el <b>D\u00eda Internacional de las Mujeres Rurales <\/b>y el <b>D\u00eda Mundial del Lavado de Manos<\/b>.<\/p>\n<\/div>\n<p><a href=\"https:\/\/www.pagina12.com.ar\/774686-efemerides-de-hoy-que-paso-un-15-de-octubre\">source<\/a><\/p>\n","protected":false},"excerpt":{"rendered":"<p>En las efem\u00e9rides del 15 de octubre sobresalen estos hechos que ocurrieron un d\u00eda como&#8230;<\/p>\n","protected":false},"author":0,"featured_media":195525,"comment_status":"open","ping_status":"open","sticky":false,"template":"","format":"standard","meta":{"footnotes":""},"categories":[7],"tags":[],"class_list":["post-195524","post","type-post","status-publish","format-standard","has-post-thumbnail","hentry","category-sociedad"],"featured_image_urls":{"full":["https:\/\/radiofenix.com.ar\/2023\/wp-content\/uploads\/wp-header-logo.png",0,0,false],"thumbnail":["https:\/\/radiofenix.com.ar\/2023\/wp-content\/uploads\/wp-header-logo.png",1,1,false],"medium":["https:\/\/radiofenix.com.ar\/2023\/wp-content\/uploads\/wp-header-logo.png",1,1,false],"medium_large":["https:\/\/radiofenix.com.ar\/2023\/wp-content\/uploads\/wp-header-logo.png",1,1,false],"large":["https:\/\/radiofenix.com.ar\/2023\/wp-content\/uploads\/wp-header-logo.png",1,1,false],"1536x1536":["https:\/\/radiofenix.com.ar\/2023\/wp-content\/uploads\/wp-header-logo.png",1,1,false],"2048x2048":["https:\/\/radiofenix.com.ar\/2023\/wp-content\/uploads\/wp-header-logo.png",1,1,false],"newsium-slider-full":["https:\/\/radiofenix.com.ar\/2023\/wp-content\/uploads\/wp-header-logo.png",1,1,false],"newsium-featured":["https:\/\/radiofenix.com.ar\/2023\/wp-content\/uploads\/wp-header-logo.png",1,1,false],"newsium-medium":["https:\/\/radiofenix.com.ar\/2023\/wp-content\/uploads\/wp-header-logo.png",1,1,false]},"author_info":{"info":[""]},"category_info":"<a href=\"https:\/\/radiofenix.com.ar\/2023\/category\/sociedad\/\" rel=\"category tag\">Sociedad<\/a>","tag_info":"Sociedad","comment_count":"0","_links":{"self":[{"href":"https:\/\/radiofenix.com.ar\/2023\/wp-json\/wp\/v2\/posts\/195524","targetHints":{"allow":["GET"]}}],"collection":[{"href":"https:\/\/radiofenix.com.ar\/2023\/wp-json\/wp\/v2\/posts"}],"about":[{"href":"https:\/\/radiofenix.com.ar\/2023\/wp-json\/wp\/v2\/types\/post"}],"replies":[{"embeddable":true,"href":"https:\/\/radiofenix.com.ar\/2023\/wp-json\/wp\/v2\/comments?post=195524"}],"version-history":[{"count":0,"href":"https:\/\/radiofenix.com.ar\/2023\/wp-json\/wp\/v2\/posts\/195524\/revisions"}],"wp:featuredmedia":[{"embeddable":true,"href":"https:\/\/radiofenix.com.ar\/2023\/wp-json\/wp\/v2\/media\/195525"}],"wp:attachment":[{"href":"https:\/\/radiofenix.com.ar\/2023\/wp-json\/wp\/v2\/media?parent=195524"}],"wp:term":[{"taxonomy":"category","embeddable":true,"href":"https:\/\/radiofenix.com.ar\/2023\/wp-json\/wp\/v2\/categories?post=195524"},{"taxonomy":"post_tag","embeddable":true,"href":"https:\/\/radiofenix.com.ar\/2023\/wp-json\/wp\/v2\/tags?post=195524"}],"curies":[{"name":"wp","href":"https:\/\/api.w.org\/{rel}","templated":true}]}}