{"id":195530,"date":"2024-10-15T08:57:42","date_gmt":"2024-10-15T08:57:42","guid":{"rendered":"https:\/\/radiofenix.com.ar\/2023\/ate-exigio-la-inmediata-reapertura-de-las-paritarias-planean-medidas-de-fuerza\/"},"modified":"2024-10-15T08:57:42","modified_gmt":"2024-10-15T08:57:42","slug":"ate-exigio-la-inmediata-reapertura-de-las-paritarias-planean-medidas-de-fuerza","status":"publish","type":"post","link":"https:\/\/radiofenix.com.ar\/2023\/ate-exigio-la-inmediata-reapertura-de-las-paritarias-planean-medidas-de-fuerza\/","title":{"rendered":"ATE exigi\u00f3 la inmediata reapertura de las paritarias: planean medidas de fuerza"},"content":{"rendered":"<div id=\"\">\n<p>El dirigente se refiri\u00f3 a la preocupante situaci\u00f3n de los ingresos de los estatales, al graficar: \u00ab<strong>Hemos perdido en la administraci\u00f3n p\u00fablica m\u00e1s del 34% de nuestro poder adquisitivo desde que asumi\u00f3 esta gesti\u00f3n y para el mes de octubre nos otorgan un 1%.<\/strong> Esto es una burla, una actitud miserable que no podemos ni vamos a tolerar\u00bb.<\/p>\n<div contenteditable=\"false\" class=\"embed_cont type_imagen\" id=\"7941108-Libre-318242951_wrap\">\n<p> paro ATE <span onclick=\"parent.parent.TinyMCETdcuerpo.preview_embed('7941108-Libre-318242951')\" class=\"embed_colapse less\" id=\"7941108-Libre-318242951_colapse\"\/>  <span onclick=\"parent.parent.TinyMCETdcuerpo.delete_embed('7941108-Libre-318242951')\" class=\"embed_delete less\" id=\"7941108-Libre-318242951_delete\"\/><\/p>\n<div id=\"7941108-Libre-318242951_content\" class=\"embed_content\"><img loading=\"lazy\" decoding=\"async\" src=\"https:\/\/media.minutouno.com\/p\/8fd59466bc2262c32b6ec3083632d28f\/adjuntos\/150\/imagenes\/041\/556\/0041556600\/paro-ate.jpg\" alt=\"Asociaci\u00f3n Trabajadores del Estado (ATE) \" title=\"Asociaci\u00f3n Trabajadores del Estado (ATE) \" width=\"610\" height=\"457\" id=\"7941108-Libre-318242951_embed\"\/><\/div>\n<div id=\"7941108-Libre-318242951_epigrafe\" class=\"embed_epigrafe\">\n<p> Asociaci\u00f3n Trabajadores del Estado (ATE) <\/p>\n<\/div><\/div>\n<p>En un comunicado, ATE pide la \u00abinmediata reapertura\u00bb de las paritarias. <strong>\u00abEl plenario de este martes debe avanzar en una nueva medida de acci\u00f3n directa y no descartar ser parte de las luchas que se est\u00e1n llevando adelante en otros sectores como los jubilados, los universitarios, el transporte. Unir todas las luchas es imprescindible para ganar\u00bb<\/strong>, dijo Aguiar.<\/p>\n<p>M\u00e1s de mil delegados de todo el pa\u00eds participar\u00e1n el <strong>martes a las 14 de manera virtual y presencial de un plenario en el Anfiteatro Eva Per\u00f3n, ubicado en la sede nacional del sindicato.<\/strong><\/p>\n<div contenteditable=\"false\" class=\"embed_cont type_freetext\" rel=\"freetext\" id=\"embed22_wrap\">\n<p> Embed <span onclick=\"parent.parent.TinyMCETdcuerpo.preview_embed('embed22')\" class=\"embed_colapse less\" id=\"embed22_colapse\"\/> <span onclick=\"parent.parent.TinyMCETdcuerpo.delete_embed('embed22')\" class=\"embed_delete less\" id=\"embed22_delete\"\/><\/p>\n<div id=\"embed22_content\" class=\"embed_content\">\n<div id=\"embed22_embed\">\n<figure class=\"figure\"><a href=\"https:\/\/t.me\/minutounocom\" target=\"_blank\" rel=\"noopener\"><img decoding=\"async\" src=\"https:\/\/media.minutouno.com\/adjuntos\/150\/banners\/039\/099\/0039099175.jpg\" class=\"figure-img img-fluid\" style=\"width:100%;height:auto;\"\/><\/a><\/figure>\n<\/div>\n<\/div><\/div>\n<\/p><\/div>\n<p><a href=\"https:\/\/www.minutouno.com\/politica\/ate-exigio-la-inmediata-reapertura-las-paritarias-planean-medidas-fuerza-n6070214\">source<\/a><\/p>\n","protected":false},"excerpt":{"rendered":"<p>El dirigente se refiri\u00f3 a la preocupante situaci\u00f3n de los ingresos de los estatales, al&#8230;<\/p>\n","protected":false},"author":0,"featured_media":195531,"comment_status":"open","ping_status":"open","sticky":false,"template":"","format":"standard","meta":{"footnotes":""},"categories":[2],"tags":[],"class_list":["post-195530","post","type-post","status-publish","format-standard","has-post-thumbnail","hentry","category-politica"],"featured_image_urls":{"full":["https:\/\/radiofenix.com.ar\/2023\/wp-content\/uploads\/wp-header-logo.png",0,0,false],"thumbnail":["https:\/\/radiofenix.com.ar\/2023\/wp-content\/uploads\/wp-header-logo.png",1,1,false],"medium":["https:\/\/radiofenix.com.ar\/2023\/wp-content\/uploads\/wp-header-logo.png",1,1,false],"medium_large":["https:\/\/radiofenix.com.ar\/2023\/wp-content\/uploads\/wp-header-logo.png",1,1,false],"large":["https:\/\/radiofenix.com.ar\/2023\/wp-content\/uploads\/wp-header-logo.png",1,1,false],"1536x1536":["https:\/\/radiofenix.com.ar\/2023\/wp-content\/uploads\/wp-header-logo.png",1,1,false],"2048x2048":["https:\/\/radiofenix.com.ar\/2023\/wp-content\/uploads\/wp-header-logo.png",1,1,false],"newsium-slider-full":["https:\/\/radiofenix.com.ar\/2023\/wp-content\/uploads\/wp-header-logo.png",1,1,false],"newsium-featured":["https:\/\/radiofenix.com.ar\/2023\/wp-content\/uploads\/wp-header-logo.png",1,1,false],"newsium-medium":["https:\/\/radiofenix.com.ar\/2023\/wp-content\/uploads\/wp-header-logo.png",1,1,false]},"author_info":{"info":[""]},"category_info":"<a href=\"https:\/\/radiofenix.com.ar\/2023\/category\/politica\/\" rel=\"category tag\">Pol\u00edtica<\/a>","tag_info":"Pol\u00edtica","comment_count":"0","_links":{"self":[{"href":"https:\/\/radiofenix.com.ar\/2023\/wp-json\/wp\/v2\/posts\/195530","targetHints":{"allow":["GET"]}}],"collection":[{"href":"https:\/\/radiofenix.com.ar\/2023\/wp-json\/wp\/v2\/posts"}],"about":[{"href":"https:\/\/radiofenix.com.ar\/2023\/wp-json\/wp\/v2\/types\/post"}],"replies":[{"embeddable":true,"href":"https:\/\/radiofenix.com.ar\/2023\/wp-json\/wp\/v2\/comments?post=195530"}],"version-history":[{"count":0,"href":"https:\/\/radiofenix.com.ar\/2023\/wp-json\/wp\/v2\/posts\/195530\/revisions"}],"wp:featuredmedia":[{"embeddable":true,"href":"https:\/\/radiofenix.com.ar\/2023\/wp-json\/wp\/v2\/media\/195531"}],"wp:attachment":[{"href":"https:\/\/radiofenix.com.ar\/2023\/wp-json\/wp\/v2\/media?parent=195530"}],"wp:term":[{"taxonomy":"category","embeddable":true,"href":"https:\/\/radiofenix.com.ar\/2023\/wp-json\/wp\/v2\/categories?post=195530"},{"taxonomy":"post_tag","embeddable":true,"href":"https:\/\/radiofenix.com.ar\/2023\/wp-json\/wp\/v2\/tags?post=195530"}],"curies":[{"name":"wp","href":"https:\/\/api.w.org\/{rel}","templated":true}]}}