{"id":195532,"date":"2024-10-15T08:57:43","date_gmt":"2024-10-15T08:57:43","guid":{"rendered":"https:\/\/radiofenix.com.ar\/2023\/el-suplemento-soy-y-cacodelphia-presentan-un-ciclo-de-cine-lgtbiq\/"},"modified":"2024-10-15T08:57:43","modified_gmt":"2024-10-15T08:57:43","slug":"el-suplemento-soy-y-cacodelphia-presentan-un-ciclo-de-cine-lgtbiq","status":"publish","type":"post","link":"https:\/\/radiofenix.com.ar\/2023\/el-suplemento-soy-y-cacodelphia-presentan-un-ciclo-de-cine-lgtbiq\/","title":{"rendered":"El Suplemento SOY y Cacodelphia presentan un ciclo de cine LGTBIQ"},"content":{"rendered":"<div>\n<p>Locales e internacionales, recientes y cl\u00e1sicas, documentales y ficciones iluminar\u00e1n desde este <b>martes 15 <\/b>la pantalla grande del <b>Cine Arte Cacodelphia<\/b>, invitando a toda la comunidad a posar la mirada sobre <b>pel\u00edculas que retratan, exploran y visibilizan otras formas de existir por fuera de la normativa heterosexual<\/b>. A partir de las 18, y durante cinco martes consecutivos a la misma hora, cinco pel\u00edculas (una por martes) se ver\u00e1n en la sala ubicada en <b>Roque S\u00e1enz Pe\u00f1a 1150<\/b>, con la presentaci\u00f3n especial de personalidades destacadas de la cultura y del activismo local.<\/p>\n<p>El ciclo, adem\u00e1s de transitar con sus pel\u00edculas una dial\u00e9ctica entre lo antiguo y lo nuevo, entre lo conocido y lo desconocido, tambi\u00e9n se asienta en un espacio m\u00edtico que posee su propia historia, desde que fue la ic\u00f3nica sala Cine Arte Diagonal hasta el Buenos Aires Mon Amour (BAMA). Ahora recuperado y renombrado como Cine Arte Cacodelphia, el espacio creado por Gast\u00f3n Gallo, Sebasti\u00e1n Gallo y Oscar Feito propone el encuentro en la multiplicidad de miradas con tres salas totalmente renovadas que gozan de una programaci\u00f3n diferente a los cines comerciales: pel\u00edculas \u00abde autor\u00bb, cine arte y otras cinematograf\u00edas no convencionales que no encuentran su lugar en otros espacios.\u00a0<\/p>\n<div class=\"medium-insert-embeds\">\n<figure>\n<div class=\"medium-insert-embed\">\n<div align=\"center\">\n<figure role=\"group\" class=\"caption caption-div embedded-entity\"><figcaption>Mi pecho est\u00e1 lleno de centellas, de Gal Castellano.\u00a0<\/figcaption><\/figure>\n<\/div>\n<\/div>\n<\/figure>\n<p>\u00a0<\/p>\n<\/div>\n<p><b>Pablo Mazzola, programador<\/b> de la sala, destaca que \u201cpoder compartir un ciclo diversidad sexual en estos tiempos que corren nos pareci\u00f3 significativo\u00bb. \u00abY creemos que es importante que sea cine en el cine, en pantalla grande, donde se pueda charlar y compartir en comunidad las reflexiones que emerjan de las proyecciones. Buscamos que el cuerpo de pel\u00edculas de una forma u otra genere una mirada total, desde un cine de fuerte car\u00e1cter e impronta independiente, en particular las pel\u00edculas que son argentinas, y que al mismo tiempo vaya con todos los matices de las formas y los g\u00e9neros, si pensamos en el ensayo audiovisual, en la ficci\u00f3n o en el documental\u201d.\u00a0<\/p>\n<p>Presentado por el <b>Suplemento SOY<\/b> y el Cine Arte Cacodelphia, el ciclo comienza con el multipremiado documental <b><i>El silencio es un cuerpo que cae<\/i>, de Agustina Comedi<\/b>, realizada en 2017 (ver abajo). El 22 de octubre llegar\u00e1 el turno de la francesa <b><i>Retrato de una mujer en llamas<\/i>, dirigida por C\u00e9line Sciamma<\/b>, protagonizada por No\u00e9mie Merlant, Ad\u00e8le Haenel, Lu\u00e0na Bajrami y Valeria Golino, y estrenada en 2019. En la pel\u00edcula, el foco est\u00e1 puesto en una relaci\u00f3n l\u00e9sbica clandestina, cuando en el a\u00f1o 1770 la pintora Marianne recibe el encargo de una condesa para realizar un retrato de su hija H\u00e9lo\u00efse, destinado a ser exhibido en su inminente boda, pero ella, reci\u00e9n salida de un convento, desconf\u00eda del \u00e9xito y de su deseo de contraer matrimonio. As\u00ed, el verdadero retrato del film ser\u00e1 el que pinta de cuerpo entero el romance prohibido entre ambas, que parte de las minuciosas observaciones cotidianas de Marianne en las que sus ojos de artista se combinan con un acercamiento apasionado e incontrolable.\u00a0<\/p>\n<div class=\"medium-insert-embeds\">\n<figure>\n<div class=\"medium-insert-embed\">\n<div align=\"center\">\n<figure role=\"group\" class=\"caption caption-div embedded-entity\"><figcaption>Breve historia del planeta verde, de Santiago Loza<\/figcaption><\/figure>\n<\/div>\n<\/div>\n<\/figure>\n<p>\u00a0<\/p>\n<\/div>\n<p>El martes 29 de octubre regresa a la cinefilia local para explorar la <b><i>Breve historia del planeta verde<\/i>, de Santiago Loza<\/b>, con protag\u00f3nicos de Romina Escobar, Paula Grinszpan y Luis Soda. Estrenada en 2019, la pel\u00edcula sigue de cerca los pasos de Tania, una chica trans que se hace cargo de un extraterrestre que viv\u00eda junto a su abuela, envuelta ahora en una misi\u00f3n interestelar junto a sus amigos Pedro y Daniela. Con un clima de pel\u00edcula de aventuras y ciencia ficci\u00f3n ochentera, el film parece armada con el ideario de una odisea en la que la marginalidad de sus personajes enternece hasta redimir la opresi\u00f3n por la que transitan sus identidades. Fue galardonada con el premio Teddy de ese a\u00f1o en el Festival de Cine de Berl\u00edn por ser considerada por el jurado como la \u201cMejor pel\u00edcula de ficci\u00f3n de tem\u00e1tica lgbtiq\u201d,<\/p>\n<p>El mes de noviembre arrancar\u00e1 con la cl\u00e1sica <i><b>Filadelfia<\/b><\/i>, estrenada en 1993 por el realizador estadounidense <b>Jonathan Demme<\/b>, quien logr\u00f3 reunir un plantel de mega estrellas de Hollywood como Tom Hanks, Denzel Washington y Antonio Banderas para llevar al gran p\u00fablico y a la alfombra roja la historia del exitoso y mimado abogado Andrew Beckett. \u00c9l fue quien encar\u00f3 una demanda judicial in\u00e9dita frente a su antiguo jefe por haberlo despedido de su trabajo al enterarse de que era homosexual y portador del virus del vih-sida, exponiendo al mundo la homofobia, la discriminaci\u00f3n y la violencia institucional de un \u00e1mbito de la \u00e9lite laboral norteamericana.<\/p>\n<div class=\"medium-insert-embeds\">\n<figure>\n<div class=\"medium-insert-embed\">\n<div align=\"center\">\n<figure role=\"group\" class=\"caption caption-div embedded-entity\"><figcaption>Filadelfia, de Johnatan Demme.<\/figcaption><\/figure>\n<\/div>\n<\/div>\n<\/figure>\n<p>\u00a0<\/p>\n<\/div>\n<p>Finalmente, el ciclo cerrar\u00e1 con un estreno latinoamericano reciente: <b><i>Mi pecho est\u00e1 lleno de centellas<\/i>, de Gal Castellano<\/b>. Filmada este a\u00f1o y programada para el 12 de noviembre, la pel\u00edcula mexicana se mueve entre archivos fotogr\u00e1ficos, pinturas y videollamadas. Tras morir el padre y huir su madre repentinamente hacia Turqu\u00eda para encontrarse con un amante secreto que hab\u00eda conocido en las redes sociales, Gal y ella inician un intercambio de correspondencia digital que revela circunstancias familiares largamente ocultadas, como las confesiones de su madre luego haber encontrado la libertad lejos de casa y de la maternidad. A la par, Gal reflexiona y expone las im\u00e1genes que envuelven las decisiones y el contexto particular de la subjetividad de una persona trans, los procesos, el cambio de nombre, las transformaciones corporales y las permanencias en el entorno de una historia personal y colectiva bajo la lupa documental.<\/p>\n<p>La diversidad de \u00e9pocas y geograf\u00edas que exponen las obras fueron expl\u00edcitamente pensadas a la hora de armar el ciclo y, tal como lo expresa Mazzola, \u201ces importante poder abordar las formas de producci\u00f3n o de relato con las narrativas tambi\u00e9n relacionadas con distintas partes del mundo, y de distintos tiempos\u00bb. \u00abDe las cinco pel\u00edculas del ciclo, cuatro de ellas han tenido ya su recorrido, pero cuando volvemos a verlas en este contexto sociopol\u00edtico, interpelan de una manera mucho m\u00e1s fuerte. Casi que algunas de ellas son un acto de libertad, y otras un acto para repensar y problematizar nuestras pol\u00edticas de salud p\u00fablica como profundos llamados de atenci\u00f3n. Entre las diversidades de las formas, las diversidades de realizadores o realizadoras, las miradas y las diversidades sexuales en su representaci\u00f3n de g\u00e9nero, se da un total que creemos que a trav\u00e9s de este recorte s\u00ed o s\u00ed nos invita a pensarnos en este presente\u00bb.<\/p>\n<h3>\u00abEl silencio es un cuerpo que cae\u00bb<\/h3>\n<h2>Im\u00e1genes borrosas y deseos latentes<\/h2>\n<p>\u00a0<\/p>\n<p>Como si de un documental sobre fetichismo se tratara, un enorme pie da comienzo a <i>El silencio es un cuerpo que cae<\/i>. Pantorrillas, piernas y el resto del cuerpo del <i>David <\/i>de Miguel \u00c1ngel ubicado en la Galer\u00eda de la Academia de Florencia contin\u00faa siendo capturado por una antigua filmadora que, en su imagen borrosa, sugiere una \u00e9poca y tambi\u00e9n un pu\u00f1ado de deseos latentes. Quien filma el video es Jaime, el padre de <b>Agustina Comedi, guionista y directora<\/b> de este ensayo documental estrenado en 2017 por el cual los espectadores tambi\u00e9n se enteraron de que la obsesi\u00f3n por filmarlo todo es una herencia de su padre, que en enero de 1999 perdi\u00f3 la vida en un accidente fatal con su c\u00e1mara Panasonic en mano.<\/p>\n<p>Con la exploraci\u00f3n y selecci\u00f3n de <b>un archivo de m\u00e1s de 100 horas de filmaciones<\/b>, el documental de Agustina Comedi captura viajes, asados y fiestas familiares, shows de travestis y transformistas, entrevistas y testimonios actuales que develan la historia personal de Jaime, su familia y su entorno de la clase alta de la provincia de C\u00f3rdoba. Sospechosamente, todos los entrevistados a los que la directora interpela sobre el pasado de su padre parecen saber m\u00e1s de lo que dicen, y el misterio no tarda en revelarse:<b> la homosexualidad de Jaime<\/b>, vivida abiertamente hasta su casamiento heterosexual, del cual tiempo despu\u00e9s naci\u00f3 la realizadora.<\/p>\n<p>El extenso noviazgo de Jaime con N\u00e9stor, luego testigo de la boda y obstetra que comand\u00f3 el nacimiento de su hija, son algunos de los descubrimientos que desfilan por la pantalla. As\u00ed, <i>El silencio es un cuerpo que cae<\/i> reconstruye una historia personal y social que no quiere permanecer en el closet. Es por eso que en cada fragmento de cinta que la conforma reinan los misterios y las sorpresas, como las cartas an\u00f3nimas que revelan secretos inesperados y un pasado que no pretende descansar. Son el reflejo una \u00e9poca de diversi\u00f3n, de viajes, de turismo sexual y de mucha espontaneidad, pero tambi\u00e9n con peligros, la formaci\u00f3n en la educaci\u00f3n cat\u00f3lica, la dictadura, el miedo a la persecuci\u00f3n, los edictos policiales, los inicios de la epidemia de vih-sida y la propia experiencia como polic\u00eda juvenil a los 16 a\u00f1os. Jaime se desempe\u00f1\u00f3 en ese cargo hasta que los altos mandos de las fuerzas lo despidieron por su homosexualidad, desconociendo que \u00e9l mismo era el amante del juez.<\/p>\n<\/div>\n<p><a href=\"https:\/\/www.pagina12.com.ar\/774654-el-suplemento-soy-y-cacodelphia-presentan-un-ciclo-de-cine-l\">source<\/a><\/p>\n","protected":false},"excerpt":{"rendered":"<p>Locales e internacionales, recientes y cl\u00e1sicas, documentales y ficciones iluminar\u00e1n desde este martes 15 la&#8230;<\/p>\n","protected":false},"author":0,"featured_media":195533,"comment_status":"open","ping_status":"open","sticky":false,"template":"","format":"standard","meta":{"footnotes":""},"categories":[4],"tags":[],"class_list":["post-195532","post","type-post","status-publish","format-standard","has-post-thumbnail","hentry","category-espectaculos"],"featured_image_urls":{"full":["https:\/\/radiofenix.com.ar\/2023\/wp-content\/uploads\/wp-header-logo.png",0,0,false],"thumbnail":["https:\/\/radiofenix.com.ar\/2023\/wp-content\/uploads\/wp-header-logo.png",1,1,false],"medium":["https:\/\/radiofenix.com.ar\/2023\/wp-content\/uploads\/wp-header-logo.png",1,1,false],"medium_large":["https:\/\/radiofenix.com.ar\/2023\/wp-content\/uploads\/wp-header-logo.png",1,1,false],"large":["https:\/\/radiofenix.com.ar\/2023\/wp-content\/uploads\/wp-header-logo.png",1,1,false],"1536x1536":["https:\/\/radiofenix.com.ar\/2023\/wp-content\/uploads\/wp-header-logo.png",1,1,false],"2048x2048":["https:\/\/radiofenix.com.ar\/2023\/wp-content\/uploads\/wp-header-logo.png",1,1,false],"newsium-slider-full":["https:\/\/radiofenix.com.ar\/2023\/wp-content\/uploads\/wp-header-logo.png",1,1,false],"newsium-featured":["https:\/\/radiofenix.com.ar\/2023\/wp-content\/uploads\/wp-header-logo.png",1,1,false],"newsium-medium":["https:\/\/radiofenix.com.ar\/2023\/wp-content\/uploads\/wp-header-logo.png",1,1,false]},"author_info":{"info":[""]},"category_info":"<a href=\"https:\/\/radiofenix.com.ar\/2023\/category\/espectaculos\/\" rel=\"category tag\">Espectaculos<\/a>","tag_info":"Espectaculos","comment_count":"0","_links":{"self":[{"href":"https:\/\/radiofenix.com.ar\/2023\/wp-json\/wp\/v2\/posts\/195532","targetHints":{"allow":["GET"]}}],"collection":[{"href":"https:\/\/radiofenix.com.ar\/2023\/wp-json\/wp\/v2\/posts"}],"about":[{"href":"https:\/\/radiofenix.com.ar\/2023\/wp-json\/wp\/v2\/types\/post"}],"replies":[{"embeddable":true,"href":"https:\/\/radiofenix.com.ar\/2023\/wp-json\/wp\/v2\/comments?post=195532"}],"version-history":[{"count":0,"href":"https:\/\/radiofenix.com.ar\/2023\/wp-json\/wp\/v2\/posts\/195532\/revisions"}],"wp:featuredmedia":[{"embeddable":true,"href":"https:\/\/radiofenix.com.ar\/2023\/wp-json\/wp\/v2\/media\/195533"}],"wp:attachment":[{"href":"https:\/\/radiofenix.com.ar\/2023\/wp-json\/wp\/v2\/media?parent=195532"}],"wp:term":[{"taxonomy":"category","embeddable":true,"href":"https:\/\/radiofenix.com.ar\/2023\/wp-json\/wp\/v2\/categories?post=195532"},{"taxonomy":"post_tag","embeddable":true,"href":"https:\/\/radiofenix.com.ar\/2023\/wp-json\/wp\/v2\/tags?post=195532"}],"curies":[{"name":"wp","href":"https:\/\/api.w.org\/{rel}","templated":true}]}}