{"id":195536,"date":"2024-10-16T08:57:04","date_gmt":"2024-10-16T08:57:04","guid":{"rendered":"https:\/\/radiofenix.com.ar\/2023\/el-famoso-apolo-del-belvedere-se-apoya-en-la-tecnologia-vaticana-para-sobrevivir\/"},"modified":"2024-10-16T08:57:04","modified_gmt":"2024-10-16T08:57:04","slug":"el-famoso-apolo-del-belvedere-se-apoya-en-la-tecnologia-vaticana-para-sobrevivir","status":"publish","type":"post","link":"https:\/\/radiofenix.com.ar\/2023\/el-famoso-apolo-del-belvedere-se-apoya-en-la-tecnologia-vaticana-para-sobrevivir\/","title":{"rendered":"El famoso Apolo del Belvedere se &quot;apoya&quot; en la tecnolog\u00eda vaticana para sobrevivir\u00a0"},"content":{"rendered":"<div>\n<p>El <b>Apolo del Belvedere<\/b>, obra maestra de la escultura cl\u00e1sica, vuelve este martes a <b>estar visible en los Museos Vaticanos<\/b> tras una delicada <b>restauraci\u00f3n <\/b>de cinco a\u00f1os, <b>con una mano renovada y \u00abapoyada\u00bb en un innovador m\u00e1stil met\u00e1lico que garantizar\u00e1 su estabilidad en el futuro. <\/b><\/p>\n<p>\u00abEs un d\u00eda de fiesta para los Museos Vaticanos porque finalmente volvemos a exponer al p\u00fablico un icono de belleza, <b>una de nuestras obras maestras<\/b>\u00ab, celebra en una conversaci\u00f3n con EFE <b>la directora de esta instituci\u00f3n pontificia<\/b>, Barbara Jatta.<\/p>\n<p>La restauraci\u00f3n ha durado cinco a\u00f1os, pues se vio ralentizada por la pandemia, y adem\u00e1s de estudiar el estado de esta fr\u00e1gil obra, ha permitido cambiarle una mano y reforzarla de pie con un m\u00e1stil.<\/p>\n<p>Jatta apunta que <b>todos los cambios efectuados \u00abson reversibles\u00bb<\/b>: \u00abNo hemos alterado la estatua ni hemos hecho un agujero m\u00e1s en ella, sino que la hemos respetado para ofrec\u00e9rsela a las generaciones actuales y futuras del mejor modo\u00bb, asegur\u00f3.<\/p>\n<p>El Apolo del Belvedere, con sus 224 cent\u00edmetros de altura, <b>presumible copia marm\u00f3rea de un bronce griego que acabo perdi\u00e9ndose<\/b>, es una de las esculturas m\u00e1s admiradas de la colecci\u00f3n pontificia, esculpida en Roma en los primeros a\u00f1os del siglo II d.C. El dios hel\u00e9nico es representado cazando y desnudo, solo arropado por una capa que se envuelve en su brazo derecho, extendido para sostener un arco, mientras con el izquierdo se apoya en un tronco.<\/p>\n<p><b>La estatua fue descubierta en la colina romana del Viminale en 1489 y trasladada en 1508 al Vaticano por voluntad del papa Julio II<\/b>, mecenas de artistas como Miguel \u00c1ngel o Rafael. <\/p>\n<p>Por aquel entonces, a comienzos del siglo XVI, el Apolo aparec\u00eda pr\u00e1cticamente \u00edntegro y solo le faltaba la mano izquierda &#8211;y algunos dedos de la derecha&#8211;, aunque la recuper\u00f3 en una restauraci\u00f3n de 1532 ejecutada por Giovannangelo Montorsoli.<\/p>\n<p>Sin embargo, la estatua ha sufrido siglos de intemperie y por sus distintas ubicaciones: por ejemplo permaneci\u00f3 en Par\u00eds entre 1789 y 1815 como una cesi\u00f3n del Estado Pontificio a la Francia napole\u00f3nica y en 1983 fue \u00abarrancada\u00bb del muro vaticano al que hab\u00eda sido fijada para prestarla a una exposici\u00f3n en Estados Unidos (para la ocasi\u00f3n se le introdujo un armaz\u00f3n interno de barras met\u00e1licas).<\/p>\n<p>Todo esto <b>le ha causado numerosas fracturas en su basamento, pero tambi\u00e9n en sus tobillos, rodillas, el brazo derecho o en partes de su capa. <\/b><\/p>\n<p><b>El Vaticano llev\u00f3 a cabo un estudio de todas sus estatuas tras el terremoto de L&#8217;Aquila de 2009<\/b> y constat\u00f3 que el Apolo padec\u00eda \u00abun problema estructural\u00bb, pues <b>su propio peso la estaba destrozando<\/b>. Y diez a\u00f1os despu\u00e9s se ha acometido esta delicada restauraci\u00f3n.<\/p>\n<p>En primer lugar el dios contar\u00e1 desde ahora con una especie de m\u00e1stil met\u00e1lico en fibra de carbono fijado a su cuerpo a trav\u00e9s de los agujeros y perforaciones que ya presentaba. <b>Este sistema podr\u00e1 reducir en hasta 150 kilos el peso sobre las partes m\u00e1s delicadas.<\/b><\/p>\n<p>Adem\u00e1s, durante la restauraci\u00f3n se ha realizado un esc\u00e1ner tridimensional de toda la estatua para entender las fuerzas que la afectan &#8211;por ejemplo, <b>el brazo que sostiene el manto sufre m\u00e1s peso<\/b>&#8212; y se han instalado <b>sensores de fibra de vidrio<\/b> &#8211;del grosor de un pelo humano&#8211; para <b>detectar cualquier movimiento o desplazamiento<\/b>. <\/p>\n<p>Otra acci\u00f3n importante ha sido la sustituci\u00f3n de la mano que le fue ensamblada en el siglo XVI por Montorsoli, considera por los expertos poco coherente por su forma y tama\u00f1o.<\/p>\n<p>Los restauradores de los Museos Vaticanos han optado por ponerle la mano de un calco en yeso que se cree una copia del original de bronce encontrada a mediados del siglo pasado en las ruinas del palacio imperial de Bayas, la ciudad romana en el Golfo de N\u00e1poles (sur) que qued\u00f3 sumergida en el mar por un movimiento tel\u00farico.<\/p>\n<p>Asimismo, los an\u00e1lisis de la escultura previos a la restauraci\u00f3n han permitido encontrar trazas de policrom\u00eda en su superficie, como restos de dorado entre sus rizos. <\/p>\n<p>La directora de los Museos Vaticanos celebr\u00f3 la conclusi\u00f3n de estas labores \u00abcomplejas\u00bb que han mezclado \u00abtradici\u00f3n, innovaci\u00f3n, tecnolog\u00eda, filolog\u00eda e investigaci\u00f3n con medios modernos\u00bb.\u00a0<\/p>\n<\/div>\n<p><a href=\"https:\/\/www.pagina12.com.ar\/774867-el-famoso-apolo-del-belvedere-se-apoya-en-la-tecnologia-vati\">source<\/a><\/p>\n","protected":false},"excerpt":{"rendered":"<p>El Apolo del Belvedere, obra maestra de la escultura cl\u00e1sica, vuelve este martes a estar&#8230;<\/p>\n","protected":false},"author":0,"featured_media":195537,"comment_status":"open","ping_status":"open","sticky":false,"template":"","format":"standard","meta":{"footnotes":""},"categories":[7],"tags":[],"class_list":["post-195536","post","type-post","status-publish","format-standard","has-post-thumbnail","hentry","category-sociedad"],"featured_image_urls":{"full":["https:\/\/radiofenix.com.ar\/2023\/wp-content\/uploads\/wp-header-logo.png",0,0,false],"thumbnail":["https:\/\/radiofenix.com.ar\/2023\/wp-content\/uploads\/wp-header-logo.png",1,1,false],"medium":["https:\/\/radiofenix.com.ar\/2023\/wp-content\/uploads\/wp-header-logo.png",1,1,false],"medium_large":["https:\/\/radiofenix.com.ar\/2023\/wp-content\/uploads\/wp-header-logo.png",1,1,false],"large":["https:\/\/radiofenix.com.ar\/2023\/wp-content\/uploads\/wp-header-logo.png",1,1,false],"1536x1536":["https:\/\/radiofenix.com.ar\/2023\/wp-content\/uploads\/wp-header-logo.png",1,1,false],"2048x2048":["https:\/\/radiofenix.com.ar\/2023\/wp-content\/uploads\/wp-header-logo.png",1,1,false],"newsium-slider-full":["https:\/\/radiofenix.com.ar\/2023\/wp-content\/uploads\/wp-header-logo.png",1,1,false],"newsium-featured":["https:\/\/radiofenix.com.ar\/2023\/wp-content\/uploads\/wp-header-logo.png",1,1,false],"newsium-medium":["https:\/\/radiofenix.com.ar\/2023\/wp-content\/uploads\/wp-header-logo.png",1,1,false]},"author_info":{"info":[""]},"category_info":"<a href=\"https:\/\/radiofenix.com.ar\/2023\/category\/sociedad\/\" rel=\"category tag\">Sociedad<\/a>","tag_info":"Sociedad","comment_count":"0","_links":{"self":[{"href":"https:\/\/radiofenix.com.ar\/2023\/wp-json\/wp\/v2\/posts\/195536","targetHints":{"allow":["GET"]}}],"collection":[{"href":"https:\/\/radiofenix.com.ar\/2023\/wp-json\/wp\/v2\/posts"}],"about":[{"href":"https:\/\/radiofenix.com.ar\/2023\/wp-json\/wp\/v2\/types\/post"}],"replies":[{"embeddable":true,"href":"https:\/\/radiofenix.com.ar\/2023\/wp-json\/wp\/v2\/comments?post=195536"}],"version-history":[{"count":0,"href":"https:\/\/radiofenix.com.ar\/2023\/wp-json\/wp\/v2\/posts\/195536\/revisions"}],"wp:featuredmedia":[{"embeddable":true,"href":"https:\/\/radiofenix.com.ar\/2023\/wp-json\/wp\/v2\/media\/195537"}],"wp:attachment":[{"href":"https:\/\/radiofenix.com.ar\/2023\/wp-json\/wp\/v2\/media?parent=195536"}],"wp:term":[{"taxonomy":"category","embeddable":true,"href":"https:\/\/radiofenix.com.ar\/2023\/wp-json\/wp\/v2\/categories?post=195536"},{"taxonomy":"post_tag","embeddable":true,"href":"https:\/\/radiofenix.com.ar\/2023\/wp-json\/wp\/v2\/tags?post=195536"}],"curies":[{"name":"wp","href":"https:\/\/api.w.org\/{rel}","templated":true}]}}