{"id":195540,"date":"2024-10-16T08:57:08","date_gmt":"2024-10-16T08:57:08","guid":{"rendered":"https:\/\/radiofenix.com.ar\/2023\/murio-el-escritor-chileno-antonio-skarmeta\/"},"modified":"2024-10-16T08:57:08","modified_gmt":"2024-10-16T08:57:08","slug":"murio-el-escritor-chileno-antonio-skarmeta","status":"publish","type":"post","link":"https:\/\/radiofenix.com.ar\/2023\/murio-el-escritor-chileno-antonio-skarmeta\/","title":{"rendered":"Muri\u00f3 el escritor chileno Antonio Sk\u00e1rmeta\u00a0"},"content":{"rendered":"<div>\n<p>El escritor chileno <b>Antonio Sk\u00e1rmeta muri\u00f3 a los 83 a\u00f1os<\/b>, seg\u00fan confirm\u00f3 esta ma\u00f1ana la universidad nacional de ese pa\u00eds donde estudi\u00f3, egres\u00f3 y trabaj\u00f3 convertido ya en <b>una de las figuras culturales m\u00e1s importantes de la historia reciente de Am\u00e9rica Latina<\/b>.<\/p>\n<div class=\"iframely-embed medium-embedded-content\" data-html=\"Jmx0O2RpdiZndDsmbHQ7ZGl2IHN0eWxlPSJsZWZ0OiAwOyB3aWR0aDogMTAwJTsgaGVpZ2h0OiAwOyBwb3NpdGlvbjogcmVsYXRpdmU7IHBhZGRpbmctYm90dG9tOiA1Ni4wNDE3JTsiJmd0OyZsdDtpZnJhbWUgc3JjPSIvL2Nkbi5pZnJhbWUubHkvYXBpL2lmcmFtZT9jbGlja190b19wbGF5PTEmYW1wO3VybD1odHRwcyUzQSUyRiUyRmdlby5kYWlseW1vdGlvbi5jb20lMkZwbGF5ZXIlMkZ4dDVlZS5odG1sJTNGdmlkZW8lM0R4OTdla3A0JmFtcDtrZXk9Mjg0ZDZiNDkyOTM0NjY2Mjc0NTYzZTNlMWE2N2NhZGQiIHN0eWxlPSJ0b3A6IDA7IGxlZnQ6IDA7IHdpZHRoOiAxMDAlOyBoZWlnaHQ6IDEwMCU7IHBvc2l0aW9uOiBhYnNvbHV0ZTsgYm9yZGVyOiAwOyIgYWxsb3dmdWxsc2NyZWVuIHNjcm9sbGluZz0ibm8iIGFsbG93PSJlbmNyeXB0ZWQtbWVkaWEgKjsiJmd0OyZsdDsvaWZyYW1lJmd0OyZsdDsvZGl2Jmd0OyZsdDsvZGl2Jmd0OyZsdDtkaXYgY2xhc3M9Im1lZGl1bS1pbnNlcnQtZW1iZWRzLW1ldGEiJmd0OyZsdDtzY3JpcHQgdHlwZT0idGV4dC9qc29uIiZndDt7InVybCI6Imh0dHBzOi8vZ2VvLmRhaWx5bW90aW9uLmNvbS9wbGF5ZXIveHQ1ZWUuaHRtbD92aWRlbz14OTdla3A0IiwidHlwZSI6InZpZGVvIiwidmVyc2lvbiI6IjEuMCIsInRpdGxlIjoiQW50b25pbyBTa2HMgXJtZXRhIiwiYXV0aG9yIjoiUMOhZ2luYTEyIiwiYXV0aG9yX3VybCI6Imh0dHBzOi8vd3d3LmRhaWx5bW90aW9uLmNvbS9QYWdpbmExMiIsInByb3ZpZGVyX25hbWUiOiJEYWlseW1vdGlvbiIsImRlc2NyaXB0aW9uIjoiVmVyIEFudG9uaW8gU2thzIFybWV0YSAtIFDDoWdpbmExMiBlbiBEYWlseW1vdGlvbiIsInRodW1ibmFpbF91cmwiOiJodHRwczovL3MxLmRtY2RuLm5ldC92L1hCT2o4MWQzZ0pvOE1LMWdEL3gyNDAiLCJ0aHVtYm5haWxfd2lkdGgiOjQyNywidGh1bWJuYWlsX2hlaWdodCI6MjQwLCJjYWNoZV9hZ2UiOjg2NDAwfSZsdDsvc2NyaXB0Jmd0OyZsdDsvZGl2Jmd0Ow==\">\n<a data-iframely-url=\"\" href=\"https:\/\/geo.dailymotion.com\/player\/xt5ee.html?video=x97ekp4\">https:\/\/geo.dailymotion.com\/player\/xt5ee.html?video=x97ekp4<\/a>\n<\/div>\n<p>Reconocido por haber escrito entre tantas obras la novela <i>So\u00f1\u00e9 que la nieve ard\u00eda<\/i>\u00a0o <b><i>El cartero de Neruda<\/i>, que se adapt\u00f3 para el cine en la pel\u00edcula \u201cIl Postino\u201d<\/b>, Sk\u00e1rmeta fue un narrador nato con un gran talento para condensar la vida y la filosof\u00eda en el interior de cuentos, el formato que le era m\u00e1s querido.<\/p>\n<p>Uno de los primeros en lamentar su p\u00e9rdida y subrayar su aporte a la literatura chilena fue <b>el presidente Gabriel Boric<\/b>, quien a trav\u00e9s de las redes sociales expres\u00f3: <b>\u00abGracias maestro por la vida vivida. Por los cuentos, las novelas y el teatro. Por el compromiso pol\u00edtico. Por el show de los libros que ampli\u00f3 las fronteras de la literatura\u201d<\/b>. Tambi\u00e9n \u201cpor so\u00f1ar que la nieve ard\u00eda en el Chile que te doli\u00f3 tanto\u00bb.<\/p>\n<p>La Universidad de Chile poste\u00f3: \u201cNuestra comunidad universitaria despide con pesar a Antonio Sk\u00e1rmeta Vrani\u010di\u0107, escritor, <b>Premio Nacional de Literatura 2014, egresado de Filosof\u00eda y acad\u00e9mico<\/b> de la Universidad de Chile en m\u00faltiples etapas de su inspiradora carrera que impuls\u00f3 la lectura y el amor por los libros\u201d.<\/p>\n<div class=\"iframely-embed medium-embedded-content\" data-html=\"Jmx0O2Jsb2NrcXVvdGUgY2xhc3M9InR3aXR0ZXItdHdlZXQiIGRhdGEtZG50PSJ0cnVlIiBhbGlnbj0iY2VudGVyIiZndDsmbHQ7cCBsYW5nPSJlcyIgZGlyPSJsdHIiJmd0O0dyYWNpYXMgbWFlc3RybyBwb3IgbGEgdmlkYSB2aXZpZGEuIFBvciBsb3MgY3VlbnRvcywgbGFzIG5vdmVsYXMgeSBlbCB0ZWF0cm8uIFBvciBlbCBjb21wcm9taXNvIHBvbMOtdGljby4gUG9yIGVsIHNob3cgZGUgbG9zIGxpYnJvcyBxdWUgYW1wbGnDsyBsYXMgZnJvbnRlcmFzIGRlIGxhIGxpdGVyYXR1cmEuIFBvciBzb8OxYXIgcXVlIGxhIG5pZXZhIGFyZMOtYSBlbiBlbCBDaGlsZSBxdWUgdGUgZG9sacOzIHRhbnRvLiAmbHQ7YSBocmVmPSJodHRwczovL3QuY28vZ3ZYeHFFemxLbSImZ3Q7aHR0cHM6Ly90LmNvL2d2WHhxRXpsS20mbHQ7L2EmZ3Q7Jmx0Oy9wJmd0OyZhbXA7bWRhc2g7IEdhYnJpZWwgQm9yaWMgRm9udCAoQEdhYnJpZWxCb3JpYykgJmx0O2EgaHJlZj0iaHR0cHM6Ly90d2l0dGVyLmNvbS9HYWJyaWVsQm9yaWMvc3RhdHVzLzE4NDYxNzkyNDc3MjQ4MzUyNDQ\/cmVmX3NyYz10d3NyYyU1RXRmdyImZ3Q7T2N0b2JlciAxNSwgMjAyNCZsdDsvYSZndDsmbHQ7L2Jsb2NrcXVvdGUmZ3Q7CiZsdDtzY3JpcHQgYXN5bmMgc3JjPSJodHRwczovL3BsYXRmb3JtLnR3aXR0ZXIuY29tL3dpZGdldHMuanMiIGNoYXJzZXQ9InV0Zi04IiZndDsmbHQ7L3NjcmlwdCZndDsKCiZsdDtkaXYgY2xhc3M9Im1lZGl1bS1pbnNlcnQtZW1iZWRzLW1ldGEiJmd0OyZsdDtzY3JpcHQgdHlwZT0idGV4dC9qc29uIiZndDt7InVybCI6Imh0dHBzOi8vdHdpdHRlci5jb20vR2FicmllbEJvcmljL3N0YXR1cy8xODQ2MTc5MjQ3NzI0ODM1MjQ0IiwidHlwZSI6InJpY2giLCJ2ZXJzaW9uIjoiMS4wIiwidGl0bGUiOiJHYWJyaWVsIEJvcmljIEZvbnQgb24gVHdpdHRlciAvIFgiLCJhdXRob3IiOiJHYWJyaWVsIEJvcmljIEZvbnQiLCJhdXRob3JfdXJsIjoiaHR0cHM6Ly90d2l0dGVyLmNvbS9HYWJyaWVsQm9yaWMiLCJwcm92aWRlcl9uYW1lIjoiVHdpdHRlciIsImRlc2NyaXB0aW9uIjoiR3JhY2lhcyBtYWVzdHJvIHBvciBsYSB2aWRhIHZpdmlkYS4gUG9yIGxvcyBjdWVudG9zLCBsYXMgbm92ZWxhcyB5IGVsIHRlYXRyby4gUG9yIGVsIGNvbXByb21pc28gcG9sw610aWNvLiBQb3IgZWwgc2hvdyBkZSBsb3MgbGlicm9zIHF1ZSBhbXBsacOzIGxhcyBmcm9udGVyYXMgZGUgbGEgbGl0ZXJhdHVyYS4gUG9yIHNvw7FhciBxdWUgbGEgbmlldmEgYXJkw61hIGVuIGVsIENoaWxlIHF1ZSB0ZSBkb2xpw7MgdGFudG8uIGh0dHBzOi8vdC5jby9ndlh4cUV6bEtt4oCUIEdhYnJpZWwgQm9yaWMgRm9udCAoQEdhYnJpZWxCb3JpYykgT2N0b2JlciAxNSwgMjAyNFxuXG5cbiIsImNhY2hlX2FnZSI6ODY0MDAsIm9wdGlvbnMiOnsiX2hpZGVfbWVkaWEiOnsibGFiZWwiOiJIaWRlIHBob3RvcywgdmlkZW9zLCBhbmQgY2FyZHMiLCJ2YWx1ZSI6ZmFsc2V9LCJfdGhlbWUiOnsidmFsdWUiOiIiLCJ2YWx1ZXMiOnsiZGFyayI6IlVzZSBkYXJrIHRoZW1lIn19LCJfbWF4d2lkdGgiOnsidmFsdWUiOiIiLCJsYWJlbCI6IkFkanVzdCB3aWR0aCIsInBsYWNlaG9sZGVyIjoiMjIwLTU1MCwgaW4gcHgifX19Jmx0Oy9zY3JpcHQmZ3Q7Jmx0Oy9kaXYmZ3Q7\">\n<a data-iframely-url=\"\" href=\"https:\/\/twitter.com\/GabrielBoric\/status\/1846179247724835244\">https:\/\/twitter.com\/GabrielBoric\/status\/1846179247724835244<\/a>\n<\/div>\n<p><b>Nacido en Antofagasta en noviembre de 1940<\/b>, Antonio Sk\u00e1rmeta Vrani\u010di\u0107 obtuvo la licenciatura en Filosof\u00eda y Educaci\u00f3n de la Universidad de Chile. Creci\u00f3 como escritor <b>bajo la influencia del pensador espa\u00f1ol Francisco Soler Grima, disc\u00edpulo de Juli\u00e1n Mar\u00edas y de Jos\u00e9 Ortega y Gasset<\/b>, sobre quien escribi\u00f3 en 1963 su tesis doctoral \u201cOrtega y Gasset, lenguaje, gesto y silencio\u201d.<\/p>\n<p>Amante del pensamiento de <b>Jean-Paul Sartre, Albert Camus y Martin Heidegger<\/b>, un a\u00f1o despu\u00e9s gan\u00f3 una beca Fulbright y viaj\u00f3 a la Universidad de Columbia, en Nueva York, donde <b>escribi\u00f3 una segunda tesis, en esta ocasi\u00f3n en torno a la narrativa de Julio Cortazar<\/b>.<\/p>\n<p>Fue un intelectual <b>miembro del Movimiento de Acci\u00f3n Popular y Unitaria<\/b> en los a\u00f1os del gobierno del Frente Popular y el presidente socialista, Salvador Allende. Pero luego del golpe militar de Augusto Pinochet, en 1973, Sk\u00e1rmeta <b>se vio forzado a exiliarse a la Argentina y luego en Alemania<\/b>, donde construy\u00f3 la historia del cartero de Neruda: primero para la radio alemana y luego como un gui\u00f3n cinematogr\u00e1fico.<\/p>\n<p>Despu\u00e9s del exilio <b>regres\u00f3 a Chile en 1989<\/b>, el mismo a\u00f1o que acab\u00f3 la dictadura y continu\u00f3 all\u00ed su vida como profesor universitario, acad\u00e9mico e incluso diplom\u00e1tico en Alemania.<\/p>\n<p><b>Es junto a Gabriela Mistral, Pablo Neruda e Isabel Allende, uno de los m\u00e1s reconocidos de las letras chilenas<\/b>, con tres de sus libros trasladados a la gran pantalla:<b> <i>Ardiente paciencia<\/i><\/b>\u00a0(en el cine conocida como <i>\u201cIl Postino\u201d<\/i> o <i>\u201cEl cartero de Neruda\u201d<\/i>); <b><i>El baile de la Victoria<\/i><\/b>, premio Planeta 2003; y<i> <b>El plebiscito<\/b><\/i>.<\/p>\n<p>El escritor, que tras el retorno a la democracia y bajo el gobierno del socialista Ricardo Lagos (2000-2006) lleg\u00f3 a ser embajador en Alemania, <b>nunca tuvo reparo en mostrar sus ideas<\/b>, como en su primera novela <i>So\u00f1\u00e9 que la nieve ard\u00eda<\/i>.<\/p>\n<p>\u00abYo ten\u00eda algunos otros premios internacionales relevantes, pero <b>el Premio Nacional de Literatura siento que confirma la relaci\u00f3n tan grande y tan \u00edntima que tengo con Chile<\/b>, su historia, las alternativas hist\u00f3ricas, los personajes, la gente m\u00e1s vulnerable, a la cual me he dedicado en mi obra y a sus artistas, poetas\u00bb, dijo cuando recibi\u00f3 ese galard\u00f3n.\u00a0<\/p>\n<\/div>\n<p><script async src=\"\/\/platform.twitter.com\/widgets.js\" charset=\"utf-8\"><\/script><br \/><a href=\"https:\/\/www.pagina12.com.ar\/774816-murio-el-escritor-chileno-antonio-skarmeta\">source<\/a><\/p>\n","protected":false},"excerpt":{"rendered":"<p>El escritor chileno Antonio Sk\u00e1rmeta muri\u00f3 a los 83 a\u00f1os, seg\u00fan confirm\u00f3 esta ma\u00f1ana la&#8230;<\/p>\n","protected":false},"author":0,"featured_media":195541,"comment_status":"open","ping_status":"open","sticky":false,"template":"","format":"standard","meta":{"footnotes":""},"categories":[60],"tags":[],"class_list":["post-195540","post","type-post","status-publish","format-standard","has-post-thumbnail","hentry","category-internacional"],"featured_image_urls":{"full":["https:\/\/radiofenix.com.ar\/2023\/wp-content\/uploads\/wp-header-logo.png",0,0,false],"thumbnail":["https:\/\/radiofenix.com.ar\/2023\/wp-content\/uploads\/wp-header-logo.png",1,1,false],"medium":["https:\/\/radiofenix.com.ar\/2023\/wp-content\/uploads\/wp-header-logo.png",1,1,false],"medium_large":["https:\/\/radiofenix.com.ar\/2023\/wp-content\/uploads\/wp-header-logo.png",1,1,false],"large":["https:\/\/radiofenix.com.ar\/2023\/wp-content\/uploads\/wp-header-logo.png",1,1,false],"1536x1536":["https:\/\/radiofenix.com.ar\/2023\/wp-content\/uploads\/wp-header-logo.png",1,1,false],"2048x2048":["https:\/\/radiofenix.com.ar\/2023\/wp-content\/uploads\/wp-header-logo.png",1,1,false],"newsium-slider-full":["https:\/\/radiofenix.com.ar\/2023\/wp-content\/uploads\/wp-header-logo.png",1,1,false],"newsium-featured":["https:\/\/radiofenix.com.ar\/2023\/wp-content\/uploads\/wp-header-logo.png",1,1,false],"newsium-medium":["https:\/\/radiofenix.com.ar\/2023\/wp-content\/uploads\/wp-header-logo.png",1,1,false]},"author_info":{"info":[""]},"category_info":"<a href=\"https:\/\/radiofenix.com.ar\/2023\/category\/internacional\/\" rel=\"category tag\">Internacional<\/a>","tag_info":"Internacional","comment_count":"0","_links":{"self":[{"href":"https:\/\/radiofenix.com.ar\/2023\/wp-json\/wp\/v2\/posts\/195540","targetHints":{"allow":["GET"]}}],"collection":[{"href":"https:\/\/radiofenix.com.ar\/2023\/wp-json\/wp\/v2\/posts"}],"about":[{"href":"https:\/\/radiofenix.com.ar\/2023\/wp-json\/wp\/v2\/types\/post"}],"replies":[{"embeddable":true,"href":"https:\/\/radiofenix.com.ar\/2023\/wp-json\/wp\/v2\/comments?post=195540"}],"version-history":[{"count":0,"href":"https:\/\/radiofenix.com.ar\/2023\/wp-json\/wp\/v2\/posts\/195540\/revisions"}],"wp:featuredmedia":[{"embeddable":true,"href":"https:\/\/radiofenix.com.ar\/2023\/wp-json\/wp\/v2\/media\/195541"}],"wp:attachment":[{"href":"https:\/\/radiofenix.com.ar\/2023\/wp-json\/wp\/v2\/media?parent=195540"}],"wp:term":[{"taxonomy":"category","embeddable":true,"href":"https:\/\/radiofenix.com.ar\/2023\/wp-json\/wp\/v2\/categories?post=195540"},{"taxonomy":"post_tag","embeddable":true,"href":"https:\/\/radiofenix.com.ar\/2023\/wp-json\/wp\/v2\/tags?post=195540"}],"curies":[{"name":"wp","href":"https:\/\/api.w.org\/{rel}","templated":true}]}}