{"id":195548,"date":"2024-10-17T08:57:49","date_gmt":"2024-10-17T08:57:49","guid":{"rendered":"https:\/\/radiofenix.com.ar\/2023\/pidieron-al-congreso-y-al-gobierno-generar-conciencia-sobre-el-autismo\/"},"modified":"2024-10-17T08:57:49","modified_gmt":"2024-10-17T08:57:49","slug":"pidieron-al-congreso-y-al-gobierno-generar-conciencia-sobre-el-autismo","status":"publish","type":"post","link":"https:\/\/radiofenix.com.ar\/2023\/pidieron-al-congreso-y-al-gobierno-generar-conciencia-sobre-el-autismo\/","title":{"rendered":"Pidieron al Congreso y al Gobierno generar conciencia sobre el autismo"},"content":{"rendered":"<div>\n<p>El sal\u00f3n Blanco del Congreso de la Naci\u00f3n fue sede de la presentaci\u00f3n de un proyecto de resoluci\u00f3n que busca\u00a0poner en el centro de la agenda la conversaci\u00f3n sobre el autismo. A comienzo de esta semana <b>siete organizaciones que trabajan para mejorar la calidad de vida de las personas con trastorno del espectro autista (TEA) presentaron una iniciativa para que el Poder Ejecutivo y el Poder Legislativo Nacional adhieran oficialmente a la Semana Azul 2025.<\/b><\/p>\n<p><b>La Semana Azul es una campa\u00f1a en el marco\u00a0del D\u00eda Mundial de Concientizaci\u00f3n sobre el Autismo,<\/b>\u00a0celebrado todos los 2 de Abril, que\u00a0busca\u00a0sensibilizar y promover la inclusi\u00f3n de las personas con autismo\u00a0para que puedan llevar una vida plena\u00a0como parte integral de la sociedad.<\/p>\n<p>Las ONG que organizaron su primera edici\u00f3n el a\u00f1o pasado, entre las cuales se encuentran\u00a0<b>TGD Padres Grupo Promotor, Empujando L\u00edmites, Fundaci\u00f3n Brincar, APAdeA, BEF, TEActiva y Red Solidaria, <\/b>presentaron la iniciativa que fue recibida\u00a0por la diputada Marcela Pagano.<\/p>\n<p>\u201cEste proyecto es muy importante porque<b> la adherencia del Estado Nacional y el Congreso nos ayudar\u00eda a potenciar las actividades y llegar a m\u00e1s personas<\/b> con nuestro mensaje de #hablemosdeautismo\u00bb, dijo\u00a0<b>Paulo Morales, presidente de TEActiva,<\/b> en di\u00e1logo con<b> P\u00e1gina 12.<\/b><\/p>\n<p>\u00abEs fundamental que la dirigencia se involucre de manera activa. Uno de cada 36 chicos tiene TEA, por lo que urge tomar medidas que favorezcan su desarrollo y la convivencia entre todos\u201d, afirm\u00f3 y sum\u00f3: \u00abLa prevalencia internacional en cuanto al diagn\u00f3stico creci\u00f3 m\u00e1s del 300% en los \u00faltimos 20 a\u00f1os, y sigue creciendo a\u00f1o tras a\u00f1o, por eso es que varias ONG decidimos trabajar en conjunto. <b>La movida del a\u00f1o pasado fue tan exitosa que traspas\u00f3 fronteras y visibiliz\u00f3 al autismo de manera in\u00e9dita, y el a\u00f1o que viene debemos no solo repetirla, sino ampliarla\u00bb.<\/b><\/p>\n<p>Durante la presentaci\u00f3n, los referentes en autismo<b>\u00a0tomaron el micr\u00f3fono para ampliar sobre sus motivos para estar all\u00ed pidiendo el apoyo de las\u00a0<\/b>autoridades pol\u00edticas nacionales. Una de las que hablaron fue\u00a0<b>Soledad Zangroniz, presidenta de la fundaci\u00f3n Brincar. <\/b>Zangroniz\u00a0dijo: \u00abEstamos m\u00e1s que felices con lo que fue la Semana Azul y<b> sentimos la necesidad que haya m\u00e1s acciones de concientizaci\u00f3n como esta.\u00a0<\/b>Desde Brincar queremos hacer hincapi\u00e9 en buscar soluciones para la vida adulta de las personas con autismo, porque estamos convencidos de que tienen mucho para aportar a la sociedad, y para<b>\u00a0eso necesitamos que nos acompa\u00f1en con leyes que den apoyo a esta poblaci\u00f3n<\/b>\u00ab.<\/p>\n<p>El activista<b> Juan Carr, titular de Red Solidaria<\/b>, se hizo presente en el sal\u00f3n y aprovech\u00f3 la oportunidad para poner en valor a las familias y trabajadores que acompa\u00f1an a personas con TEA. <b>\u201cLos que est\u00e1n cerca del autismo son especialistas en ternura<\/b> &#8211;dijo&#8211;. En un momento donde la ternura no abunda, es admirable todo lo que hacen. Ahora nos queda como objetivo concreto ver c\u00f3mo otros 45 millones de personas en el pa\u00eds se relacionan con el autismo\u201d.<\/p>\n<p>En los fundamentos del proyecto se detalla que \u00absi bien en Argentina no hay estad\u00edsticas p\u00fablicas disponibles, las prevalencias internacionales indican que 1 cada 36 chicos tiene TEA, por lo que <b>se estima que en el pa\u00eds hay cerca de 1 mill\u00f3n de personas que viven con esta condici\u00f3n\u00bb.<\/b><\/p>\n<p>Este a\u00f1o durante la Semana Azul se iluminaron m\u00e1s de 5000 edificios p\u00fablicos y privados en todo el pa\u00eds, hubo m\u00e1s de 2000 voluntarios estrat\u00e9gicos y se registraron m\u00e1s de 1300 eventos en las distintas provincias del pa\u00eds, gracias al apoyo de m\u00e1s de 500 entidades entre gobiernos, empresas, organizaciones y universidades. Las repercusiones de la iniciativa llegaron a varias partes del mundo y en lugares como Venezuela lograron organizar su propia Semana Azul.<b><br \/><\/b><\/p>\n<p><i>Informe: Luc\u00eda Bernstein Alfons\u00edn<\/i><\/p>\n<\/div>\n<p><a href=\"https:\/\/www.pagina12.com.ar\/775230-pidieron-al-congreso-y-al-gobierno-generar-conciencia-sobre-\">source<\/a><\/p>\n","protected":false},"excerpt":{"rendered":"<p>El sal\u00f3n Blanco del Congreso de la Naci\u00f3n fue sede de la presentaci\u00f3n de un&#8230;<\/p>\n","protected":false},"author":0,"featured_media":195549,"comment_status":"open","ping_status":"open","sticky":false,"template":"","format":"standard","meta":{"footnotes":""},"categories":[7],"tags":[],"class_list":["post-195548","post","type-post","status-publish","format-standard","has-post-thumbnail","hentry","category-sociedad"],"featured_image_urls":{"full":["https:\/\/radiofenix.com.ar\/2023\/wp-content\/uploads\/wp-header-logo.png",0,0,false],"thumbnail":["https:\/\/radiofenix.com.ar\/2023\/wp-content\/uploads\/wp-header-logo.png",1,1,false],"medium":["https:\/\/radiofenix.com.ar\/2023\/wp-content\/uploads\/wp-header-logo.png",1,1,false],"medium_large":["https:\/\/radiofenix.com.ar\/2023\/wp-content\/uploads\/wp-header-logo.png",1,1,false],"large":["https:\/\/radiofenix.com.ar\/2023\/wp-content\/uploads\/wp-header-logo.png",1,1,false],"1536x1536":["https:\/\/radiofenix.com.ar\/2023\/wp-content\/uploads\/wp-header-logo.png",1,1,false],"2048x2048":["https:\/\/radiofenix.com.ar\/2023\/wp-content\/uploads\/wp-header-logo.png",1,1,false],"newsium-slider-full":["https:\/\/radiofenix.com.ar\/2023\/wp-content\/uploads\/wp-header-logo.png",1,1,false],"newsium-featured":["https:\/\/radiofenix.com.ar\/2023\/wp-content\/uploads\/wp-header-logo.png",1,1,false],"newsium-medium":["https:\/\/radiofenix.com.ar\/2023\/wp-content\/uploads\/wp-header-logo.png",1,1,false]},"author_info":{"info":[""]},"category_info":"<a href=\"https:\/\/radiofenix.com.ar\/2023\/category\/sociedad\/\" rel=\"category tag\">Sociedad<\/a>","tag_info":"Sociedad","comment_count":"0","_links":{"self":[{"href":"https:\/\/radiofenix.com.ar\/2023\/wp-json\/wp\/v2\/posts\/195548","targetHints":{"allow":["GET"]}}],"collection":[{"href":"https:\/\/radiofenix.com.ar\/2023\/wp-json\/wp\/v2\/posts"}],"about":[{"href":"https:\/\/radiofenix.com.ar\/2023\/wp-json\/wp\/v2\/types\/post"}],"replies":[{"embeddable":true,"href":"https:\/\/radiofenix.com.ar\/2023\/wp-json\/wp\/v2\/comments?post=195548"}],"version-history":[{"count":0,"href":"https:\/\/radiofenix.com.ar\/2023\/wp-json\/wp\/v2\/posts\/195548\/revisions"}],"wp:featuredmedia":[{"embeddable":true,"href":"https:\/\/radiofenix.com.ar\/2023\/wp-json\/wp\/v2\/media\/195549"}],"wp:attachment":[{"href":"https:\/\/radiofenix.com.ar\/2023\/wp-json\/wp\/v2\/media?parent=195548"}],"wp:term":[{"taxonomy":"category","embeddable":true,"href":"https:\/\/radiofenix.com.ar\/2023\/wp-json\/wp\/v2\/categories?post=195548"},{"taxonomy":"post_tag","embeddable":true,"href":"https:\/\/radiofenix.com.ar\/2023\/wp-json\/wp\/v2\/tags?post=195548"}],"curies":[{"name":"wp","href":"https:\/\/api.w.org\/{rel}","templated":true}]}}