{"id":195564,"date":"2024-10-18T08:57:52","date_gmt":"2024-10-18T08:57:52","guid":{"rendered":"https:\/\/radiofenix.com.ar\/2023\/israel-asegura-haber-matado-a-lider-de-hamas-yahya-sinwar\/"},"modified":"2024-10-18T08:57:52","modified_gmt":"2024-10-18T08:57:52","slug":"israel-asegura-haber-matado-a-lider-de-hamas-yahya-sinwar","status":"publish","type":"post","link":"https:\/\/radiofenix.com.ar\/2023\/israel-asegura-haber-matado-a-lider-de-hamas-yahya-sinwar\/","title":{"rendered":"Israel asegura haber matado a l\u00edder de Ham\u00e1s, Yahya Sinwar"},"content":{"rendered":"<p>El ministro de Asuntos Exteriores israel\u00ed, Israel Katz, inform\u00f3 a trav\u00e9s de un comunicado que las FDI asesinaron al jefe de la organizaci\u00f3n palestina, se\u00f1alado como uno de los principales ide\u00f3logos del ataque del 7 de octubre del a\u00f1o pasado.<br \/><a href=\"https:\/\/www.pagina12.com.ar\/775402-israel-asegura-haber-matado-a-lider-de-hamas-yahya-sinwar\">source<\/a><\/p>\n","protected":false},"excerpt":{"rendered":"<p>El ministro de Asuntos Exteriores israel\u00ed, Israel Katz, inform\u00f3 a trav\u00e9s de un comunicado que&#8230;<\/p>\n","protected":false},"author":0,"featured_media":195565,"comment_status":"open","ping_status":"open","sticky":false,"template":"","format":"standard","meta":{"footnotes":""},"categories":[60],"tags":[],"class_list":["post-195564","post","type-post","status-publish","format-standard","has-post-thumbnail","hentry","category-internacional"],"featured_image_urls":{"full":["https:\/\/radiofenix.com.ar\/2023\/wp-content\/uploads\/wp-header-logo.png",0,0,false],"thumbnail":["https:\/\/radiofenix.com.ar\/2023\/wp-content\/uploads\/wp-header-logo.png",1,1,false],"medium":["https:\/\/radiofenix.com.ar\/2023\/wp-content\/uploads\/wp-header-logo.png",1,1,false],"medium_large":["https:\/\/radiofenix.com.ar\/2023\/wp-content\/uploads\/wp-header-logo.png",1,1,false],"large":["https:\/\/radiofenix.com.ar\/2023\/wp-content\/uploads\/wp-header-logo.png",1,1,false],"1536x1536":["https:\/\/radiofenix.com.ar\/2023\/wp-content\/uploads\/wp-header-logo.png",1,1,false],"2048x2048":["https:\/\/radiofenix.com.ar\/2023\/wp-content\/uploads\/wp-header-logo.png",1,1,false],"newsium-slider-full":["https:\/\/radiofenix.com.ar\/2023\/wp-content\/uploads\/wp-header-logo.png",1,1,false],"newsium-featured":["https:\/\/radiofenix.com.ar\/2023\/wp-content\/uploads\/wp-header-logo.png",1,1,false],"newsium-medium":["https:\/\/radiofenix.com.ar\/2023\/wp-content\/uploads\/wp-header-logo.png",1,1,false]},"author_info":{"info":[""]},"category_info":"<a href=\"https:\/\/radiofenix.com.ar\/2023\/category\/internacional\/\" rel=\"category tag\">Internacional<\/a>","tag_info":"Internacional","comment_count":"0","_links":{"self":[{"href":"https:\/\/radiofenix.com.ar\/2023\/wp-json\/wp\/v2\/posts\/195564","targetHints":{"allow":["GET"]}}],"collection":[{"href":"https:\/\/radiofenix.com.ar\/2023\/wp-json\/wp\/v2\/posts"}],"about":[{"href":"https:\/\/radiofenix.com.ar\/2023\/wp-json\/wp\/v2\/types\/post"}],"replies":[{"embeddable":true,"href":"https:\/\/radiofenix.com.ar\/2023\/wp-json\/wp\/v2\/comments?post=195564"}],"version-history":[{"count":0,"href":"https:\/\/radiofenix.com.ar\/2023\/wp-json\/wp\/v2\/posts\/195564\/revisions"}],"wp:featuredmedia":[{"embeddable":true,"href":"https:\/\/radiofenix.com.ar\/2023\/wp-json\/wp\/v2\/media\/195565"}],"wp:attachment":[{"href":"https:\/\/radiofenix.com.ar\/2023\/wp-json\/wp\/v2\/media?parent=195564"}],"wp:term":[{"taxonomy":"category","embeddable":true,"href":"https:\/\/radiofenix.com.ar\/2023\/wp-json\/wp\/v2\/categories?post=195564"},{"taxonomy":"post_tag","embeddable":true,"href":"https:\/\/radiofenix.com.ar\/2023\/wp-json\/wp\/v2\/tags?post=195564"}],"curies":[{"name":"wp","href":"https:\/\/api.w.org\/{rel}","templated":true}]}}