{"id":195566,"date":"2024-10-18T08:57:54","date_gmt":"2024-10-18T08:57:54","guid":{"rendered":"https:\/\/radiofenix.com.ar\/2023\/karina-milei-en-paris-entre-los-negocios-y-las-reuniones-sociales\/"},"modified":"2024-10-18T08:57:54","modified_gmt":"2024-10-18T08:57:54","slug":"karina-milei-en-paris-entre-los-negocios-y-las-reuniones-sociales","status":"publish","type":"post","link":"https:\/\/radiofenix.com.ar\/2023\/karina-milei-en-paris-entre-los-negocios-y-las-reuniones-sociales\/","title":{"rendered":"Karina Milei, en Par\u00eds: entre los negocios y las reuniones sociales"},"content":{"rendered":"<div id=\"\">\n<p>Un programa que, seg\u00fan se inform\u00f3 oficialmente, <strong>permitir\u00e1 el desembarco de start-ups argentinas en el apetecible mercado franc\u00e9s<\/strong>, sirviendo como puerta de entrada a la Uni\u00f3n Europea.<\/p>\n<div contenteditable=\"false\" class=\"embed_cont type_imagen\" id=\"7986849-Libre-1015607876_wrap\">\n<p> milei karina.jpg <span onclick=\"parent.parent.TinyMCETdcuerpo.preview_embed('7986849-Libre-1015607876')\" class=\"embed_colapse less\" id=\"7986849-Libre-1015607876_colapse\"\/>  <span onclick=\"parent.parent.TinyMCETdcuerpo.delete_embed('7986849-Libre-1015607876')\" class=\"embed_delete less\" id=\"7986849-Libre-1015607876_delete\"\/><\/p>\n<div id=\"7986849-Libre-1015607876_content\" class=\"embed_content\"><img decoding=\"async\" src=\"https:\/\/media.minutouno.com\/p\/3cfc51740ceadcfb3746ba6ea3bd1c00\/adjuntos\/150\/imagenes\/041\/847\/0041847521\/610x0\/smart\/milei-karinajpg.jpg\" alt=\"\" title=\"\" width=\"610\" height=\"undefined\" id=\"7986849-Libre-1015607876_embed\"\/><\/div>\n<\/p><\/div>\n<h2>La agenda de Karina Milei en Francia<\/h2>\n<p>Para este viernes, la hermana de Javier Milei tiene previsto mantener <strong>reuniones con empresarios l\u00edderes del sector tecnol\u00f3gico e industrial, hotelero, cerealero y de energ\u00eda<\/strong>.<\/p>\n<p>Tambi\u00e9n <strong>se reunir\u00e1 con la esposa del presidente Emmanuel Macron, la primera dama francesa Brigitte Macron<\/strong>, y con el empresario Laurent Dassault, due\u00f1o de la tercera fortuna m\u00e1s grande de Francia, informaron fuentes de Presidencia.<\/p>\n<p>El s\u00e1bado pr\u00f3ximo, en tanto, participar\u00e1 de la<strong> inauguraci\u00f3n de la feria SIAL, uno de los eventos m\u00e1s importantes del sector agroalimentario<\/strong>, donde har\u00e1 entrega de la Marca Pa\u00eds al restaurante del Instituto de la Promoci\u00f3n de la Carne Vacuna Argentina (IPCVA).<\/p>\n<p>Adem\u00e1s, har\u00e1 una recorrida en un supermercado de la cadena Carrefour junto al director de operaciones de esa multinacional, <strong>para destacar los productos argentinos presentes en las g\u00f3ndolas<\/strong>; por \u00faltimo, ese mismo d\u00eda asistir\u00e1 a una recepci\u00f3n del IPCVA.<\/p>\n<h2>Encuentros sociales y de negocios de Karina Milei en Par\u00eds<\/h2>\n<p>Antes de emprender el regreso a Buenos Aires el pr\u00f3ximo domingo, \u201cel Jefe\u201d -como la llama su hermano- mantendr\u00e1 tambi\u00e9n <strong>encuentros sociales del m\u00e1s alto nivel, como un almuerzo con Louis Dreyfus, m\u00e1xima autoridad de la empresa cerealera Louis Dreyfus Company (LDC),<\/strong> comercializador y procesador mundial de productos agr\u00edcolas.<\/p>\n<p>O con el empresario <strong>Laurent Dassault, un franc\u00e9s con grandes inversiones en bodegas de Mendoza, productor del vino Flecha de los Andes, con quien conversar\u00e1 en su \u201cPalais\u201d<\/strong> del Rond Point.<\/p>\n<div contenteditable=\"false\" class=\"embed_cont type_freetext\" rel=\"freetext\" id=\"embed71_wrap\">\n<p> Embed <span onclick=\"parent.parent.TinyMCETdcuerpo.preview_embed('embed71')\" class=\"embed_colapse less\" id=\"embed71_colapse\"\/>  <span onclick=\"parent.parent.TinyMCETdcuerpo.delete_embed('embed71')\" class=\"embed_delete less\" id=\"embed71_delete\"\/><\/p>\n<div id=\"embed71_content\" class=\"embed_content\">\n<div id=\"embed71_embed\">\n<figure class=\"figure\"><a href=\"https:\/\/t.me\/minutounocom\" target=\"_blank\" rel=\"noopener\"><img decoding=\"async\" src=\"https:\/\/media.minutouno.com\/adjuntos\/150\/banners\/039\/099\/0039099175.jpg\" class=\"figure-img img-fluid\" style=\"width:100%;height:auto;\"\/><\/a><\/figure>\n<\/div>\n<\/div><\/div>\n<\/div>\n<p><a href=\"https:\/\/www.minutouno.com\/politica\/karina-milei-paris-los-negocios-y-las-reuniones-sociales-n6071849\">source<\/a><\/p>\n","protected":false},"excerpt":{"rendered":"<p>Un programa que, seg\u00fan se inform\u00f3 oficialmente, permitir\u00e1 el desembarco de start-ups argentinas en el&#8230;<\/p>\n","protected":false},"author":0,"featured_media":195567,"comment_status":"open","ping_status":"open","sticky":false,"template":"","format":"standard","meta":{"footnotes":""},"categories":[2],"tags":[],"class_list":["post-195566","post","type-post","status-publish","format-standard","has-post-thumbnail","hentry","category-politica"],"featured_image_urls":{"full":["https:\/\/radiofenix.com.ar\/2023\/wp-content\/uploads\/wp-header-logo.png",0,0,false],"thumbnail":["https:\/\/radiofenix.com.ar\/2023\/wp-content\/uploads\/wp-header-logo.png",1,1,false],"medium":["https:\/\/radiofenix.com.ar\/2023\/wp-content\/uploads\/wp-header-logo.png",1,1,false],"medium_large":["https:\/\/radiofenix.com.ar\/2023\/wp-content\/uploads\/wp-header-logo.png",1,1,false],"large":["https:\/\/radiofenix.com.ar\/2023\/wp-content\/uploads\/wp-header-logo.png",1,1,false],"1536x1536":["https:\/\/radiofenix.com.ar\/2023\/wp-content\/uploads\/wp-header-logo.png",1,1,false],"2048x2048":["https:\/\/radiofenix.com.ar\/2023\/wp-content\/uploads\/wp-header-logo.png",1,1,false],"newsium-slider-full":["https:\/\/radiofenix.com.ar\/2023\/wp-content\/uploads\/wp-header-logo.png",1,1,false],"newsium-featured":["https:\/\/radiofenix.com.ar\/2023\/wp-content\/uploads\/wp-header-logo.png",1,1,false],"newsium-medium":["https:\/\/radiofenix.com.ar\/2023\/wp-content\/uploads\/wp-header-logo.png",1,1,false]},"author_info":{"info":[""]},"category_info":"<a href=\"https:\/\/radiofenix.com.ar\/2023\/category\/politica\/\" rel=\"category tag\">Pol\u00edtica<\/a>","tag_info":"Pol\u00edtica","comment_count":"0","_links":{"self":[{"href":"https:\/\/radiofenix.com.ar\/2023\/wp-json\/wp\/v2\/posts\/195566","targetHints":{"allow":["GET"]}}],"collection":[{"href":"https:\/\/radiofenix.com.ar\/2023\/wp-json\/wp\/v2\/posts"}],"about":[{"href":"https:\/\/radiofenix.com.ar\/2023\/wp-json\/wp\/v2\/types\/post"}],"replies":[{"embeddable":true,"href":"https:\/\/radiofenix.com.ar\/2023\/wp-json\/wp\/v2\/comments?post=195566"}],"version-history":[{"count":0,"href":"https:\/\/radiofenix.com.ar\/2023\/wp-json\/wp\/v2\/posts\/195566\/revisions"}],"wp:featuredmedia":[{"embeddable":true,"href":"https:\/\/radiofenix.com.ar\/2023\/wp-json\/wp\/v2\/media\/195567"}],"wp:attachment":[{"href":"https:\/\/radiofenix.com.ar\/2023\/wp-json\/wp\/v2\/media?parent=195566"}],"wp:term":[{"taxonomy":"category","embeddable":true,"href":"https:\/\/radiofenix.com.ar\/2023\/wp-json\/wp\/v2\/categories?post=195566"},{"taxonomy":"post_tag","embeddable":true,"href":"https:\/\/radiofenix.com.ar\/2023\/wp-json\/wp\/v2\/tags?post=195566"}],"curies":[{"name":"wp","href":"https:\/\/api.w.org\/{rel}","templated":true}]}}