{"id":195570,"date":"2024-10-19T08:57:12","date_gmt":"2024-10-19T08:57:12","guid":{"rendered":"https:\/\/radiofenix.com.ar\/2023\/un-director-se-va-por-no-hacer-el-ajuste\/"},"modified":"2024-10-19T08:57:12","modified_gmt":"2024-10-19T08:57:12","slug":"un-director-se-va-por-no-hacer-el-ajuste","status":"publish","type":"post","link":"https:\/\/radiofenix.com.ar\/2023\/un-director-se-va-por-no-hacer-el-ajuste\/","title":{"rendered":"Un director se va por no hacer el ajuste"},"content":{"rendered":"<div>\n<p>\u00a0El secretario de Agricultura, Ganader\u00eda y Pesca del Ministerio de Econom\u00eda de la Naci\u00f3n, Sergio Iraeta, design\u00f3 al Ingeniero Agr\u00f3nomo Nicol\u00e1s Bronzovich, como nuevo presidente del Instituto Nacional de Tecnolog\u00eda Agropecuaria (INTA), tras la decisi\u00f3n del Juan Cruz Molina Hafford de dar un paso al costado debido a \u00abdiferencias\u00bb con el Ministerio de Econom\u00eda, comandado por Luis Caputo.<\/p>\n<p>Seg\u00fan trascendi\u00f3 a trav\u00e9s de medios especializados, a Molina le solicitaron alcanzar un n\u00famero de despidos, que el funcionario no cumpli\u00f3. Adem\u00e1s, habr\u00eda quedado involucrado en las discrepancias con el Palacio de Hacienda el inter\u00e9s del Ministerio en la venta de terrenos y edificios del organismo.<\/p>\n<p>El organismo cuenta con un plantel de aproximadamente 6900 empleados, la gran mayor\u00eda de ellos profesionales. Seg\u00fan se inform\u00f3, unas 250 personas tomaron el retiro voluntario y, trascendi\u00f3 que el Gobierno nacional habr\u00eda solicitado una reducci\u00f3n de 1.300 puestos laborales. Es decir, que la cuesti\u00f3n del ajuste y la reducci\u00f3n laboral qued\u00f3 en el centro del conflicto que termin\u00f3n con el desplazamiento de Molina Hafford.<\/p>\n<p>Bronzovich, su reemplazante, naci\u00f3 en Ushuaia, Tierra del Fuego. se gradu\u00f3 como ingeniero agr\u00f3nomo en la Facultad de Ciencias Agrarias, en la Unidad Integrada Balcarce. Es miembro de la Asociaci\u00f3n de Ingenieros Agr\u00f3nomos de Balcarce. Particip\u00f3 de la Sociedad Rural de Balcarce y es socio Aapresid. Tambi\u00e9n forma parte de una empresa familiar de producci\u00f3n y servicios agropecuarios en el sudeste de Buenos Aires.<\/p>\n<p>Bronzovich se ven\u00eda desempe\u00f1ando como director nacional de Agricultura.<\/p>\n<\/div>\n<p><a href=\"https:\/\/www.pagina12.com.ar\/775574-un-director-se-va-por-no-hacer-el-ajuste\">source<\/a><\/p>\n","protected":false},"excerpt":{"rendered":"<p>\u00a0El secretario de Agricultura, Ganader\u00eda y Pesca del Ministerio de Econom\u00eda de la Naci\u00f3n, Sergio&#8230;<\/p>\n","protected":false},"author":0,"featured_media":195571,"comment_status":"open","ping_status":"open","sticky":false,"template":"","format":"standard","meta":{"footnotes":""},"categories":[5],"tags":[],"class_list":["post-195570","post","type-post","status-publish","format-standard","has-post-thumbnail","hentry","category-economia"],"featured_image_urls":{"full":["https:\/\/radiofenix.com.ar\/2023\/wp-content\/uploads\/wp-header-logo.png",0,0,false],"thumbnail":["https:\/\/radiofenix.com.ar\/2023\/wp-content\/uploads\/wp-header-logo.png",1,1,false],"medium":["https:\/\/radiofenix.com.ar\/2023\/wp-content\/uploads\/wp-header-logo.png",1,1,false],"medium_large":["https:\/\/radiofenix.com.ar\/2023\/wp-content\/uploads\/wp-header-logo.png",1,1,false],"large":["https:\/\/radiofenix.com.ar\/2023\/wp-content\/uploads\/wp-header-logo.png",1,1,false],"1536x1536":["https:\/\/radiofenix.com.ar\/2023\/wp-content\/uploads\/wp-header-logo.png",1,1,false],"2048x2048":["https:\/\/radiofenix.com.ar\/2023\/wp-content\/uploads\/wp-header-logo.png",1,1,false],"newsium-slider-full":["https:\/\/radiofenix.com.ar\/2023\/wp-content\/uploads\/wp-header-logo.png",1,1,false],"newsium-featured":["https:\/\/radiofenix.com.ar\/2023\/wp-content\/uploads\/wp-header-logo.png",1,1,false],"newsium-medium":["https:\/\/radiofenix.com.ar\/2023\/wp-content\/uploads\/wp-header-logo.png",1,1,false]},"author_info":{"info":[""]},"category_info":"<a href=\"https:\/\/radiofenix.com.ar\/2023\/category\/economia\/\" rel=\"category tag\">Economia<\/a>","tag_info":"Economia","comment_count":"0","_links":{"self":[{"href":"https:\/\/radiofenix.com.ar\/2023\/wp-json\/wp\/v2\/posts\/195570","targetHints":{"allow":["GET"]}}],"collection":[{"href":"https:\/\/radiofenix.com.ar\/2023\/wp-json\/wp\/v2\/posts"}],"about":[{"href":"https:\/\/radiofenix.com.ar\/2023\/wp-json\/wp\/v2\/types\/post"}],"replies":[{"embeddable":true,"href":"https:\/\/radiofenix.com.ar\/2023\/wp-json\/wp\/v2\/comments?post=195570"}],"version-history":[{"count":0,"href":"https:\/\/radiofenix.com.ar\/2023\/wp-json\/wp\/v2\/posts\/195570\/revisions"}],"wp:featuredmedia":[{"embeddable":true,"href":"https:\/\/radiofenix.com.ar\/2023\/wp-json\/wp\/v2\/media\/195571"}],"wp:attachment":[{"href":"https:\/\/radiofenix.com.ar\/2023\/wp-json\/wp\/v2\/media?parent=195570"}],"wp:term":[{"taxonomy":"category","embeddable":true,"href":"https:\/\/radiofenix.com.ar\/2023\/wp-json\/wp\/v2\/categories?post=195570"},{"taxonomy":"post_tag","embeddable":true,"href":"https:\/\/radiofenix.com.ar\/2023\/wp-json\/wp\/v2\/tags?post=195570"}],"curies":[{"name":"wp","href":"https:\/\/api.w.org\/{rel}","templated":true}]}}