{"id":195600,"date":"2024-10-21T08:59:09","date_gmt":"2024-10-21T08:59:09","guid":{"rendered":"https:\/\/radiofenix.com.ar\/2023\/jose-mayans-cristina-es-la-persona-con-mas-experiencia-para-unir-al-campo-nacional-y-popular\/"},"modified":"2024-10-21T08:59:09","modified_gmt":"2024-10-21T08:59:09","slug":"jose-mayans-cristina-es-la-persona-con-mas-experiencia-para-unir-al-campo-nacional-y-popular","status":"publish","type":"post","link":"https:\/\/radiofenix.com.ar\/2023\/jose-mayans-cristina-es-la-persona-con-mas-experiencia-para-unir-al-campo-nacional-y-popular\/","title":{"rendered":"Jos\u00e9 Mayans: &quot;Cristina es la persona con m\u00e1s experiencia para unir al campo nacional y popular&quot;"},"content":{"rendered":"<div id=\"\">\n<p>Destac\u00f3 que <strong>Cristina \u00abtiene una experiencia valios\u00edsima, por eso le hemos pedido que se haga cargo de la situaci\u00f3n\u00bb<\/strong> y \u00ablo dem\u00e1s va a ser cuesti\u00f3n de que establezcamos puentes de di\u00e1logo. Cristina es la persona con mayor experiencia como para poder unir todas las fuerzas del campo nacional y popular, y lo va a hacer\u00bb, anticip\u00f3.<\/p>\n<p>El senador y candidato a vicepresidente del <strong>Partido Justicialista (PJ)<\/strong>,<strong> Jos\u00e9 Mayans<\/strong>, asegur\u00f3 que la frase que dijo <strong>Cristina Kirchner<\/strong>, d\u00f3nde hizo referencias a \u00abJudas y Poncio Pilato\u00bb, no fue dirigida a <strong>Axel Kicillof.<\/strong><\/p>\n<p><span class=\"saysCMSEmphasis\" id=\"saysCMSEmphasisjgyr0wlzf9\"> \u00abCuando Cristina habla de &#8216;Poncio Pilato&#8217; se refiere a los que se lavan las manos con lo que est\u00e1 haciendo el Gobierno nacional, y con &#8216;Judas&#8217; se refer\u00eda a los senadores que entraron por el proyecto nacional y votaron con el oficialismo. Judas son los que vienen del Partido Justicialista y comen asado con Milei\u00bb, afirm\u00f3 el dirigente formose\u00f1o en di\u00e1logo con Iv\u00e1n Schargrodsky. <\/span><\/p>\n<p>Al ser consultado por los dichos de su compa\u00f1ero de bloque en la C\u00e1mara Alta <strong>Oscar Parrilli<\/strong>, que dijo que esa frase de la exmandataria fue dirigida al Axel Kicillof, expres\u00f3: <strong>\u00ab\u00c9l no estuvo ah\u00ed, yo estaba al lado de ella\u00bb. <\/strong><\/p>\n<p><strong> \u00abElla respeta la posici\u00f3n que toma Axel pero le duele<\/strong>, porque es persona en la que puso todo el empe\u00f1o. Axel, para llegar a la gobernaci\u00f3n, tuvo el acompa\u00f1amiento de La C\u00e1mpora\u00bb, agreg\u00f3<\/p>\n<p>En este contexto, Jos\u00e9 Mayans se\u00f1al\u00f3: \u00abAc\u00e1 lo central es lo que est\u00e1 haciendo Milei con la gente y con el Estado argentino\u00bb.<\/p>\n<p>\u00abLa persona que est\u00e1 poniendo el cuerpo ac\u00e1 es Cristina, que hizo un gobierno impecable y dej\u00f3 un PBI muy alto. Por ese gobierno hay gente que la est\u00e1 escuchando, es la persona con mayor impacto en el pueblo argentino\u00bb, manifest\u00f3.<\/p>\n<p>Por \u00faltimo, se\u00f1al\u00f3: <strong>\u00abLa conducci\u00f3n del partido tiene que ser elegida por los afiliados. Si hay dos listas, \u00bfcu\u00e1l es el problema? Una vez que el pueblo decida qui\u00e9n conduce, ya estaremos hablando con Ricardo Quintela y el equipo. Pero con el peronismo solo no alcanza\u00bb.<\/strong><\/p>\n<p><strong> \u00abEl bast\u00f3n del mariscal es en cada circunstancia y en cada lugar. La conducci\u00f3n indudable de Kicillof, es la conducci\u00f3n del Estado m\u00e1s grande, que es la provincia de Buenos Aires, donde est\u00e1 haciendo una tarea tit\u00e1nica. Esto es un programa nacional\u00bb<\/strong>, indic\u00f3.<\/p>\n<p>Y coment\u00f3: \u00abA Axel, Cristina lo postul\u00f3 como subsecretario, como secretario, como ministro, como diputado, como gobernador. Por eso dijo que respeta lo que decida pero le duele\u00bb.<\/p>\n<div contenteditable=\"false\" class=\"embed_cont type_freetext\" rel=\"freetext\" id=\"embed44_wrap\">\n<p> Embed <span onclick=\"parent.parent.TinyMCETdcuerpo.preview_embed('embed44')\" class=\"embed_colapse less\" id=\"embed44_colapse\"\/>  <span onclick=\"parent.parent.TinyMCETdcuerpo.delete_embed('embed44')\" class=\"embed_delete less\" id=\"embed44_delete\"\/><\/p>\n<div id=\"embed44_content\" class=\"embed_content\">\n<div id=\"embed44_embed\">\n<figure class=\"figure\"><a href=\"https:\/\/t.me\/minutounocom\" target=\"_blank\" rel=\"noopener\"><img decoding=\"async\" src=\"https:\/\/media.minutouno.com\/adjuntos\/150\/banners\/039\/099\/0039099175.jpg\" class=\"figure-img img-fluid\" style=\"width:100%;height:auto;\"\/><\/a><\/figure>\n<\/div>\n<\/div><\/div>\n<\/div>\n<p><a href=\"https:\/\/www.minutouno.com\/politica\/jose-mayans-cristina-es-la-persona-mas-experiencia-unir-al-campo-nacional-y-popular-n6072541\">source<\/a><\/p>\n","protected":false},"excerpt":{"rendered":"<p>Destac\u00f3 que Cristina \u00abtiene una experiencia valios\u00edsima, por eso le hemos pedido que se haga&#8230;<\/p>\n","protected":false},"author":0,"featured_media":195601,"comment_status":"open","ping_status":"open","sticky":false,"template":"","format":"standard","meta":{"footnotes":""},"categories":[2],"tags":[],"class_list":["post-195600","post","type-post","status-publish","format-standard","has-post-thumbnail","hentry","category-politica"],"featured_image_urls":{"full":["https:\/\/radiofenix.com.ar\/2023\/wp-content\/uploads\/wp-header-logo.png",0,0,false],"thumbnail":["https:\/\/radiofenix.com.ar\/2023\/wp-content\/uploads\/wp-header-logo.png",1,1,false],"medium":["https:\/\/radiofenix.com.ar\/2023\/wp-content\/uploads\/wp-header-logo.png",1,1,false],"medium_large":["https:\/\/radiofenix.com.ar\/2023\/wp-content\/uploads\/wp-header-logo.png",1,1,false],"large":["https:\/\/radiofenix.com.ar\/2023\/wp-content\/uploads\/wp-header-logo.png",1,1,false],"1536x1536":["https:\/\/radiofenix.com.ar\/2023\/wp-content\/uploads\/wp-header-logo.png",1,1,false],"2048x2048":["https:\/\/radiofenix.com.ar\/2023\/wp-content\/uploads\/wp-header-logo.png",1,1,false],"newsium-slider-full":["https:\/\/radiofenix.com.ar\/2023\/wp-content\/uploads\/wp-header-logo.png",1,1,false],"newsium-featured":["https:\/\/radiofenix.com.ar\/2023\/wp-content\/uploads\/wp-header-logo.png",1,1,false],"newsium-medium":["https:\/\/radiofenix.com.ar\/2023\/wp-content\/uploads\/wp-header-logo.png",1,1,false]},"author_info":{"info":[""]},"category_info":"<a href=\"https:\/\/radiofenix.com.ar\/2023\/category\/politica\/\" rel=\"category tag\">Pol\u00edtica<\/a>","tag_info":"Pol\u00edtica","comment_count":"0","_links":{"self":[{"href":"https:\/\/radiofenix.com.ar\/2023\/wp-json\/wp\/v2\/posts\/195600","targetHints":{"allow":["GET"]}}],"collection":[{"href":"https:\/\/radiofenix.com.ar\/2023\/wp-json\/wp\/v2\/posts"}],"about":[{"href":"https:\/\/radiofenix.com.ar\/2023\/wp-json\/wp\/v2\/types\/post"}],"replies":[{"embeddable":true,"href":"https:\/\/radiofenix.com.ar\/2023\/wp-json\/wp\/v2\/comments?post=195600"}],"version-history":[{"count":0,"href":"https:\/\/radiofenix.com.ar\/2023\/wp-json\/wp\/v2\/posts\/195600\/revisions"}],"wp:featuredmedia":[{"embeddable":true,"href":"https:\/\/radiofenix.com.ar\/2023\/wp-json\/wp\/v2\/media\/195601"}],"wp:attachment":[{"href":"https:\/\/radiofenix.com.ar\/2023\/wp-json\/wp\/v2\/media?parent=195600"}],"wp:term":[{"taxonomy":"category","embeddable":true,"href":"https:\/\/radiofenix.com.ar\/2023\/wp-json\/wp\/v2\/categories?post=195600"},{"taxonomy":"post_tag","embeddable":true,"href":"https:\/\/radiofenix.com.ar\/2023\/wp-json\/wp\/v2\/tags?post=195600"}],"curies":[{"name":"wp","href":"https:\/\/api.w.org\/{rel}","templated":true}]}}