{"id":195604,"date":"2024-10-22T08:57:12","date_gmt":"2024-10-22T08:57:12","guid":{"rendered":"https:\/\/radiofenix.com.ar\/2023\/la-motosierra-sigue-prendida-para-2025\/"},"modified":"2024-10-22T08:57:12","modified_gmt":"2024-10-22T08:57:12","slug":"la-motosierra-sigue-prendida-para-2025","status":"publish","type":"post","link":"https:\/\/radiofenix.com.ar\/2023\/la-motosierra-sigue-prendida-para-2025\/","title":{"rendered":"La motosierra sigue prendida para 2025"},"content":{"rendered":"<div id=\"ventas-article-end\">\n<div class=\"ventas-article-end--inner\">\n<p id=\"ventas-article-end-p1\">Este es un contenido original realizado por nuestra redacci\u00f3n. Sabemos que valor\u00e1s la informaci\u00f3n rigurosa, con una mirada que va m\u00e1s all\u00e1 de los datos y del bombardeo cotidiano.<\/p>\n<p id=\"ventas-article-end-p2\">Hace 37 a\u00f1os <strong>P\u00e1gina|12<\/strong> asumi\u00f3 un compromiso con el periodismo, lo sostiene y cuenta con vos para renovarlo cada d\u00eda.<\/p>\n<\/div>\n<\/div>\n<p><a href=\"https:\/\/www.pagina12.com.ar\/776426-la-motosierra-sigue-prendida-para-2025\">source<\/a><\/p>\n","protected":false},"excerpt":{"rendered":"<p>Este es un contenido original realizado por nuestra redacci\u00f3n. Sabemos que valor\u00e1s la informaci\u00f3n rigurosa,&#8230;<\/p>\n","protected":false},"author":0,"featured_media":195605,"comment_status":"open","ping_status":"open","sticky":false,"template":"","format":"standard","meta":{"footnotes":""},"categories":[5],"tags":[],"class_list":["post-195604","post","type-post","status-publish","format-standard","has-post-thumbnail","hentry","category-economia"],"featured_image_urls":{"full":["https:\/\/radiofenix.com.ar\/2023\/wp-content\/uploads\/wp-header-logo.png",0,0,false],"thumbnail":["https:\/\/radiofenix.com.ar\/2023\/wp-content\/uploads\/wp-header-logo.png",1,1,false],"medium":["https:\/\/radiofenix.com.ar\/2023\/wp-content\/uploads\/wp-header-logo.png",1,1,false],"medium_large":["https:\/\/radiofenix.com.ar\/2023\/wp-content\/uploads\/wp-header-logo.png",1,1,false],"large":["https:\/\/radiofenix.com.ar\/2023\/wp-content\/uploads\/wp-header-logo.png",1,1,false],"1536x1536":["https:\/\/radiofenix.com.ar\/2023\/wp-content\/uploads\/wp-header-logo.png",1,1,false],"2048x2048":["https:\/\/radiofenix.com.ar\/2023\/wp-content\/uploads\/wp-header-logo.png",1,1,false],"newsium-slider-full":["https:\/\/radiofenix.com.ar\/2023\/wp-content\/uploads\/wp-header-logo.png",1,1,false],"newsium-featured":["https:\/\/radiofenix.com.ar\/2023\/wp-content\/uploads\/wp-header-logo.png",1,1,false],"newsium-medium":["https:\/\/radiofenix.com.ar\/2023\/wp-content\/uploads\/wp-header-logo.png",1,1,false]},"author_info":{"info":[""]},"category_info":"<a href=\"https:\/\/radiofenix.com.ar\/2023\/category\/economia\/\" rel=\"category tag\">Economia<\/a>","tag_info":"Economia","comment_count":"0","_links":{"self":[{"href":"https:\/\/radiofenix.com.ar\/2023\/wp-json\/wp\/v2\/posts\/195604","targetHints":{"allow":["GET"]}}],"collection":[{"href":"https:\/\/radiofenix.com.ar\/2023\/wp-json\/wp\/v2\/posts"}],"about":[{"href":"https:\/\/radiofenix.com.ar\/2023\/wp-json\/wp\/v2\/types\/post"}],"replies":[{"embeddable":true,"href":"https:\/\/radiofenix.com.ar\/2023\/wp-json\/wp\/v2\/comments?post=195604"}],"version-history":[{"count":0,"href":"https:\/\/radiofenix.com.ar\/2023\/wp-json\/wp\/v2\/posts\/195604\/revisions"}],"wp:featuredmedia":[{"embeddable":true,"href":"https:\/\/radiofenix.com.ar\/2023\/wp-json\/wp\/v2\/media\/195605"}],"wp:attachment":[{"href":"https:\/\/radiofenix.com.ar\/2023\/wp-json\/wp\/v2\/media?parent=195604"}],"wp:term":[{"taxonomy":"category","embeddable":true,"href":"https:\/\/radiofenix.com.ar\/2023\/wp-json\/wp\/v2\/categories?post=195604"},{"taxonomy":"post_tag","embeddable":true,"href":"https:\/\/radiofenix.com.ar\/2023\/wp-json\/wp\/v2\/tags?post=195604"}],"curies":[{"name":"wp","href":"https:\/\/api.w.org\/{rel}","templated":true}]}}