{"id":195612,"date":"2024-10-22T08:57:21","date_gmt":"2024-10-22T08:57:21","guid":{"rendered":"https:\/\/radiofenix.com.ar\/2023\/el-gremio-de-afip-reacciono-ante-el-cierre-no-dejaremos-se-vulneren-los-derechos-de-ningun-trabajador\/"},"modified":"2024-10-22T08:57:21","modified_gmt":"2024-10-22T08:57:21","slug":"el-gremio-de-afip-reacciono-ante-el-cierre-no-dejaremos-se-vulneren-los-derechos-de-ningun-trabajador","status":"publish","type":"post","link":"https:\/\/radiofenix.com.ar\/2023\/el-gremio-de-afip-reacciono-ante-el-cierre-no-dejaremos-se-vulneren-los-derechos-de-ningun-trabajador\/","title":{"rendered":"El gremio de AFIP reaccion\u00f3 ante el cierre: &quot;No dejaremos se vulneren los derechos de ning\u00fan trabajador&quot;"},"content":{"rendered":"<div id=\"\">\n<p>\u00abAdem\u00e1s, <strong>van a reubicarse y pasar a disponibilidad unos 3.100 empleados que ingresaron durante el \u00faltimo gobierno <\/strong>de manera, entendemos, irregular. Esto va a suponer un ahorro presupuestario en torno a los $6.400.000 al a\u00f1o\u00bb, asegur\u00f3 el vocero presidencial.<\/p>\n<h2>Qu\u00e9 dijeron desde la Uni\u00f3n del Personal Superior de la AFIP<\/h2>\n<p>\u00abLuego de la conferencia de prensa del Vocero Presidencial Manual Adorni y del comunicado oficial de la oficina del presidente de la Naci\u00f3n, Javier Milei, esta Comisi\u00f3n Directiva manifiesta que no dejaremos se vulneren los derechos de ning\u00fan trabajador de la Casa representado por nuestro germio, entendiendo que todos los trabajadores gozan de la estabilidad que consagra el art. 14 bis de la Constituci\u00f3n Nacional\u00bb, afirmaron.<\/p>\n<p>\u00abE<strong>sperando el dictado del Decreto de Necesidad y Urgencia (DNU) necesario para hacer posibles los anuncios, no tenemos objeciones respecto a la reducci\u00f3n de los cargos pol\u00edticos -que se llaman altos cargos en el comunicado- entendiendo que se refieren a subdirecciones y direcciones generales<\/strong>. Esa es una facultad del Poder Ejecutivo\u00bb, se\u00f1alaron en virtud de lo anunciado horas atr\u00e1s.<\/p>\n<p>\u00abObservamos que el esp\u00edritu del anuncio ser\u00eda el retorno al viejo esquema institucional de los a\u00f1os 90\u00bb, remarcaron adem\u00e1s, ante el regreso triunfal de la Direcci\u00f3n General Impositiva (DGI), encabezada por Andr\u00e9s V\u00e1zquez, y de la Direcci\u00f3n General de Aduanas (DGA), con Jos\u00e9 Andr\u00e9s V\u00e9lis de titular.<\/p>\n<p>\u00ab<strong>No ser\u00e1n toleradas desvinculaciones en base al origen pol\u00edtico, ni por ninguna otra causa que no derive de un sumario administrativo con resoluci\u00f3n firme<\/strong>. De igual manera no ser\u00e1 tolerada ninguna forma de afectaci\u00f3n de nuestros haberes, entendiendo que nos resguardan tanto la Constituci\u00f3n Nacional como nuestro convenio colectivo\u00bb, afirmaron en el mensaje firmado por el secretario general de UPSAFIP, Julio Enrique Est\u00e9vez.<\/p>\n<p>\u00abPor \u00faltimo felicitamos por su designaci\u00f3n al frente de la Direcci\u00f3n General Impositiva a nuestro afiliado a UPSAFIP, contador Andr\u00e9s Vazquez, con quien esperamos reunirnos en breve y lograr puntos de coincidencia acerca de la direcci\u00f3n del organismo.\u00bb, finaliza el texto.<\/p>\n<\/div>\n<p><a href=\"https:\/\/www.minutouno.com\/politica\/el-gremio-afip-reacciono-el-cierre-no-dejaremos-se-vulneren-los-derechos-ningun-trabajador-n6073017\">source<\/a><\/p>\n","protected":false},"excerpt":{"rendered":"<p>\u00abAdem\u00e1s, van a reubicarse y pasar a disponibilidad unos 3.100 empleados que ingresaron durante el&#8230;<\/p>\n","protected":false},"author":0,"featured_media":195613,"comment_status":"open","ping_status":"open","sticky":false,"template":"","format":"standard","meta":{"footnotes":""},"categories":[2],"tags":[],"class_list":["post-195612","post","type-post","status-publish","format-standard","has-post-thumbnail","hentry","category-politica"],"featured_image_urls":{"full":["https:\/\/radiofenix.com.ar\/2023\/wp-content\/uploads\/wp-header-logo.png",0,0,false],"thumbnail":["https:\/\/radiofenix.com.ar\/2023\/wp-content\/uploads\/wp-header-logo.png",1,1,false],"medium":["https:\/\/radiofenix.com.ar\/2023\/wp-content\/uploads\/wp-header-logo.png",1,1,false],"medium_large":["https:\/\/radiofenix.com.ar\/2023\/wp-content\/uploads\/wp-header-logo.png",1,1,false],"large":["https:\/\/radiofenix.com.ar\/2023\/wp-content\/uploads\/wp-header-logo.png",1,1,false],"1536x1536":["https:\/\/radiofenix.com.ar\/2023\/wp-content\/uploads\/wp-header-logo.png",1,1,false],"2048x2048":["https:\/\/radiofenix.com.ar\/2023\/wp-content\/uploads\/wp-header-logo.png",1,1,false],"newsium-slider-full":["https:\/\/radiofenix.com.ar\/2023\/wp-content\/uploads\/wp-header-logo.png",1,1,false],"newsium-featured":["https:\/\/radiofenix.com.ar\/2023\/wp-content\/uploads\/wp-header-logo.png",1,1,false],"newsium-medium":["https:\/\/radiofenix.com.ar\/2023\/wp-content\/uploads\/wp-header-logo.png",1,1,false]},"author_info":{"info":[""]},"category_info":"<a href=\"https:\/\/radiofenix.com.ar\/2023\/category\/politica\/\" rel=\"category tag\">Pol\u00edtica<\/a>","tag_info":"Pol\u00edtica","comment_count":"0","_links":{"self":[{"href":"https:\/\/radiofenix.com.ar\/2023\/wp-json\/wp\/v2\/posts\/195612","targetHints":{"allow":["GET"]}}],"collection":[{"href":"https:\/\/radiofenix.com.ar\/2023\/wp-json\/wp\/v2\/posts"}],"about":[{"href":"https:\/\/radiofenix.com.ar\/2023\/wp-json\/wp\/v2\/types\/post"}],"replies":[{"embeddable":true,"href":"https:\/\/radiofenix.com.ar\/2023\/wp-json\/wp\/v2\/comments?post=195612"}],"version-history":[{"count":0,"href":"https:\/\/radiofenix.com.ar\/2023\/wp-json\/wp\/v2\/posts\/195612\/revisions"}],"wp:featuredmedia":[{"embeddable":true,"href":"https:\/\/radiofenix.com.ar\/2023\/wp-json\/wp\/v2\/media\/195613"}],"wp:attachment":[{"href":"https:\/\/radiofenix.com.ar\/2023\/wp-json\/wp\/v2\/media?parent=195612"}],"wp:term":[{"taxonomy":"category","embeddable":true,"href":"https:\/\/radiofenix.com.ar\/2023\/wp-json\/wp\/v2\/categories?post=195612"},{"taxonomy":"post_tag","embeddable":true,"href":"https:\/\/radiofenix.com.ar\/2023\/wp-json\/wp\/v2\/tags?post=195612"}],"curies":[{"name":"wp","href":"https:\/\/api.w.org\/{rel}","templated":true}]}}