{"id":195614,"date":"2024-10-22T08:57:22","date_gmt":"2024-10-22T08:57:22","guid":{"rendered":"https:\/\/radiofenix.com.ar\/2023\/termino-el-festival-piriapolis-de-pelicula\/"},"modified":"2024-10-22T08:57:22","modified_gmt":"2024-10-22T08:57:22","slug":"termino-el-festival-piriapolis-de-pelicula","status":"publish","type":"post","link":"https:\/\/radiofenix.com.ar\/2023\/termino-el-festival-piriapolis-de-pelicula\/","title":{"rendered":"Termin\u00f3 el Festival Piri\u00e1polis de Pel\u00edcula"},"content":{"rendered":"<div>\n<p>Los festivales de cine son una experiencia que va m\u00e1s all\u00e1 de lo cinematogr\u00e1fico. Tambi\u00e9n son las personas que se encargan de hacerlos posible, sus invitados, sus espacios y las ciudades que los alojan. El <b>Festival Internacional Piri\u00e1polis de Pel\u00edcula<\/b>, que este a\u00f1o lleg\u00f3 a su 21\u00b0 edici\u00f3n, es un claro ejemplo de eso. Un encuentro peque\u00f1o en comparaci\u00f3n con sus parientes mayores, pero que cumple con el requisito de ofrecer en primer lugar calidez humana. A eso se le suma el aporte invaluable de una sede como el imponente Hotel Argentino, joya arquitect\u00f3nica que representa un fuerte rasgo en la identidad del festival. Y una ciudad que parece arrancada de la costa azul francesa en plena <i>belle \u00e9poque<\/i> y trasplantada con \u00e9xito en la ribera oriental del Plata.<\/p>\n<p>En Piri\u00e1polis de Pel\u00edcula es posible sentarse en la misma mesa de figuras hist\u00f3ricas del cine argentino y escucharlos compartir sus memorias como si estuvieran en familia, en el living de su casa. Una de ellas fue la actriz <b>Mercedes Carreras, invitada junto a su hija Victoria para presentar el documental <i><i>Amor y cine<\/i><\/i><\/b>, un homenaje a la figura de <b>Enrique Carreras<\/b>, esposo y padre respectivamente. Durante un almuerzo, ella record\u00f3 una gira teatral que realiz\u00f3 por Uruguay en los \u201860, como parte de un elenco encabezado por el m\u00edtico <b>Luis Sandrini<\/b>. Ah\u00ed, durante una conferencia de prensa, a un incisivo cr\u00edtico del pa\u00eds vecino se le ocurri\u00f3 cuestionar la filmograf\u00eda de Sandrini, preguntando por qu\u00e9 se dedicaba a hacer pel\u00edculas tan simples en lugar de trabajar en producciones m\u00e1s prestigiosas. Carreras cont\u00f3 que, sin perder la calma, don Luis mir\u00f3 al periodista y con tono paternal respondi\u00f3: \u201cPibe, si toco bien la guitarra, \u00bfpor qu\u00e9 me pide que me ponga a tocar el viol\u00edn?\u201d<\/p>\n<div class=\"iframely-embed medium-embedded-content\" data-html=\"Jmx0O2RpdiZndDsmbHQ7ZGl2IHN0eWxlPSJsZWZ0OiAwOyB3aWR0aDogMTAwJTsgaGVpZ2h0OiAwOyBwb3NpdGlvbjogcmVsYXRpdmU7IHBhZGRpbmctYm90dG9tOiA1Ni4wNDE3JTsiJmd0OyZsdDtpZnJhbWUgc3JjPSIvL2Nkbi5pZnJhbWUubHkvYXBpL2lmcmFtZT9jbGlja190b19wbGF5PTEmYW1wO3VybD1odHRwcyUzQSUyRiUyRmdlby5kYWlseW1vdGlvbi5jb20lMkZwbGF5ZXIlMkZ4dDVlZS5odG1sJTNGdmlkZW8lM0R4OTdzeTI2JmFtcDtrZXk9Mjg0ZDZiNDkyOTM0NjY2Mjc0NTYzZTNlMWE2N2NhZGQiIHN0eWxlPSJ0b3A6IDA7IGxlZnQ6IDA7IHdpZHRoOiAxMDAlOyBoZWlnaHQ6IDEwMCU7IHBvc2l0aW9uOiBhYnNvbHV0ZTsgYm9yZGVyOiAwOyIgYWxsb3dmdWxsc2NyZWVuIHNjcm9sbGluZz0ibm8iIGFsbG93PSJlbmNyeXB0ZWQtbWVkaWEgKjsiJmd0OyZsdDsvaWZyYW1lJmd0OyZsdDsvZGl2Jmd0OyZsdDsvZGl2Jmd0OyZsdDtkaXYgY2xhc3M9Im1lZGl1bS1pbnNlcnQtZW1iZWRzLW1ldGEiJmd0OyZsdDtzY3JpcHQgdHlwZT0idGV4dC9qc29uIiZndDt7InVybCI6Imh0dHBzOi8vZ2VvLmRhaWx5bW90aW9uLmNvbS9wbGF5ZXIveHQ1ZWUuaHRtbD92aWRlbz14OTdzeTI2IiwidHlwZSI6InZpZGVvIiwidmVyc2lvbiI6IjEuMCIsInRpdGxlIjoiQW1vciB5IGNpbmUsICBVbiBkb2N1bWVudGFsIGRlIFZpY3RvcmlhIENhcnJlcmFzIiwiYXV0aG9yIjoiUMOhZ2luYTEyIiwiYXV0aG9yX3VybCI6Imh0dHBzOi8vd3d3LmRhaWx5bW90aW9uLmNvbS9QYWdpbmExMiIsInByb3ZpZGVyX25hbWUiOiJEYWlseW1vdGlvbiIsImRlc2NyaXB0aW9uIjoiVmVyIEFtb3IgeSBjaW5lLCAgVW4gZG9jdW1lbnRhbCBkZSBWaWN0b3JpYSBDYXJyZXJhcyAtIFDDoWdpbmExMiBlbiBEYWlseW1vdGlvbiIsInRodW1ibmFpbF91cmwiOiJodHRwczovL3MyLmRtY2RuLm5ldC92L1hEeVBrMWQ1alBpb2hKd1hQL3gyNDAiLCJ0aHVtYm5haWxfd2lkdGgiOjQyNywidGh1bWJuYWlsX2hlaWdodCI6MjQwLCJjYWNoZV9hZ2UiOjg2NDAwfSZsdDsvc2NyaXB0Jmd0OyZsdDsvZGl2Jmd0Ow==\">\n<a data-iframely-url=\"\" href=\"https:\/\/geo.dailymotion.com\/player\/xt5ee.html?video=x97sy26\">https:\/\/geo.dailymotion.com\/player\/xt5ee.html?video=x97sy26<\/a>\n<\/div>\n<p>Pero <b>no solo hubo lugar para la nostalgia. La programaci\u00f3n de Piri\u00e1polis de Pel\u00edcula tambi\u00e9n habilit\u00f3 di\u00e1logos directos con el presente<\/b>, como ocurri\u00f3 durante la presentaci\u00f3n de la producci\u00f3n brasile\u00f1a <b><i>Seguimos siendo los mismos<\/i>, dirigida por Paulo Nascimento<\/b>. La misma est\u00e1 ambientada en Chile durante el primer a\u00f1o de la dictadura de Augusto Pinochet y tiene como escenario la embajada Argentina en la ciudad de Santiago, donde, como en muchas otras sedes diplom\u00e1ticas, se refugiaron miles de perseguidos pol\u00edticos en busca de protecci\u00f3n. El encargado de interpretar al embajador argentino es <b>N\u00e9stor Guzzini<\/b>, uno de los actores m\u00e1s importantes del cine uruguayo contempor\u00e1neo, quien dialog\u00f3 con el p\u00fabico antes de la proyecci\u00f3n. Espacio que aprovech\u00f3 para flexionar acerca de la forma en que a veces se pretende manipular el pasado.<\/p>\n<p>\u201cUno se ve tentado a decir que la de las dictaduras en Am\u00e9rica latina es una historia vieja, sin embargo en la historia de un pa\u00eds se trata de un hecho sumamente reciente que hay que seguir contando\u201d, comenz\u00f3 diciendo el actor. \u201cSobre todo cuando, sin entrar en cuestiones partidarias, persisten algunos vicios que pretenden contar la historia poniendo demonios en lugares donde no los hab\u00eda, cuando lo que hay es una cosa muy concreta: que cuando el Estado interviene en la vida de las personas para reprimir su forma de pensar y de expresarse, eso tiene que ser condenado, en cualquier Estado y en cualquier lugar\u201d, sostuvo Guzzini. Una forma de seguir valorando el rol del cine en el ejercicio de una memoria siempre en construcci\u00f3n.<\/p>\n<div class=\"medium-insert-embeds\">\n<figure>\n<div class=\"medium-insert-embed\">\n<div align=\"center\">\n<figure role=\"group\" class=\"caption caption-div embedded-entity\"><figcaption>\u00abOjal\u00e1 pudiera decir la verdad\u00bb, sobre la Masacre de Uchuraccay, fue elegido el Mejor Corto.\u00a0<\/figcaption><\/figure>\n<\/div>\n<\/div>\n<\/figure>\n<\/div>\n<p>En la misma l\u00ednea, el jurado de la Competencia Iberoamericana de Cortometrajes de Piri\u00e1polis de Pel\u00edcula, integrado entre otros por la periodista uruguaya Myriam Capriles y el acad\u00e9mico brasile\u00f1o Wagner Da Rosa Pirez, le otorg\u00f3 el premio al <b>Mejor Cortometraje al documental <i>Ojal\u00e1 pudiera decir la verdad<\/i>, del peruano V\u00edctor Augusto Mendivil. <\/b>El mismo cuenta la historia de la llamada Masacre de Uchuraccay, en la que ocho periodistas fueron asesinados en el sur de Per\u00fa, en 1983, pero lo hace a partir del v\u00ednculo familiar que une al director con una de las v\u00edctimas, su t\u00edo. La pel\u00edcula utiliza de forma virtuosa el archivo para fundir lo personal y lo hist\u00f3rico, y presente con pasado. Por su parte, los cortos <i>Imborrable<\/i>, de Victoria Herrerra, y <i>El hu\u00e9sped<\/i>, de Guillermo Garc\u00eda, compartieron el premio al Mejor Corto Uruguayo.\u00a0<\/p>\n<div class=\"iframely-embed medium-embedded-content\" data-html=\"Jmx0O2RpdiZndDsmbHQ7ZGl2IHN0eWxlPSJsZWZ0OiAwOyB3aWR0aDogMTAwJTsgaGVpZ2h0OiAwOyBwb3NpdGlvbjogcmVsYXRpdmU7IHBhZGRpbmctYm90dG9tOiA1Ni4wNDE3JTsiJmd0OyZsdDtpZnJhbWUgc3JjPSIvL2Nkbi5pZnJhbWUubHkvYXBpL2lmcmFtZT9jbGlja190b19wbGF5PTEmYW1wO3VybD1odHRwcyUzQSUyRiUyRmdlby5kYWlseW1vdGlvbi5jb20lMkZwbGF5ZXIlMkZ4dDVlZS5odG1sJTNGdmlkZW8lM0R4OTdzeTQwJmFtcDtrZXk9Mjg0ZDZiNDkyOTM0NjY2Mjc0NTYzZTNlMWE2N2NhZGQiIHN0eWxlPSJ0b3A6IDA7IGxlZnQ6IDA7IHdpZHRoOiAxMDAlOyBoZWlnaHQ6IDEwMCU7IHBvc2l0aW9uOiBhYnNvbHV0ZTsgYm9yZGVyOiAwOyIgYWxsb3dmdWxsc2NyZWVuIHNjcm9sbGluZz0ibm8iIGFsbG93PSJlbmNyeXB0ZWQtbWVkaWEgKjsiJmd0OyZsdDsvaWZyYW1lJmd0OyZsdDsvZGl2Jmd0OyZsdDsvZGl2Jmd0OyZsdDtkaXYgY2xhc3M9Im1lZGl1bS1pbnNlcnQtZW1iZWRzLW1ldGEiJmd0OyZsdDtzY3JpcHQgdHlwZT0idGV4dC9qc29uIiZndDt7InVybCI6Imh0dHBzOi8vZ2VvLmRhaWx5bW90aW9uLmNvbS9wbGF5ZXIveHQ1ZWUuaHRtbD92aWRlbz14OTdzeTQwIiwidHlwZSI6InZpZGVvIiwidmVyc2lvbiI6IjEuMCIsInRpdGxlIjoiT2phbMOhIHB1ZGllcmEgZGVjaXIgbGEgdmVyZGFkIChUcmFpbGVyKSAtIERvY3VtZW50YWwiLCJhdXRob3IiOiJQw6FnaW5hMTIiLCJhdXRob3JfdXJsIjoiaHR0cHM6Ly93d3cuZGFpbHltb3Rpb24uY29tL1BhZ2luYTEyIiwicHJvdmlkZXJfbmFtZSI6IkRhaWx5bW90aW9uIiwiZGVzY3JpcHRpb24iOiJWZXIgT2phbMOhIHB1ZGllcmEgZGVjaXIgbGEgdmVyZGFkIChUcmFpbGVyKSAtIERvY3VtZW50YWwgLSBQw6FnaW5hMTIgZW4gRGFpbHltb3Rpb24iLCJ0aHVtYm5haWxfdXJsIjoiaHR0cHM6Ly9zMi5kbWNkbi5uZXQvdi9YRHlRbTFkNWpRcUVhZlVQYi94MjQwIiwidGh1bWJuYWlsX3dpZHRoIjo0MjcsInRodW1ibmFpbF9oZWlnaHQiOjI0MCwiY2FjaGVfYWdlIjo4NjQwMH0mbHQ7L3NjcmlwdCZndDsmbHQ7L2RpdiZndDs=\">\n<a data-iframely-url=\"\" href=\"https:\/\/geo.dailymotion.com\/player\/xt5ee.html?video=x97sy40\">https:\/\/geo.dailymotion.com\/player\/xt5ee.html?video=x97sy40<\/a>\n<\/div>\n<\/div>\n<p><a href=\"https:\/\/www.pagina12.com.ar\/776398-termino-el-festival-piriapolis-de-pelicula\">source<\/a><\/p>\n","protected":false},"excerpt":{"rendered":"<p>Los festivales de cine son una experiencia que va m\u00e1s all\u00e1 de lo cinematogr\u00e1fico. Tambi\u00e9n&#8230;<\/p>\n","protected":false},"author":0,"featured_media":195615,"comment_status":"open","ping_status":"open","sticky":false,"template":"","format":"standard","meta":{"footnotes":""},"categories":[4],"tags":[],"class_list":["post-195614","post","type-post","status-publish","format-standard","has-post-thumbnail","hentry","category-espectaculos"],"featured_image_urls":{"full":["https:\/\/radiofenix.com.ar\/2023\/wp-content\/uploads\/wp-header-logo.png",0,0,false],"thumbnail":["https:\/\/radiofenix.com.ar\/2023\/wp-content\/uploads\/wp-header-logo.png",1,1,false],"medium":["https:\/\/radiofenix.com.ar\/2023\/wp-content\/uploads\/wp-header-logo.png",1,1,false],"medium_large":["https:\/\/radiofenix.com.ar\/2023\/wp-content\/uploads\/wp-header-logo.png",1,1,false],"large":["https:\/\/radiofenix.com.ar\/2023\/wp-content\/uploads\/wp-header-logo.png",1,1,false],"1536x1536":["https:\/\/radiofenix.com.ar\/2023\/wp-content\/uploads\/wp-header-logo.png",1,1,false],"2048x2048":["https:\/\/radiofenix.com.ar\/2023\/wp-content\/uploads\/wp-header-logo.png",1,1,false],"newsium-slider-full":["https:\/\/radiofenix.com.ar\/2023\/wp-content\/uploads\/wp-header-logo.png",1,1,false],"newsium-featured":["https:\/\/radiofenix.com.ar\/2023\/wp-content\/uploads\/wp-header-logo.png",1,1,false],"newsium-medium":["https:\/\/radiofenix.com.ar\/2023\/wp-content\/uploads\/wp-header-logo.png",1,1,false]},"author_info":{"info":[""]},"category_info":"<a href=\"https:\/\/radiofenix.com.ar\/2023\/category\/espectaculos\/\" rel=\"category tag\">Espectaculos<\/a>","tag_info":"Espectaculos","comment_count":"0","_links":{"self":[{"href":"https:\/\/radiofenix.com.ar\/2023\/wp-json\/wp\/v2\/posts\/195614","targetHints":{"allow":["GET"]}}],"collection":[{"href":"https:\/\/radiofenix.com.ar\/2023\/wp-json\/wp\/v2\/posts"}],"about":[{"href":"https:\/\/radiofenix.com.ar\/2023\/wp-json\/wp\/v2\/types\/post"}],"replies":[{"embeddable":true,"href":"https:\/\/radiofenix.com.ar\/2023\/wp-json\/wp\/v2\/comments?post=195614"}],"version-history":[{"count":0,"href":"https:\/\/radiofenix.com.ar\/2023\/wp-json\/wp\/v2\/posts\/195614\/revisions"}],"wp:featuredmedia":[{"embeddable":true,"href":"https:\/\/radiofenix.com.ar\/2023\/wp-json\/wp\/v2\/media\/195615"}],"wp:attachment":[{"href":"https:\/\/radiofenix.com.ar\/2023\/wp-json\/wp\/v2\/media?parent=195614"}],"wp:term":[{"taxonomy":"category","embeddable":true,"href":"https:\/\/radiofenix.com.ar\/2023\/wp-json\/wp\/v2\/categories?post=195614"},{"taxonomy":"post_tag","embeddable":true,"href":"https:\/\/radiofenix.com.ar\/2023\/wp-json\/wp\/v2\/tags?post=195614"}],"curies":[{"name":"wp","href":"https:\/\/api.w.org\/{rel}","templated":true}]}}