{"id":195622,"date":"2024-10-23T05:39:14","date_gmt":"2024-10-23T05:39:14","guid":{"rendered":"https:\/\/radiofenix.com.ar\/2023\/bolivia-la-policia-intenta-desactivar-sin-exito-los-cortes-de-ruta-en-apoyo-a-evo\/"},"modified":"2024-10-23T05:39:14","modified_gmt":"2024-10-23T05:39:14","slug":"bolivia-la-policia-intenta-desactivar-sin-exito-los-cortes-de-ruta-en-apoyo-a-evo","status":"publish","type":"post","link":"https:\/\/radiofenix.com.ar\/2023\/bolivia-la-policia-intenta-desactivar-sin-exito-los-cortes-de-ruta-en-apoyo-a-evo\/","title":{"rendered":"Bolivia: la polic\u00eda intenta desactivar sin \u00e9xito los cortes de ruta en apoyo a Evo"},"content":{"rendered":"<div>\n<p><b>En\u00a0la novena jornada de <\/b><a href=\"https:\/\/www.pagina12.com.ar\/774981-bolivia-se-intensifican-los-bloqueos-en-defensa-de-evo-moral\"><b>bloqueos <\/b><\/a><b>de ruta sostenidos en <\/b><a href=\"https:\/\/www.pagina12.com.ar\/tags\/1606-bolivia\"><b>Bolivia <\/b><\/a>por los seguidores del expresidente, <a href=\"https:\/\/www.pagina12.com.ar\/tags\/1533-evo-morales\">Evo Morales<\/a>, quienes salieron <a href=\"https:\/\/www.pagina12.com.ar\/775836-bolivia-evo-morales-denuncio-una-persecucion-politica-en-su-\">en defensa<\/a> del l\u00edder, <b>la polic\u00eda boliviana ejecut\u00f3 una serie de operativos para intentar despejar los cortes en distintas zonas\u00a0sin obtener resultados<\/b>. <b>Morales <\/b>comparti\u00f3 un comunicado dirigido al \u00abpueblo de Bolivia\u00bb, en el que<b> exigi\u00f3 que \u00abel gobierno, en lugar de reprimir, resuelva la grave crisis que enfrentamos\u00bb<\/b>. <b>A los cortes de ruta se sumaron cacerolazos<\/b> en la ciudad de El Alto, la segunda m\u00e1s grande de Bolivia,<b> en protesta por la suba en los precios de los alimentos<\/b>.<\/p>\n<div class=\"iframely-embed medium-embedded-content\" data-html=\"Jmx0O2Jsb2NrcXVvdGUgY2xhc3M9InR3aXR0ZXItdHdlZXQiIGRhdGEtZG50PSJ0cnVlIiBhbGlnbj0iY2VudGVyIiZndDsmbHQ7cCBsYW5nPSJlcyIgZGlyPSJsdHIiJmd0O0Rlc2RlIGVsIEVzdGFkbyBNYXlvciBkZSBQdWVibG8gaGFjZW1vcyBsbGVnYXIgZXN0ZSBjb211bmljYWRvIGEgbnVlc3RybyBQdWVibG8uICZsdDticiZndDtQbGFuZWFtb3MgcXVlIGVsIGdvYmllcm5vLCBlbiBsdWdhciBkZSByZXByaW1pciwgcmVzdWVsdmEgbGEgZ3JhdmUgY3Jpc2lzIHF1ZSBlbmZyZW50YW1vcy4gJmx0O2JyJmd0O0RlIGxhIGdyYW4gTWFyY2hhIHBhcmEgU2FsdmFyIEJvbGl2aWEgcGFzYW1vcyBoYWNpYSB1bmEgQWdlbmRhIHBhcmEgU2FsdmFyIEJvbGl2aWEuICZsdDthIGhyZWY9Imh0dHBzOi8vdC5jby9UZnFpek10SUM4IiZndDtwaWMudHdpdHRlci5jb20vVGZxaXpNdElDOCZsdDsvYSZndDsmbHQ7L3AmZ3Q7JmFtcDttZGFzaDsgRXZvIE1vcmFsZXMgQXltYSAoQGV2b2VzcHVlYmxvKSAmbHQ7YSBocmVmPSJodHRwczovL3R3aXR0ZXIuY29tL2V2b2VzcHVlYmxvL3N0YXR1cy8xODQ4ODEyMTQzODIwMzM3MjA2P3JlZl9zcmM9dHdzcmMlNUV0ZnciJmd0O09jdG9iZXIgMjIsIDIwMjQmbHQ7L2EmZ3Q7Jmx0Oy9ibG9ja3F1b3RlJmd0OwombHQ7c2NyaXB0IGFzeW5jIHNyYz0iaHR0cHM6Ly9wbGF0Zm9ybS50d2l0dGVyLmNvbS93aWRnZXRzLmpzIiBjaGFyc2V0PSJ1dGYtOCImZ3Q7Jmx0Oy9zY3JpcHQmZ3Q7CgombHQ7ZGl2IGNsYXNzPSJtZWRpdW0taW5zZXJ0LWVtYmVkcy1tZXRhIiZndDsmbHQ7c2NyaXB0IHR5cGU9InRleHQvanNvbiImZ3Q7eyJ1cmwiOiJodHRwczovL3R3aXR0ZXIuY29tL2V2b2VzcHVlYmxvL3N0YXR1cy8xODQ4ODEyMTQzODIwMzM3MjA2IiwidHlwZSI6InJpY2giLCJ2ZXJzaW9uIjoiMS4wIiwidGl0bGUiOiJFdm8gTW9yYWxlcyBBeW1hIG9uIFR3aXR0ZXIgLyBYIiwiYXV0aG9yIjoiRXZvIE1vcmFsZXMgQXltYSIsImF1dGhvcl91cmwiOiJodHRwczovL3R3aXR0ZXIuY29tL2V2b2VzcHVlYmxvIiwicHJvdmlkZXJfbmFtZSI6IlR3aXR0ZXIiLCJkZXNjcmlwdGlvbiI6IkRlc2RlIGVsIEVzdGFkbyBNYXlvciBkZSBQdWVibG8gaGFjZW1vcyBsbGVnYXIgZXN0ZSBjb211bmljYWRvIGEgbnVlc3RybyBQdWVibG8uIFBsYW5lYW1vcyBxdWUgZWwgZ29iaWVybm8sIGVuIGx1Z2FyIGRlIHJlcHJpbWlyLCByZXN1ZWx2YSBsYSBncmF2ZSBjcmlzaXMgcXVlIGVuZnJlbnRhbW9zLiBEZSBsYSBncmFuIE1hcmNoYSBwYXJhIFNhbHZhciBCb2xpdmlhIHBhc2Ftb3MgaGFjaWEgdW5hIEFnZW5kYSBwYXJhIFNhbHZhciBCb2xpdmlhLiBwaWMudHdpdHRlci5jb20vVGZxaXpNdElDOOKAlCBFdm8gTW9yYWxlcyBBeW1hIChAZXZvZXNwdWVibG8pIE9jdG9iZXIgMjIsIDIwMjRcblxuXG4iLCJjYWNoZV9hZ2UiOjg2NDAwLCJvcHRpb25zIjp7Il9oaWRlX21lZGlhIjp7ImxhYmVsIjoiSGlkZSBwaG90b3MsIHZpZGVvcywgYW5kIGNhcmRzIiwidmFsdWUiOmZhbHNlfSwiX3RoZW1lIjp7InZhbHVlIjoiIiwidmFsdWVzIjp7ImRhcmsiOiJVc2UgZGFyayB0aGVtZSJ9fSwiX21heHdpZHRoIjp7InZhbHVlIjoiIiwibGFiZWwiOiJBZGp1c3Qgd2lkdGgiLCJwbGFjZWhvbGRlciI6IjIyMC01NTAsIGluIHB4In19fSZsdDsvc2NyaXB0Jmd0OyZsdDsvZGl2Jmd0Ow==\">\n<a data-iframely-url=\"\" href=\"https:\/\/twitter.com\/evoespueblo\/status\/1848812143820337206\">https:\/\/twitter.com\/evoespueblo\/status\/1848812143820337206<\/a>\n<\/div>\n<h2>Operativos sin \u00e9xito<\/h2>\n<p>Seg\u00fan el \u00faltimo reporte de transitabilidad de la Administradora Boliviana de Carreteras, <b>en la regi\u00f3n central de Cochabamba hay m\u00e1s de 16 puntos de bloqueo<\/b> instalados en las principales rutas que unen el este y el oeste del pa\u00eds, pero los cortes se extienden a todo el territorio boliviano. Este martes se registraban cortes sobre las rutas que conectan a Cochabamba con el departamento de <b>Chuquisaca<\/b>, al sur, as\u00ed como dos bloqueos en la regi\u00f3n andina de <b>Oruro<\/b>, otro en el norte de <b>Potos\u00ed <\/b>y uno m\u00e1s en la localidad de Portachuelo en <b>Santa Cruz<\/b>, la regi\u00f3n m\u00e1s poblada del pa\u00eds.<\/p>\n<p>El martes a la madrugada\u00a0<b>un grupo de manifestantes instal\u00f3 un nuevo bloqueo<\/b> con piedras y neum\u00e1ticos en desuso en el municipio de <b>Vinto<\/b>, a 20 kil\u00f3metros de la ciudad de Cochabamba. Horas despu\u00e9s\u00a0<b>un contingente policial lleg\u00f3 para dialogar con los dirigentes<\/b>, logrando la circulaci\u00f3n de veh\u00edculos por un carril de la v\u00eda. <b>Los agentes emplearon una pala mec\u00e1nica para abrirse paso entre el bloqueo<\/b>, logrando dispersarlo de forma moment\u00e1nea, pero<b> los manifestantes retomaron la protesta poco despu\u00e9s<\/b>.<\/p>\n<p>Tambi\u00e9n se dio otra intervenci\u00f3n policial en el bloqueo que se manten\u00eda en el puente Ichilo en la localidad de Bulo Bulo, provincia de Santa Cruz. Las fuerzas policiales llegaron hasta el lugar del bloqueo, acompa\u00f1adas por un grupo de civiles no identificados, e <b>hicieron retroceder a los manifestantes<\/b> hasta Bulo Bulo, <b>donde hab\u00eda m\u00e1s \u00ab<\/b><b>evistas\u00bb<\/b><b> esper\u00e1ndolos<\/b>.\u00a0<b>Los agentes de seguridad reprimieron con gas lacrim\u00f3geno a los asistentes<\/b>, que<b> respondieron con piedras y petardos<\/b>, logrando empujar a la polic\u00eda de retorno al puente Ichilo, consiguiendo as\u00ed retomar el bloqueo.\u00a0<\/p>\n<h2>Denuncian presencia paramilitar<\/h2>\n<p><b>Los evistas denunciaron que \u00abgrupos de choque\u00bb ayudaron a la polic\u00eda <\/b>con el intento de desbloqueo. Un contingente que acompa\u00f1\u00f3 a la polic\u00eda fue identificado por los medios locales como un grupo perteneciente a la <b>Uni\u00f3n Juvenil <\/b><b>Cruce\u00f1ista<\/b>, un grupo c\u00edvico de Santa Cruz que <b>ya sostuvo enfrentamientos con los <\/b><b>evistas<\/b>, y cuyo l\u00edder, <b>Ernesto Vaca <\/b><b>Vilasboas<\/b>, se encuentra detenido por incitar a la violencia desde octubre de 2019.<\/p>\n<p>Morales, en una publicaci\u00f3n de su cuenta de la red X, describi\u00f3 a los cruce\u00f1istas como un grupo \u00abparamilitar\u00bb, a la vez que <b>destac\u00f3 que el intento de levantar el bloqueo fracas\u00f3 por la acci\u00f3n de sus seguidores<\/b>. \u00abEstamos frente a un gobierno insensible, represor, abusivo e inhumano, que no le tiembla el pulso al momento de atacar a quienes lucharon por la democracia. Duele mucho ser testigo de esto\u00bb, escribi\u00f3 el l\u00edder del Movimiento al Socialismo (MAS).<\/p>\n<div class=\"iframely-embed medium-embedded-content\" data-html=\"Jmx0O2Jsb2NrcXVvdGUgY2xhc3M9InR3aXR0ZXItdHdlZXQiIGRhdGEtZG50PSJ0cnVlIiBhbGlnbj0iY2VudGVyIiZndDsmbHQ7cCBsYW5nPSJlcyIgZGlyPSJsdHIiJmd0O0RlbnVuY2lhbW9zIGFsIHB1ZWJsbyBkZSBCb2xpdmlhIHkgYSBsYSBjb211bmlkYWQgaW50ZXJuYWNpb25hbCBxdWUgaG95IGVuIGxhIG1hZHJ1Z2FkYSwgZ3J1cG9zIHBhcmFtaWxpdGFyZXMgYXJtYWRvcyBmdWVyb24gdHJhc2xhZGFkb3MgZW4gMzAgYnVzZXMgeSAxNSBjYW1pb25ldGFzLiAgJmx0O2JyJmd0O0VzdGUgZ3J1cG8gZGUgZGVsaW5jdWVudGVzICZsdDticiZndDtlbXBlemFyb24gYSBkZXNibG9xdWVhciBlbCBwdW50byBkZSBpbnN0YWxhZG8gZW4gTW9udGVyby4gJmx0O2JyJmd0OyZsdDticiZndDtMYSByZXByZXNpw7NuIGFsIG1pc21v4oCmICZsdDthIGhyZWY9Imh0dHBzOi8vdC5jby9aRmpnQWpScFBDIiZndDtwaWMudHdpdHRlci5jb20vWkZqZ0FqUnBQQyZsdDsvYSZndDsmbHQ7L3AmZ3Q7JmFtcDttZGFzaDsgRXZvIE1vcmFsZXMgQXltYSAoQGV2b2VzcHVlYmxvKSAmbHQ7YSBocmVmPSJodHRwczovL3R3aXR0ZXIuY29tL2V2b2VzcHVlYmxvL3N0YXR1cy8xODQ4NzEzMjc2MDU1NDk5MTI2P3JlZl9zcmM9dHdzcmMlNUV0ZnciJmd0O09jdG9iZXIgMjIsIDIwMjQmbHQ7L2EmZ3Q7Jmx0Oy9ibG9ja3F1b3RlJmd0OwombHQ7c2NyaXB0IGFzeW5jIHNyYz0iaHR0cHM6Ly9wbGF0Zm9ybS50d2l0dGVyLmNvbS93aWRnZXRzLmpzIiBjaGFyc2V0PSJ1dGYtOCImZ3Q7Jmx0Oy9zY3JpcHQmZ3Q7CgombHQ7ZGl2IGNsYXNzPSJtZWRpdW0taW5zZXJ0LWVtYmVkcy1tZXRhIiZndDsmbHQ7c2NyaXB0IHR5cGU9InRleHQvanNvbiImZ3Q7eyJ1cmwiOiJodHRwczovL3R3aXR0ZXIuY29tL2V2b2VzcHVlYmxvL3N0YXR1cy8xODQ4NzEzMjc2MDU1NDk5MTI2IiwidHlwZSI6InJpY2giLCJ2ZXJzaW9uIjoiMS4wIiwidGl0bGUiOiJFdm8gTW9yYWxlcyBBeW1hIG9uIFR3aXR0ZXIgLyBYIiwiYXV0aG9yIjoiRXZvIE1vcmFsZXMgQXltYSIsImF1dGhvcl91cmwiOiJodHRwczovL3R3aXR0ZXIuY29tL2V2b2VzcHVlYmxvIiwicHJvdmlkZXJfbmFtZSI6IlR3aXR0ZXIiLCJkZXNjcmlwdGlvbiI6IkRlbnVuY2lhbW9zIGFsIHB1ZWJsbyBkZSBCb2xpdmlhIHkgYSBsYSBjb211bmlkYWQgaW50ZXJuYWNpb25hbCBxdWUgaG95IGVuIGxhIG1hZHJ1Z2FkYSwgZ3J1cG9zIHBhcmFtaWxpdGFyZXMgYXJtYWRvcyBmdWVyb24gdHJhc2xhZGFkb3MgZW4gMzAgYnVzZXMgeSAxNSBjYW1pb25ldGFzLiAgRXN0ZSBncnVwbyBkZSBkZWxpbmN1ZW50ZXMgZW1wZXphcm9uIGEgZGVzYmxvcXVlYXIgZWwgcHVudG8gZGUgaW5zdGFsYWRvIGVuIE1vbnRlcm8uIExhIHJlcHJlc2nDs24gYWwgbWlzbW\/igKYgcGljLnR3aXR0ZXIuY29tL1pGamdBalJwUEPigJQgRXZvIE1vcmFsZXMgQXltYSAoQGV2b2VzcHVlYmxvKSBPY3RvYmVyIDIyLCAyMDI0XG5cblxuIiwiY2FjaGVfYWdlIjo4NjQwMCwib3B0aW9ucyI6eyJfaGlkZV9tZWRpYSI6eyJsYWJlbCI6IkhpZGUgcGhvdG9zLCB2aWRlb3MsIGFuZCBjYXJkcyIsInZhbHVlIjpmYWxzZX0sIl90aGVtZSI6eyJ2YWx1ZSI6IiIsInZhbHVlcyI6eyJkYXJrIjoiVXNlIGRhcmsgdGhlbWUifX0sIl9tYXh3aWR0aCI6eyJ2YWx1ZSI6IiIsImxhYmVsIjoiQWRqdXN0IHdpZHRoIiwicGxhY2Vob2xkZXIiOiIyMjAtNTUwLCBpbiBweCJ9fX0mbHQ7L3NjcmlwdCZndDsmbHQ7L2RpdiZndDs=\">\n<a data-iframely-url=\"\" href=\"https:\/\/twitter.com\/evoespueblo\/status\/1848713276055499126\">https:\/\/twitter.com\/evoespueblo\/status\/1848713276055499126<\/a>\n<\/div>\n<h2>Se suman los cacerolazos<\/h2>\n<p>En la ciudad pace\u00f1a de El Alto se hicieron sentir las cacerolas. Los manifestantes ped\u00edan al resto de los vecinos \u00absumarse a la lucha\u00bb, mientras que los carteles ten\u00edan inscripciones que cuestionaban la gesti\u00f3n del gobierno para atender los problemas econ\u00f3micos de la poblaci\u00f3n. <b>El incremento se siente en el precio del transporte urbano, mientras que el efecto de la inflaci\u00f3n llega a alimentos como las v\u00edsceras de pollo<\/b> que en las \u00faltimas semanas doblaron su precio, de 6 a 10 bolivianos (0,8 a 1,4 d\u00f3lares).<\/p>\n<p>El reclamo con cacerolas vac\u00edas estuvo antecedido el lunes por la huelga de los comerciantes de carne de res, pollo y cerdo, quienes tambi\u00e9n protestaron por el incremento del kilo de estos productos que pas\u00f3 de 23 bolivianos (3,3 d\u00f3lares) a 34 bolivianos (casi 5 d\u00f3lares) y que provoc\u00f3 la merma de sus ventas. Al respecto el viceministro de Comercio y Log\u00edstica Interna, Grover Lacoa, inform\u00f3 que el Ejecutivo realiza gestiones para proveer carne a las ciudades de La Paz y El Alto, las m\u00e1s afectadas por los bloqueos en Cochabamba y que impiden la llegada de esos alimentos.<\/p>\n<h2>Sin salida a la vista<\/h2>\n<p>Los sectores afines a Morales, agrupados alrededor del llamado <b>Pacto de Unidad, <\/b>una junta de organizaciones vinculadas en apoyo de los <b>derechos ind\u00edgenas y agrarios<\/b>, bloquean las rutas bolivianas desde el 14 de octubre.\u00a0<b>La medida se inici\u00f3 para reclamar ante una posible orden de captura en contra del l\u00edder<\/b>, por un caso de trata de personas y estupro que involucra a una menor con la que Morales habr\u00eda tenido un hijo cuando era presidente de Bolivia.<\/p>\n<p>Los manifestantes evistas tambi\u00e9n reclaman al gobierno<b> soluciones a la escasez de d\u00f3lares y combustibles<\/b> y al <b>encarecimiento de los productos alimentarios<\/b>, as\u00ed como <b>la restituci\u00f3n de Morales como candidato presidencial<\/b> del MAS. El lunes pasado\u00a0<b>los manifestantes amenazaron con hacer que los bloqueos persistan hasta lograr la renuncia de Arce<\/b> (quien fuera elegido por Morales para reemplazarlo luego de verse forzado a renunciar luego del golpe de Estado de 2019) y <b>el adelanto de las elecciones generales previstas para 2025<\/b>.<\/p>\n<div class=\"iframely-embed medium-embedded-content\" data-html=\"Jmx0O2Jsb2NrcXVvdGUgY2xhc3M9InR3aXR0ZXItdHdlZXQiIGRhdGEtZG50PSJ0cnVlIiBhbGlnbj0iY2VudGVyIiZndDsmbHQ7cCBsYW5nPSJlcyIgZGlyPSJsdHIiJmd0O0Rlc2RlIGVsIEVzdGFkbyBNYXlvciBkZSBQdWVibG8gaGFjZW1vcyBsbGVnYXIgZXN0ZSBjb211bmljYWRvIGEgbnVlc3RybyBQdWVibG8uICZsdDticiZndDtQbGFuZWFtb3MgcXVlIGVsIGdvYmllcm5vLCBlbiBsdWdhciBkZSByZXByaW1pciwgcmVzdWVsdmEgbGEgZ3JhdmUgY3Jpc2lzIHF1ZSBlbmZyZW50YW1vcy4gJmx0O2JyJmd0O0RlIGxhIGdyYW4gTWFyY2hhIHBhcmEgU2FsdmFyIEJvbGl2aWEgcGFzYW1vcyBoYWNpYSB1bmEgQWdlbmRhIHBhcmEgU2FsdmFyIEJvbGl2aWEuICZsdDthIGhyZWY9Imh0dHBzOi8vdC5jby9UZnFpek10SUM4IiZndDtwaWMudHdpdHRlci5jb20vVGZxaXpNdElDOCZsdDsvYSZndDsmbHQ7L3AmZ3Q7JmFtcDttZGFzaDsgRXZvIE1vcmFsZXMgQXltYSAoQGV2b2VzcHVlYmxvKSAmbHQ7YSBocmVmPSJodHRwczovL3R3aXR0ZXIuY29tL2V2b2VzcHVlYmxvL3N0YXR1cy8xODQ4ODEyMTQzODIwMzM3MjA2P3JlZl9zcmM9dHdzcmMlNUV0ZnciJmd0O09jdG9iZXIgMjIsIDIwMjQmbHQ7L2EmZ3Q7Jmx0Oy9ibG9ja3F1b3RlJmd0OwombHQ7c2NyaXB0IGFzeW5jIHNyYz0iaHR0cHM6Ly9wbGF0Zm9ybS50d2l0dGVyLmNvbS93aWRnZXRzLmpzIiBjaGFyc2V0PSJ1dGYtOCImZ3Q7Jmx0Oy9zY3JpcHQmZ3Q7CgombHQ7ZGl2IGNsYXNzPSJtZWRpdW0taW5zZXJ0LWVtYmVkcy1tZXRhIiZndDsmbHQ7c2NyaXB0IHR5cGU9InRleHQvanNvbiImZ3Q7eyJ1cmwiOiJodHRwczovL3R3aXR0ZXIuY29tL2V2b2VzcHVlYmxvL3N0YXR1cy8xODQ4ODEyMTQzODIwMzM3MjA2IiwidHlwZSI6InJpY2giLCJ2ZXJzaW9uIjoiMS4wIiwidGl0bGUiOiJFdm8gTW9yYWxlcyBBeW1hIG9uIFR3aXR0ZXIgLyBYIiwiYXV0aG9yIjoiRXZvIE1vcmFsZXMgQXltYSIsImF1dGhvcl91cmwiOiJodHRwczovL3R3aXR0ZXIuY29tL2V2b2VzcHVlYmxvIiwicHJvdmlkZXJfbmFtZSI6IlR3aXR0ZXIiLCJkZXNjcmlwdGlvbiI6IkRlc2RlIGVsIEVzdGFkbyBNYXlvciBkZSBQdWVibG8gaGFjZW1vcyBsbGVnYXIgZXN0ZSBjb211bmljYWRvIGEgbnVlc3RybyBQdWVibG8uIFBsYW5lYW1vcyBxdWUgZWwgZ29iaWVybm8sIGVuIGx1Z2FyIGRlIHJlcHJpbWlyLCByZXN1ZWx2YSBsYSBncmF2ZSBjcmlzaXMgcXVlIGVuZnJlbnRhbW9zLiBEZSBsYSBncmFuIE1hcmNoYSBwYXJhIFNhbHZhciBCb2xpdmlhIHBhc2Ftb3MgaGFjaWEgdW5hIEFnZW5kYSBwYXJhIFNhbHZhciBCb2xpdmlhLiBwaWMudHdpdHRlci5jb20vVGZxaXpNdElDOOKAlCBFdm8gTW9yYWxlcyBBeW1hIChAZXZvZXNwdWVibG8pIE9jdG9iZXIgMjIsIDIwMjRcblxuXG4iLCJjYWNoZV9hZ2UiOjg2NDAwLCJvcHRpb25zIjp7Il9oaWRlX21lZGlhIjp7ImxhYmVsIjoiSGlkZSBwaG90b3MsIHZpZGVvcywgYW5kIGNhcmRzIiwidmFsdWUiOmZhbHNlfSwiX3RoZW1lIjp7InZhbHVlIjoiIiwidmFsdWVzIjp7ImRhcmsiOiJVc2UgZGFyayB0aGVtZSJ9fSwiX21heHdpZHRoIjp7InZhbHVlIjoiIiwibGFiZWwiOiJBZGp1c3Qgd2lkdGgiLCJwbGFjZWhvbGRlciI6IjIyMC01NTAsIGluIHB4In19fSZsdDsvc2NyaXB0Jmd0OyZsdDsvZGl2Jmd0Ow==\">\n<a data-iframely-url=\"\" href=\"https:\/\/twitter.com\/evoespueblo\/status\/1848812143820337206\">https:\/\/twitter.com\/evoespueblo\/status\/1848812143820337206<\/a>\n<\/div>\n<p>Desde que se hizo p\u00fablico el proceso de investigaci\u00f3n de la Fiscal\u00eda, <b>Morales no abandon\u00f3 el Tr\u00f3pico de Cochabamba<\/b>, donde reside acompa\u00f1ado por sus seguidores y su rama del movimiento sindical. El conflicto y la denuncia contra el exgobernante se dan <b>en medio de la pugna interna entre Arce y Morales por el control del MAS<\/b> y el Ejecutivo, y por <b>la definici\u00f3n de la candidatura presidencial<\/b>, durante un momento crucial en el esclarecimiento de las circunstancias de 2019, <b>luego de que la justicia boliviana excluyera<\/b> a la expresidenta de facto, <b>Jeanine<\/b><b> <\/b><b>\u00c1\u00f1ez<\/b>, de una de las causas del que investigan golpe de ese a\u00f1o.<\/p>\n<\/div>\n<p><script async src=\"\/\/platform.twitter.com\/widgets.js\" charset=\"utf-8\"><\/script><br \/><a href=\"https:\/\/www.pagina12.com.ar\/776784-bolivia-la-policia-intenta-desactivar-sin-exito-los-cortes-d\">source<\/a><\/p>\n","protected":false},"excerpt":{"rendered":"<p>En\u00a0la novena jornada de bloqueos de ruta sostenidos en Bolivia por los seguidores del expresidente,&#8230;<\/p>\n","protected":false},"author":0,"featured_media":195623,"comment_status":"open","ping_status":"open","sticky":false,"template":"","format":"standard","meta":{"footnotes":""},"categories":[60],"tags":[],"class_list":["post-195622","post","type-post","status-publish","format-standard","has-post-thumbnail","hentry","category-internacional"],"featured_image_urls":{"full":["https:\/\/radiofenix.com.ar\/2023\/wp-content\/uploads\/wp-header-logo.png",0,0,false],"thumbnail":["https:\/\/radiofenix.com.ar\/2023\/wp-content\/uploads\/wp-header-logo.png",1,1,false],"medium":["https:\/\/radiofenix.com.ar\/2023\/wp-content\/uploads\/wp-header-logo.png",1,1,false],"medium_large":["https:\/\/radiofenix.com.ar\/2023\/wp-content\/uploads\/wp-header-logo.png",1,1,false],"large":["https:\/\/radiofenix.com.ar\/2023\/wp-content\/uploads\/wp-header-logo.png",1,1,false],"1536x1536":["https:\/\/radiofenix.com.ar\/2023\/wp-content\/uploads\/wp-header-logo.png",1,1,false],"2048x2048":["https:\/\/radiofenix.com.ar\/2023\/wp-content\/uploads\/wp-header-logo.png",1,1,false],"newsium-slider-full":["https:\/\/radiofenix.com.ar\/2023\/wp-content\/uploads\/wp-header-logo.png",1,1,false],"newsium-featured":["https:\/\/radiofenix.com.ar\/2023\/wp-content\/uploads\/wp-header-logo.png",1,1,false],"newsium-medium":["https:\/\/radiofenix.com.ar\/2023\/wp-content\/uploads\/wp-header-logo.png",1,1,false]},"author_info":{"info":[""]},"category_info":"<a href=\"https:\/\/radiofenix.com.ar\/2023\/category\/internacional\/\" rel=\"category tag\">Internacional<\/a>","tag_info":"Internacional","comment_count":"0","_links":{"self":[{"href":"https:\/\/radiofenix.com.ar\/2023\/wp-json\/wp\/v2\/posts\/195622","targetHints":{"allow":["GET"]}}],"collection":[{"href":"https:\/\/radiofenix.com.ar\/2023\/wp-json\/wp\/v2\/posts"}],"about":[{"href":"https:\/\/radiofenix.com.ar\/2023\/wp-json\/wp\/v2\/types\/post"}],"replies":[{"embeddable":true,"href":"https:\/\/radiofenix.com.ar\/2023\/wp-json\/wp\/v2\/comments?post=195622"}],"version-history":[{"count":0,"href":"https:\/\/radiofenix.com.ar\/2023\/wp-json\/wp\/v2\/posts\/195622\/revisions"}],"wp:featuredmedia":[{"embeddable":true,"href":"https:\/\/radiofenix.com.ar\/2023\/wp-json\/wp\/v2\/media\/195623"}],"wp:attachment":[{"href":"https:\/\/radiofenix.com.ar\/2023\/wp-json\/wp\/v2\/media?parent=195622"}],"wp:term":[{"taxonomy":"category","embeddable":true,"href":"https:\/\/radiofenix.com.ar\/2023\/wp-json\/wp\/v2\/categories?post=195622"},{"taxonomy":"post_tag","embeddable":true,"href":"https:\/\/radiofenix.com.ar\/2023\/wp-json\/wp\/v2\/tags?post=195622"}],"curies":[{"name":"wp","href":"https:\/\/api.w.org\/{rel}","templated":true}]}}