{"id":195624,"date":"2024-10-23T05:39:17","date_gmt":"2024-10-23T05:39:17","guid":{"rendered":"https:\/\/radiofenix.com.ar\/2023\/javier-milei-revelo-que-jose-luis-espert-sera-candidato-a-gobernador-de-buenos-aires-por-lla\/"},"modified":"2024-10-23T05:39:17","modified_gmt":"2024-10-23T05:39:17","slug":"javier-milei-revelo-que-jose-luis-espert-sera-candidato-a-gobernador-de-buenos-aires-por-lla","status":"publish","type":"post","link":"https:\/\/radiofenix.com.ar\/2023\/javier-milei-revelo-que-jose-luis-espert-sera-candidato-a-gobernador-de-buenos-aires-por-lla\/","title":{"rendered":"Javier Milei revel\u00f3 que Jos\u00e9 Luis Espert ser\u00e1 candidato a gobernador de Buenos Aires por LLA"},"content":{"rendered":"<div id=\"\">\n<p><strong>\u00abTe voy a tirar una primicia: Espert va a arrasar en provincia de Buenos Aires, no tengas dudas\u00bb<\/strong>, sostuvo el jefe de Estado, al mismo tiempo que calific\u00f3 ese cargo como <strong>\u00abla madre de las batallas\u00bb<\/strong>.<\/p>\n<div contenteditable=\"false\" class=\"embed_cont type_video\" id=\"7996344-568542487_wrap\" style=\"opacity:1;height:auto;\">\n<p>milei anuncia candidatura de espert a bs as.mp4 <span onclick=\"parent.parent.TinyMCETdcuerpo.preview_embed('7996344-568542487')\" class=\"embed_colapse less\" id=\"7996344-568542487_colapse\"\/>  <span onclick=\"parent.parent.TinyMCETdcuerpo.delete_embed('7996344-568542487')\" class=\"embed_delete less\" id=\"7996344-568542487_delete\"\/><\/p>\n<\/p><\/div>\n<p>Y agreg\u00f3: <span class=\"saysCMSEmphasis\" id=\"saysCMSEmphasispqd9zrcdbxn\">\u00abTe voy a contar algo que te va a encantar. Hoy en la reuni\u00f3n de Gabinete le dije a los ministros &#8216;de ac\u00e1 en adelante, son todas buenas noticias, si antes aceler\u00e1bamos, bueno ahora aceleren m\u00e1s\u00bb<\/span>, relat\u00f3 Milei en relaci\u00f3n a un di\u00e1logo con su equipo.<\/p>\n<p><strong>\u00abGuillermo Francos, que es el que trata de poner pa\u00f1os fr\u00edos, dijo &#8216;bueno, pero Presidente&#8230; tampoco que hayamos roto la marcha atr\u00e1s&#8217;. Entonces, creo que fue Sturzenegger, con un comentario brillante, dijo &#8216;es como Colapinto, dice &#8216;yo no s\u00e9 estacionar&#8217;, bueno, nosotros tampoco, s\u00f3lo sabemos acelerar e ir para adelante'\u00bb<\/strong>, sum\u00f3.<\/p>\n<h2>El saludo de Patricia Bullrich a Milei por su cumplea\u00f1os<\/h2>\n<p><strong>Patricia Bullrich <\/strong>tuvo un martes agitado. Entre el c\u00e1lido saludo para Javier Milei por su cumplea\u00f1os y la defensa que ensay\u00f3 en un programa de radio para disculpar las palabras del mandatario sobre meter al kirchnerismo en un f\u00e9retro, Cristina Kirchner, incluida.<\/p>\n<p>\u00abHay que plantearlo claro: <strong>no es expl\u00edcito lo que se est\u00e1 diciendo<\/strong>. Se est\u00e1 diciendo que cuando una pol\u00edtica, el populismo, muere, uno entierra una forma que llev\u00f3 al pa\u00eds al desastre. Entend\u00e1moslo en su justa dimensi\u00f3n de la expresi\u00f3n\u00bb, expres\u00f3 Bullrich en declaraciones radiales este martes.<\/p>\n<p>Sin embargo, <strong>\u00abexpl\u00edcito\u00bb es un adjetivo adecuado para describir el modo en que el Presidente expres\u00f3 su deseo<\/strong> sobre \u00abmeterle <a href=\"https:\/\/www.minutouno.com\/politica\/javier-milei-me-gustaria-meterle-el-ultimo-clavo-al-cajon-del-kirchnerismo-cristina-adentro-n6072603\" target=\"_blank\" rel=\"follow noopener\" data-bcup-haslogintext=\"no\">el \u00faltimo clavo al caj\u00f3n del kirchnerismo<\/a>, con Cristina adentro\u00bb.<\/p>\n<p>\u00ab<strong>Si es terminar con el populismo para siempre en la Argentina, estoy ah\u00ed al lado de Milei<\/strong>\u00ab, agreg\u00f3 por su parte Patricia Bullrich, como tambi\u00e9n lo escribi\u00f3 en su perfil de X donde puso una foto por dem\u00e1s ilustrativa del apoyo mutuo que se tienen con el mandatario.<\/p>\n<p>\u00abFeliz cumple, presidente Javier Milei. Estoy al lado tuyo para que terminemos con el populismo para siempre\u00bb, public\u00f3, para saludar al jefe de Estado.<\/p>\n<div contenteditable=\"false\" class=\"embed_cont type_imagen\" id=\"7996365-Libre-2097772850_wrap\">\n<p> tuit bullrich cumplea\u00f1os milei.png <span onclick=\"parent.parent.TinyMCETdcuerpo.preview_embed('7996365-Libre-2097772850')\" class=\"embed_colapse less\" id=\"7996365-Libre-2097772850_colapse\"\/>  <span onclick=\"parent.parent.TinyMCETdcuerpo.delete_embed('7996365-Libre-2097772850')\" class=\"embed_delete less\" id=\"7996365-Libre-2097772850_delete\"\/><\/p>\n<div id=\"7996365-Libre-2097772850_content\" class=\"embed_content\"><img decoding=\"async\" src=\"https:\/\/media.minutouno.com\/p\/424c31c66f669f9b79a4988eedb5bc89\/adjuntos\/150\/imagenes\/041\/908\/0041908981\/610x0\/smart\/tuit-bullrich-cumpleanos-mileipng.png\" alt=\"\" title=\"\" width=\"610\" height=\"undefined\" id=\"7996365-Libre-2097772850_embed\"\/><\/div>\n<\/p><\/div>\n<div contenteditable=\"false\" class=\"embed_cont type_freetext\" rel=\"freetext\" id=\"embed31_wrap\">\n<p>Embed <span onclick=\"parent.parent.TinyMCETdcuerpo.preview_embed('embed31')\" class=\"embed_colapse less\" id=\"embed31_colapse\"\/>  <span onclick=\"parent.parent.TinyMCETdcuerpo.delete_embed('embed31')\" class=\"embed_delete less\" id=\"embed31_delete\"\/><\/p>\n<div id=\"embed31_content\" class=\"embed_content\">\n<div id=\"embed31_embed\">\n<figure class=\"figure\"><a href=\"https:\/\/t.me\/minutounocom\" target=\"_blank\" rel=\"noopener\"><img decoding=\"async\" src=\"https:\/\/media.minutouno.com\/adjuntos\/150\/banners\/039\/099\/0039099175.jpg\" class=\"figure-img img-fluid\" style=\"width:100%;height:auto;\"\/><\/a><\/figure>\n<\/div>\n<\/div><\/div>\n<\/p><\/div>\n<p><a href=\"https:\/\/www.minutouno.com\/politica\/javier-milei-revelo-que-jose-luis-espert-sera-candidato-gobernador-buenos-aires-lla-n6073443\">source<\/a><\/p>\n","protected":false},"excerpt":{"rendered":"<p>\u00abTe voy a tirar una primicia: Espert va a arrasar en provincia de Buenos Aires,&#8230;<\/p>\n","protected":false},"author":0,"featured_media":195625,"comment_status":"open","ping_status":"open","sticky":false,"template":"","format":"standard","meta":{"footnotes":""},"categories":[2],"tags":[],"class_list":["post-195624","post","type-post","status-publish","format-standard","has-post-thumbnail","hentry","category-politica"],"featured_image_urls":{"full":["https:\/\/radiofenix.com.ar\/2023\/wp-content\/uploads\/wp-header-logo.png",0,0,false],"thumbnail":["https:\/\/radiofenix.com.ar\/2023\/wp-content\/uploads\/wp-header-logo.png",1,1,false],"medium":["https:\/\/radiofenix.com.ar\/2023\/wp-content\/uploads\/wp-header-logo.png",1,1,false],"medium_large":["https:\/\/radiofenix.com.ar\/2023\/wp-content\/uploads\/wp-header-logo.png",1,1,false],"large":["https:\/\/radiofenix.com.ar\/2023\/wp-content\/uploads\/wp-header-logo.png",1,1,false],"1536x1536":["https:\/\/radiofenix.com.ar\/2023\/wp-content\/uploads\/wp-header-logo.png",1,1,false],"2048x2048":["https:\/\/radiofenix.com.ar\/2023\/wp-content\/uploads\/wp-header-logo.png",1,1,false],"newsium-slider-full":["https:\/\/radiofenix.com.ar\/2023\/wp-content\/uploads\/wp-header-logo.png",1,1,false],"newsium-featured":["https:\/\/radiofenix.com.ar\/2023\/wp-content\/uploads\/wp-header-logo.png",1,1,false],"newsium-medium":["https:\/\/radiofenix.com.ar\/2023\/wp-content\/uploads\/wp-header-logo.png",1,1,false]},"author_info":{"info":[""]},"category_info":"<a href=\"https:\/\/radiofenix.com.ar\/2023\/category\/politica\/\" rel=\"category tag\">Pol\u00edtica<\/a>","tag_info":"Pol\u00edtica","comment_count":"0","_links":{"self":[{"href":"https:\/\/radiofenix.com.ar\/2023\/wp-json\/wp\/v2\/posts\/195624","targetHints":{"allow":["GET"]}}],"collection":[{"href":"https:\/\/radiofenix.com.ar\/2023\/wp-json\/wp\/v2\/posts"}],"about":[{"href":"https:\/\/radiofenix.com.ar\/2023\/wp-json\/wp\/v2\/types\/post"}],"replies":[{"embeddable":true,"href":"https:\/\/radiofenix.com.ar\/2023\/wp-json\/wp\/v2\/comments?post=195624"}],"version-history":[{"count":0,"href":"https:\/\/radiofenix.com.ar\/2023\/wp-json\/wp\/v2\/posts\/195624\/revisions"}],"wp:featuredmedia":[{"embeddable":true,"href":"https:\/\/radiofenix.com.ar\/2023\/wp-json\/wp\/v2\/media\/195625"}],"wp:attachment":[{"href":"https:\/\/radiofenix.com.ar\/2023\/wp-json\/wp\/v2\/media?parent=195624"}],"wp:term":[{"taxonomy":"category","embeddable":true,"href":"https:\/\/radiofenix.com.ar\/2023\/wp-json\/wp\/v2\/categories?post=195624"},{"taxonomy":"post_tag","embeddable":true,"href":"https:\/\/radiofenix.com.ar\/2023\/wp-json\/wp\/v2\/tags?post=195624"}],"curies":[{"name":"wp","href":"https:\/\/api.w.org\/{rel}","templated":true}]}}