{"id":195626,"date":"2024-10-23T05:39:19","date_gmt":"2024-10-23T05:39:19","guid":{"rendered":"https:\/\/radiofenix.com.ar\/2023\/jornadas-inteligencia-artificial-y-sociedad-guerra-y-paz-en-la-aldea-algoritmica\/"},"modified":"2024-10-23T05:39:19","modified_gmt":"2024-10-23T05:39:19","slug":"jornadas-inteligencia-artificial-y-sociedad-guerra-y-paz-en-la-aldea-algoritmica","status":"publish","type":"post","link":"https:\/\/radiofenix.com.ar\/2023\/jornadas-inteligencia-artificial-y-sociedad-guerra-y-paz-en-la-aldea-algoritmica\/","title":{"rendered":"Jornadas &quot;Inteligencia artificial y sociedad. Guerra y paz en la aldea algor\u00edtmica&quot;"},"content":{"rendered":"<div>\n<p>A diferencia del pensamiento despreciativo y discriminatorio del presidente Javier Milei, las universidades nacionales son usinas de producci\u00f3n de conocimiento. A la par de las carreras de grado, se investigan temas que son de inter\u00e9s para el conocimiento cient\u00edfico y que encuentran resonancia en la sociedad, entres otras tareas de las casas de estudio. Este es el caso de la <b>Facultad de Ciencias Sociales de la UBA<\/b>, que desde este mi\u00e9rcoles a las 9.30 y hasta el pr\u00f3ximo viernes organizar\u00e1 las primeras Jornadas \u00abInteligencia artificial y sociedad. Guerra y paz en la aldea algor\u00edtmica\u00bb, donde prestigiosos especialistas trabajar\u00e1n en torno a las Tecnolog\u00edas, Sociedad y Ecosistemas digitales. Profesores e investigadores de la carrera de Ciencias de la Comunicaci\u00f3n de la UBA, colegas invitados de otros espacios, artistas y desarrolladores de IA, estar\u00e1n dialogando y compartiendo espacios de producci\u00f3n y experimentaci\u00f3n en torno a las nuevas inteligencias artificiales emergentes. Las actividades se desarrollar\u00e1n en la sede de Santiago del Estero 1029 y son abiertas a la comunidad. <\/p>\n<p>Distintos interrogantes ordenar\u00e1n las ideas que se pondr\u00e1n en debate: \u00bfC\u00f3mo afectan las IA al espacio de la informaci\u00f3n y la comunicaci\u00f3n? \u00bfCambian los modos de trabajo educativo? \u00bfCu\u00e1les son los principales desaf\u00edos pol\u00edticos, regulatorios, culturales y subjetivos? Un tema de absoluta actualidad y que va a ser abordado desde las ciencias sociales en general, y en particular desde la comunicaci\u00f3n, para poder trabajar y analizar los aspectos que hoy ya atraviesan los distintos modos de habitar el mundo en la sociedad. <\/p>\n<p>\u00abLa cuesti\u00f3n de la inteligencia artificial es un tema muy emergente en la agenda social en este momento y suscita muchas reflexiones y abordajes\u00bb, plantea <b>Larisa Kejval<\/b>, <b>directora de la Carrera de Ciencias de Comunicaci\u00f3n de la UBA<\/b>. \u00abNos parece que es importante tener una mirada y sentar un conjunto de posiciones y perspectivas desde las ciencias sociales. En general, la inteligencia artificial est\u00e1 abordada como un problema t\u00e9cnico, tecnol\u00f3gico, desde la perspectiva de la ingenier\u00eda o, a veces, regulatorio, desde la perspectiva del Derecho. Y para nosotros es importante, como Carrera y como Facultad, poner de relieve que tambi\u00e9n es necesario un abordaje desde la perspectiva de las ciencias sociales; es decir, el v\u00ednculo de la inteligencia artificial con la educaci\u00f3n, pero tambi\u00e9n c\u00f3mo el desarrollo de la inteligencia artificial impacta o incide en diversos espacios o \u00e1mbitos sociales, y c\u00f3mo reconfigura pr\u00e1cticas. <b>Su implementaci\u00f3n requiere de una mirada social para evitar los riesgos de la automatizaci\u00f3n en la toma de decisiones\u00bb<\/b>, plantea Kejval. La directora de la carrera de Comunicaci\u00f3n entiende que tambi\u00e9n es importante pensar la inteligencia artificial desde las l\u00f3gicas de la desigualdad, el poder, etc\u00e9tera \u00abSon todas dimensiones que nos parece importante recalcar desde las ciencias sociales\u00bb, afirma Kejval.\u00a0<\/p>\n<p>Habr\u00e1 di\u00e1logos entre especialistas sobre mediatizaci\u00f3n profunda, educaci\u00f3n, innovaci\u00f3n, \u00e9tica y futuro, geopol\u00edtica de las IA, y sobre desaf\u00edos te\u00f3ricos y epistemol\u00f3gicos de las IA. Tambi\u00e9n se organizaron paneles sobre las pr\u00e1cticas de la Comunicaci\u00f3n en tiempos de desinformaci\u00f3n planificada; Transformaci\u00f3n Digital, IA, Cultura y Medios; Econom\u00eda de Plataformas: del furor normativo a las experiencias concretas de regulaci\u00f3n; La imprevisibilidad de la t\u00e9cnica: mundoambiente digital y modos de subjetivaci\u00f3n. Se ha planificado, adem\u00e1s, un Taller te\u00f3rico-pr\u00e1ctico de entrenamiento de modelos libres con datasets caseros y una charla y experimentaci\u00f3n en vivo sobre herramientas y resultados para usos de IA. <\/p>\n<p>En la organizaci\u00f3n de las jornadas tambi\u00e9n participaron <b>Flavia Costa, Estela Dom\u00ednguez Halpern, Micaela S\u00e1nchez Malcom y Luis Lozano<\/b>, entre otros docentes investigadores. Costa, profesora adunta del Seminario T\u00e9cnica, Cultura y Sociedad de la carrera de Ciencias de la Comunicaci\u00f3n de la UBA, e investigadora del Instituto Gino Germani, se\u00f1ala que lo que vienen trabajando los equipos de investigaci\u00f3n de la UBA y que se ver\u00e1 reflejado en las Jornadas es intentar dar respuestas a las preguntas: \u00bfDe qu\u00e9 estamos hablando cuando hablamos de inteligencia artificial? \u00bfQu\u00e9 son las IA? \u00bfEn qu\u00e9 consisten las IA de \u00faltima generaci\u00f3n? \u00bfQu\u00e9 impacto pueden tener en el trabajo, en la educaci\u00f3n, en la vida democr\u00e1tica?<\/p>\n<p>\u00abEso es lo que estamos queriendo impulsar con estas jornadas\u00bb, explica Costa. \u00abYo creo que esto va a ser muy disruptivo. Va a ser equivalente a lo que fue Internet en 1995, que se dec\u00eda &#8216;\u00bfQu\u00e9 es Internet? No es tanto&#8217;. Treinta a\u00f1os despu\u00e9s nos dimos cuenta de qu\u00e9 era Internet. Con esto est\u00e1 por ocurrir algo parecido. \u00bfQu\u00e9 ser\u00e1 esto de la IA? Bueno, lo que est\u00e1 ocurriendo es algo parecido a lo que ocurri\u00f3 en el a\u00f1o 95, cuando lleg\u00f3 Internet comercial. Hubo un desembarco de un tipo de tecnolog\u00eda que tuvo una suerte particular, con distintas idas y vueltas, pero treinta a\u00f1os despu\u00e9s estamos todos ah\u00ed adentro viviendo. Los argentinos entre 16 y 64 a\u00f1os pasamos nueve horas por d\u00eda en Internet. Con la IA eso se va a profundizar \u00ab, concluye y advierte Costa, como para que el fen\u00f3meno no pase desapercibido.\u00a0<\/p>\n<p>Las Jornadas en Sociales ser\u00e1n una manera de poder acercarse a este universo desconocido por muchos, al menos por ahora. Son abiertas al p\u00fablico y solo requieren inscripci\u00f3n previa, a trav\u00e9s de\u00a0<a href=\"https:\/\/forms.gle\/9rzPvUD2XpbZQBYp6\" target=\"_blank\" rel=\"noopener\">este formulario.<\/a> Se trata de una invitaci\u00f3n a ampliar el debate con quienes no pertenecen estrictamente a la Facultad de Ciencias Sociales de la UBA\u00a0 y que trabajan el tema desde distintos \u00e1ngulos y perspectivas. Se puede consultar el programa completo y descargarlo: <a href=\"https:\/\/comunicacion.sociales.uba.ar\/wp-content\/uploads\/sites\/16\/2024\/10\/PROGRAMA-IA.pdf\" target=\"_blank\" rel=\"noopener\">PROGRAMA Jornadas IA y sociedad<\/a>.<\/p>\n<\/div>\n<p><a href=\"https:\/\/www.pagina12.com.ar\/776662-jornadas-inteligencia-artificial-y-sociedad-guerra-y-paz-en-\">source<\/a><\/p>\n","protected":false},"excerpt":{"rendered":"<p>A diferencia del pensamiento despreciativo y discriminatorio del presidente Javier Milei, las universidades nacionales son&#8230;<\/p>\n","protected":false},"author":0,"featured_media":195627,"comment_status":"open","ping_status":"open","sticky":false,"template":"","format":"standard","meta":{"footnotes":""},"categories":[4],"tags":[],"class_list":["post-195626","post","type-post","status-publish","format-standard","has-post-thumbnail","hentry","category-espectaculos"],"featured_image_urls":{"full":["https:\/\/radiofenix.com.ar\/2023\/wp-content\/uploads\/wp-header-logo.png",0,0,false],"thumbnail":["https:\/\/radiofenix.com.ar\/2023\/wp-content\/uploads\/wp-header-logo.png",1,1,false],"medium":["https:\/\/radiofenix.com.ar\/2023\/wp-content\/uploads\/wp-header-logo.png",1,1,false],"medium_large":["https:\/\/radiofenix.com.ar\/2023\/wp-content\/uploads\/wp-header-logo.png",1,1,false],"large":["https:\/\/radiofenix.com.ar\/2023\/wp-content\/uploads\/wp-header-logo.png",1,1,false],"1536x1536":["https:\/\/radiofenix.com.ar\/2023\/wp-content\/uploads\/wp-header-logo.png",1,1,false],"2048x2048":["https:\/\/radiofenix.com.ar\/2023\/wp-content\/uploads\/wp-header-logo.png",1,1,false],"newsium-slider-full":["https:\/\/radiofenix.com.ar\/2023\/wp-content\/uploads\/wp-header-logo.png",1,1,false],"newsium-featured":["https:\/\/radiofenix.com.ar\/2023\/wp-content\/uploads\/wp-header-logo.png",1,1,false],"newsium-medium":["https:\/\/radiofenix.com.ar\/2023\/wp-content\/uploads\/wp-header-logo.png",1,1,false]},"author_info":{"info":[""]},"category_info":"<a href=\"https:\/\/radiofenix.com.ar\/2023\/category\/espectaculos\/\" rel=\"category tag\">Espectaculos<\/a>","tag_info":"Espectaculos","comment_count":"0","_links":{"self":[{"href":"https:\/\/radiofenix.com.ar\/2023\/wp-json\/wp\/v2\/posts\/195626","targetHints":{"allow":["GET"]}}],"collection":[{"href":"https:\/\/radiofenix.com.ar\/2023\/wp-json\/wp\/v2\/posts"}],"about":[{"href":"https:\/\/radiofenix.com.ar\/2023\/wp-json\/wp\/v2\/types\/post"}],"replies":[{"embeddable":true,"href":"https:\/\/radiofenix.com.ar\/2023\/wp-json\/wp\/v2\/comments?post=195626"}],"version-history":[{"count":0,"href":"https:\/\/radiofenix.com.ar\/2023\/wp-json\/wp\/v2\/posts\/195626\/revisions"}],"wp:featuredmedia":[{"embeddable":true,"href":"https:\/\/radiofenix.com.ar\/2023\/wp-json\/wp\/v2\/media\/195627"}],"wp:attachment":[{"href":"https:\/\/radiofenix.com.ar\/2023\/wp-json\/wp\/v2\/media?parent=195626"}],"wp:term":[{"taxonomy":"category","embeddable":true,"href":"https:\/\/radiofenix.com.ar\/2023\/wp-json\/wp\/v2\/categories?post=195626"},{"taxonomy":"post_tag","embeddable":true,"href":"https:\/\/radiofenix.com.ar\/2023\/wp-json\/wp\/v2\/tags?post=195626"}],"curies":[{"name":"wp","href":"https:\/\/api.w.org\/{rel}","templated":true}]}}