{"id":195628,"date":"2024-10-23T08:57:41","date_gmt":"2024-10-23T08:57:41","guid":{"rendered":"https:\/\/radiofenix.com.ar\/2023\/mas-de-3000-empleos-amenazados\/"},"modified":"2024-10-23T08:57:41","modified_gmt":"2024-10-23T08:57:41","slug":"mas-de-3000-empleos-amenazados","status":"publish","type":"post","link":"https:\/\/radiofenix.com.ar\/2023\/mas-de-3000-empleos-amenazados\/","title":{"rendered":"M\u00e1s de 3000 empleos amenazados"},"content":{"rendered":"<div>\n<p>Los trabajadores de AFIP realizaron medidas de protestas luego de los anuncios de Milei de disolver el organismo y recortar 3000 puestos de trabajo. Los empleados de la entidad recaudadora anunciaron paros de 10 a 12 horas y un apag\u00f3n inform\u00e1tico en la DGI y Aduana, lo que podr\u00eda afectar el comercio exterior. <\/p>\n<p> La disoluci\u00f3n de la AFIP implicar\u00e1 su reemplazo por la Agencia de Recaudaci\u00f3n y Control Aduanero (ARCA), con una reducci\u00f3n significativa de cargos. Los trabajadores, organizados por la Asociaci\u00f3n de Empleados Fiscales e Ingresos P\u00fablicos (AEFIP), expresaron su rechazo a la decisi\u00f3n, consider\u00e1ndola un ataque a los derechos laborales y acusando al Gobierno de una persecuci\u00f3n pol\u00edtica. <\/p>\n<p>Los trabajadores exigen un paro general y convocan asambleas en todo el pa\u00eds para protestar contra lo que consideran un \u00abvaciamiento del Estado\u00bb y una pol\u00edtica tributaria en favor de grandes grupos econ\u00f3micos.<\/p>\n<p> \u201cEl gobierno anunci\u00f3 la disoluci\u00f3n de la AFIP y el despido de miles de trabajadores de planta permanente. Sustenta dicha desvinculaci\u00f3n en un falso planteo de ingresos irregulares. En ning\u00fan momento plantea razones funcionales, solo esgrime el pase a disponibilidad en una estigmatizaci\u00f3n y persecuci\u00f3n pol\u00edtica\u201d, explica parte del comunicado difundido por AEFIP. <\/p>\n<p> Y agrega: \u201cLa Constituci\u00f3n nacional y nuestro convenio colectivo son sost\u00e9n de la estabilidad del empleo p\u00fablico ante los despidos arbitrarios. En todos los periodos de gobierno hubo ingresos de personal, sin excepci\u00f3n, sencillamente porque la planta se reduce vegetativamente por cuestiones naturales. Tal es as\u00ed que nuestro organismo tiene la misma cantidad de personas desde su creaci\u00f3n y hoy son menos que en el 2019\u2033.<\/p>\n<\/div>\n<p><a href=\"https:\/\/www.pagina12.com.ar\/776773-mas-de-3000-empleos-amenazados\">source<\/a><\/p>\n","protected":false},"excerpt":{"rendered":"<p>Los trabajadores de AFIP realizaron medidas de protestas luego de los anuncios de Milei de&#8230;<\/p>\n","protected":false},"author":0,"featured_media":195629,"comment_status":"open","ping_status":"open","sticky":false,"template":"","format":"standard","meta":{"footnotes":""},"categories":[5],"tags":[],"class_list":["post-195628","post","type-post","status-publish","format-standard","has-post-thumbnail","hentry","category-economia"],"featured_image_urls":{"full":["https:\/\/radiofenix.com.ar\/2023\/wp-content\/uploads\/wp-header-logo.png",0,0,false],"thumbnail":["https:\/\/radiofenix.com.ar\/2023\/wp-content\/uploads\/wp-header-logo.png",1,1,false],"medium":["https:\/\/radiofenix.com.ar\/2023\/wp-content\/uploads\/wp-header-logo.png",1,1,false],"medium_large":["https:\/\/radiofenix.com.ar\/2023\/wp-content\/uploads\/wp-header-logo.png",1,1,false],"large":["https:\/\/radiofenix.com.ar\/2023\/wp-content\/uploads\/wp-header-logo.png",1,1,false],"1536x1536":["https:\/\/radiofenix.com.ar\/2023\/wp-content\/uploads\/wp-header-logo.png",1,1,false],"2048x2048":["https:\/\/radiofenix.com.ar\/2023\/wp-content\/uploads\/wp-header-logo.png",1,1,false],"newsium-slider-full":["https:\/\/radiofenix.com.ar\/2023\/wp-content\/uploads\/wp-header-logo.png",1,1,false],"newsium-featured":["https:\/\/radiofenix.com.ar\/2023\/wp-content\/uploads\/wp-header-logo.png",1,1,false],"newsium-medium":["https:\/\/radiofenix.com.ar\/2023\/wp-content\/uploads\/wp-header-logo.png",1,1,false]},"author_info":{"info":[""]},"category_info":"<a href=\"https:\/\/radiofenix.com.ar\/2023\/category\/economia\/\" rel=\"category tag\">Economia<\/a>","tag_info":"Economia","comment_count":"0","_links":{"self":[{"href":"https:\/\/radiofenix.com.ar\/2023\/wp-json\/wp\/v2\/posts\/195628","targetHints":{"allow":["GET"]}}],"collection":[{"href":"https:\/\/radiofenix.com.ar\/2023\/wp-json\/wp\/v2\/posts"}],"about":[{"href":"https:\/\/radiofenix.com.ar\/2023\/wp-json\/wp\/v2\/types\/post"}],"replies":[{"embeddable":true,"href":"https:\/\/radiofenix.com.ar\/2023\/wp-json\/wp\/v2\/comments?post=195628"}],"version-history":[{"count":0,"href":"https:\/\/radiofenix.com.ar\/2023\/wp-json\/wp\/v2\/posts\/195628\/revisions"}],"wp:featuredmedia":[{"embeddable":true,"href":"https:\/\/radiofenix.com.ar\/2023\/wp-json\/wp\/v2\/media\/195629"}],"wp:attachment":[{"href":"https:\/\/radiofenix.com.ar\/2023\/wp-json\/wp\/v2\/media?parent=195628"}],"wp:term":[{"taxonomy":"category","embeddable":true,"href":"https:\/\/radiofenix.com.ar\/2023\/wp-json\/wp\/v2\/categories?post=195628"},{"taxonomy":"post_tag","embeddable":true,"href":"https:\/\/radiofenix.com.ar\/2023\/wp-json\/wp\/v2\/tags?post=195628"}],"curies":[{"name":"wp","href":"https:\/\/api.w.org\/{rel}","templated":true}]}}