{"id":195630,"date":"2024-10-23T08:57:42","date_gmt":"2024-10-23T08:57:42","guid":{"rendered":"https:\/\/radiofenix.com.ar\/2023\/el-magnate-mohamed-al-fayed-ya-suma-250-acusaciones-de-abuso-sexual\/"},"modified":"2024-10-23T08:57:42","modified_gmt":"2024-10-23T08:57:42","slug":"el-magnate-mohamed-al-fayed-ya-suma-250-acusaciones-de-abuso-sexual","status":"publish","type":"post","link":"https:\/\/radiofenix.com.ar\/2023\/el-magnate-mohamed-al-fayed-ya-suma-250-acusaciones-de-abuso-sexual\/","title":{"rendered":"El magnate Mohamed Al Fayed ya suma 250 acusaciones de abuso sexual"},"content":{"rendered":"<div>\n<p><b>Bianca Gascoigne<\/b>, hija del exfutbolista ingl\u00e9s Paul Gascoigne, revel\u00f3 recientemente el traum\u00e1tico episodio que vivi\u00f3 cuando fue <b>agredida sexualmente por <\/b><a href=\"https:\/\/www.pagina12.com.ar\/770700-al-fayed-sigue-cosechando-acusaciones\"><b>Mohamed Al Fayed<\/b>,<\/a> expropietario de la famosa tienda brit\u00e1nica Harrods. Con esta nueva denuncia, <b>ya son m\u00e1s de 250 las mujeres que buscan ser indemnizadas<\/b> por las agresiones sexuales sufridas por parte del magnate egipcio.\u00a0<\/p>\n<p>En una entrevista reciente, la modelo de 37 a\u00f1os describi\u00f3 c\u00f3mo,<b> a los 16 a\u00f1os, fue acosada y manoseada por el empresario <\/b>mientras trabajaba en Harrods, una experiencia que, seg\u00fan sus propias palabras, fue \u00abhorrible\u00bb.<\/p>\n<p>Bianca explic\u00f3 que inicialmente se sent\u00eda c\u00f3moda y segura trabajando para la tienda, ya que <b>conoc\u00eda a Al Fayed desde que era ni\u00f1a.<\/b> \u00abCrec\u00ed visitando Harrods con mis padres, donde Mohamed Al Fayed siempre nos encantaba con regalos y detalles\u00bb, relat\u00f3. Al Fayed, quien tambi\u00e9n era cercano a la familia Gascoigne, utiliz\u00f3 esa relaci\u00f3n para ganar la confianza de la joven. <b>\u00abMe hac\u00eda sentir que pod\u00eda confiar en \u00e9l, incluso me dec\u00eda que lo viera como una figura paterna<\/b>\u00ab, coment\u00f3 Bianca. Sin embargo, esa relaci\u00f3n de confianza se convirti\u00f3 r\u00e1pidamente en abuso.<\/p>\n<p>La modelo record\u00f3 que las agresiones comenzaron cuando Al Fayed la invitaba a reuniones semanales, en las que \u00abme manoseaba y me obligaba a besarlo\u00bb. Uno de los momentos m\u00e1s dif\u00edciles que vivi\u00f3 ocurri\u00f3 en un departamento que Al Fayed le hab\u00eda prestado para que se quedase algunas horas, antes de un vuelo. \u00abApareci\u00f3 de repente, sin avisar, en el apartamento y yo estaba en shock. No sab\u00eda qu\u00e9 hacer. <b>Se sent\u00f3 en el sof\u00e1, se desabroch\u00f3 los pantalones e intent\u00f3 forzarme a tocarlo\u00bb,<\/b> cont\u00f3 Bianca.<\/p>\n<p>\u00abCuando eso no funcion\u00f3, intent\u00f3 forzar mi cabeza hacia su regazo. No s\u00e9 c\u00f3mo, pero logr\u00e9 escaparme de la situaci\u00f3n\u00bb, agreg\u00f3. La mujer consider\u00f3 que el hecho de que Al Fayed conociera a su familia fue lo que, en \u00faltima instancia, la \u00absalv\u00f3\u00bb de un abuso mayor, ya que se neg\u00f3 a ceder ante sus demandas.<\/p>\n<p>Asimismo, se\u00f1al\u00f3 que el magnate intent\u00f3 manipularla emocionalmente, dici\u00e9ndole que su padre, Paul Gascoigne, era \u00abun mal padre\u00bb y \u00abuna verg\u00fcenza\u00bb debido a sus problemas de salud mental y adicciones. \u00abMe dec\u00eda que mi padre no me quer\u00eda y que \u00e9l era mejor figura paterna para m\u00ed\u00bb, relat\u00f3 la modelo, quien<b> mantuvo el abuso en secreto por miedo a \u00abavergonzar\u00bb a su familia.<\/b><\/p>\n<p><b>El testimonio de\u00a0Gascoigne se suma a las acusaciones de m\u00e1s de 250 mujeres que han denunciado haber sido agredidas sexualmente o violadas por Mohamed Al Fayed<\/b>.\u00a0<\/p>\n<p>Las denuncias aumentaron tras la emisi\u00f3n de un documental de la BBC que sac\u00f3 a la luz a\u00f1os de abusos por parte del expropietario de Harrods. \u00abEs incre\u00edble que haya tantas mujeres que tambi\u00e9n hayan pasado por esto\u00bb, expres\u00f3 la modelo, quien se\u00f1al\u00f3 la importancia de que m\u00e1s v\u00edctimas se atrevan a hablar.<\/p>\n<p>Seg\u00fan la informaci\u00f3n policial, las agresiones atribuidas al empresario egipcio en Harrods, as\u00ed como en el Ritz y en el club de f\u00fatbol, se habr\u00edan producido durante un periodo de casi treinta a\u00f1os, entre 1979 y 2013.<\/p>\n<p>Adem\u00e1s, precisaron que <b>entre 2005 y 2023, un total de 21 mujeres presentaron la denuncia, lo que subraya la magnitud del caso<\/b>. En tanto, grupos de defensa como Justice for Harrods Survivors comunicaron que est\u00e1n trabajando con bufetes de abogados en nombre de 147 mujeres para llevar a cabo demandas colectivas contra la tienda y los responsables de los abusos.<\/p>\n<p><b>Mohamed Al Fayed, multimillonario empresario egipcio, propietario de los grandes almacenes londinenses y del club de f\u00fatbol Fulham, comprado en 1997, falleci\u00f3 el a\u00f1o pasado a los 94 a\u00f1os sin haber enfrentado cargos.\u00a0<\/b><\/p>\n<p>Las mujeres v\u00edctimas reclaman una compensaci\u00f3n a Harrods, empresa de la cual Al Fayed fue propietario entre 1985 y 2010.<\/p>\n<h2>La respuesta de Harrods<\/h2>\n<p>Harrods emiti\u00f3 un comunicado despu\u00e9s de la emisi\u00f3n del documental, en el que manifest\u00f3 su total repudio a las acciones de Al Fayed. \u00abE<b>stamos completamente horrorizados por las acusaciones de abuso perpetradas por Mohamed Al Fayed. <\/b>Estas fueron las acciones de un individuo que abus\u00f3 de su poder dondequiera que operaba, y las condenamos en los t\u00e9rminos m\u00e1s en\u00e9rgicos\u00bb, se\u00f1al\u00f3 la tienda.<\/p>\n<p>Harrods tambi\u00e9n subray\u00f3 que la empresa de hoy es muy diferente a la que fue propiedad de Al Fayed entre 1985 y 2010, y que est\u00e1n comprometidos a garantizar que este tipo de comportamiento no vuelva a ocurrir en el futuro. \u00abDesde que en 2023 sali\u00f3 a la luz nueva informaci\u00f3n sobre acusaciones hist\u00f3ricas de abuso sexual por parte de Al Fayed, ha sido nuestra prioridad <b>resolver las reclamaciones de la manera m\u00e1s r\u00e1pida posible\u00bb,<\/b> concluy\u00f3 el comunicado.<\/p>\n<\/div>\n<p><a href=\"https:\/\/www.pagina12.com.ar\/776718-el-magnate-mohamed-al-fayed-ya-suma-250-acusaciones-de-abuso\">source<\/a><\/p>\n","protected":false},"excerpt":{"rendered":"<p>Bianca Gascoigne, hija del exfutbolista ingl\u00e9s Paul Gascoigne, revel\u00f3 recientemente el traum\u00e1tico episodio que vivi\u00f3&#8230;<\/p>\n","protected":false},"author":0,"featured_media":195631,"comment_status":"open","ping_status":"open","sticky":false,"template":"","format":"standard","meta":{"footnotes":""},"categories":[7],"tags":[],"class_list":["post-195630","post","type-post","status-publish","format-standard","has-post-thumbnail","hentry","category-sociedad"],"featured_image_urls":{"full":["https:\/\/radiofenix.com.ar\/2023\/wp-content\/uploads\/wp-header-logo.png",0,0,false],"thumbnail":["https:\/\/radiofenix.com.ar\/2023\/wp-content\/uploads\/wp-header-logo.png",1,1,false],"medium":["https:\/\/radiofenix.com.ar\/2023\/wp-content\/uploads\/wp-header-logo.png",1,1,false],"medium_large":["https:\/\/radiofenix.com.ar\/2023\/wp-content\/uploads\/wp-header-logo.png",1,1,false],"large":["https:\/\/radiofenix.com.ar\/2023\/wp-content\/uploads\/wp-header-logo.png",1,1,false],"1536x1536":["https:\/\/radiofenix.com.ar\/2023\/wp-content\/uploads\/wp-header-logo.png",1,1,false],"2048x2048":["https:\/\/radiofenix.com.ar\/2023\/wp-content\/uploads\/wp-header-logo.png",1,1,false],"newsium-slider-full":["https:\/\/radiofenix.com.ar\/2023\/wp-content\/uploads\/wp-header-logo.png",1,1,false],"newsium-featured":["https:\/\/radiofenix.com.ar\/2023\/wp-content\/uploads\/wp-header-logo.png",1,1,false],"newsium-medium":["https:\/\/radiofenix.com.ar\/2023\/wp-content\/uploads\/wp-header-logo.png",1,1,false]},"author_info":{"info":[""]},"category_info":"<a href=\"https:\/\/radiofenix.com.ar\/2023\/category\/sociedad\/\" rel=\"category tag\">Sociedad<\/a>","tag_info":"Sociedad","comment_count":"0","_links":{"self":[{"href":"https:\/\/radiofenix.com.ar\/2023\/wp-json\/wp\/v2\/posts\/195630","targetHints":{"allow":["GET"]}}],"collection":[{"href":"https:\/\/radiofenix.com.ar\/2023\/wp-json\/wp\/v2\/posts"}],"about":[{"href":"https:\/\/radiofenix.com.ar\/2023\/wp-json\/wp\/v2\/types\/post"}],"replies":[{"embeddable":true,"href":"https:\/\/radiofenix.com.ar\/2023\/wp-json\/wp\/v2\/comments?post=195630"}],"version-history":[{"count":0,"href":"https:\/\/radiofenix.com.ar\/2023\/wp-json\/wp\/v2\/posts\/195630\/revisions"}],"wp:featuredmedia":[{"embeddable":true,"href":"https:\/\/radiofenix.com.ar\/2023\/wp-json\/wp\/v2\/media\/195631"}],"wp:attachment":[{"href":"https:\/\/radiofenix.com.ar\/2023\/wp-json\/wp\/v2\/media?parent=195630"}],"wp:term":[{"taxonomy":"category","embeddable":true,"href":"https:\/\/radiofenix.com.ar\/2023\/wp-json\/wp\/v2\/categories?post=195630"},{"taxonomy":"post_tag","embeddable":true,"href":"https:\/\/radiofenix.com.ar\/2023\/wp-json\/wp\/v2\/tags?post=195630"}],"curies":[{"name":"wp","href":"https:\/\/api.w.org\/{rel}","templated":true}]}}