{"id":195632,"date":"2024-10-23T08:57:44","date_gmt":"2024-10-23T08:57:44","guid":{"rendered":"https:\/\/radiofenix.com.ar\/2023\/peru-alejandro-toledo-fue-condenado-a-20-anos-de-carcel-por-el-caso-odebrecht\/"},"modified":"2024-10-23T08:57:44","modified_gmt":"2024-10-23T08:57:44","slug":"peru-alejandro-toledo-fue-condenado-a-20-anos-de-carcel-por-el-caso-odebrecht","status":"publish","type":"post","link":"https:\/\/radiofenix.com.ar\/2023\/peru-alejandro-toledo-fue-condenado-a-20-anos-de-carcel-por-el-caso-odebrecht\/","title":{"rendered":"Per\u00fa: Alejandro Toledo fue condenado a 20 a\u00f1os de c\u00e1rcel por el caso Odebrecht"},"content":{"rendered":"<div>\n<p><i>Desde Lima<\/i><\/p>\n<p>Hace poco m\u00e1s de dos d\u00e9cadas<b> lleg\u00f3 a la presidencia del pa\u00eds despertando una gran expectativa <\/b>como un abanderado de la recuperaci\u00f3n de la democracia y la lucha contra la corrupci\u00f3n, <b>pero ahora ha sido condenado a 20 a\u00f1os y seis meses de prisi\u00f3n<\/b> por corrupci\u00f3n. Es la decepcionante historia de <b><a href=\"https:\/\/www.pagina12.com.ar\/543139-de-regreso-a-peru-alejandro-toledo-fue-trasladado-a-prision\">Alejandro Toledo<\/a><\/b>, conocido como \u00abel cholo Toledo\u00bb, que apareci\u00f3 en el escenario pol\u00edtico en el tramo final de la dictadura de Alberto Fujimori al frente de la oposici\u00f3n democr\u00e1tica, lo que le permiti\u00f3 ganar las elecciones luego de la ca\u00edda de la dictadura y gobernar entre 2001 y 2006. La decepci\u00f3n que fue su gobierno se multiplic\u00f3 al revelarse las graves acusaciones de corrupci\u00f3n en su contra. <\/p>\n<p>Toledo fue condenado este lunes por recibir <b>un soborno de 35 millones de d\u00f3lares de la constructora brasile\u00f1a Odebrecht<\/b> para otorgarle la construcci\u00f3n de una carretera que une Brasil con la costa del Per\u00fa. Fue sentenciado a 9 a\u00f1os por colusi\u00f3n y a 11 a\u00f1os y 6 meses por lavado de activos, penas que se suman. Tambi\u00e9n fueron condenados tres funcionarios de su gobierno, a penas entre 9 y 14 a\u00f1os, y uno fue absuelto. <\/p>\n<div class=\"iframely-embed medium-embedded-content\" data-html=\"Jmx0O2RpdiZndDsmbHQ7ZGl2IHN0eWxlPSJsZWZ0OiAwOyB3aWR0aDogMTAwJTsgaGVpZ2h0OiAwOyBwb3NpdGlvbjogcmVsYXRpdmU7IHBhZGRpbmctYm90dG9tOiA1Ni4wNDE3JTsiJmd0OyZsdDtpZnJhbWUgc3JjPSIvL2Nkbi5pZnJhbWUubHkvYXBpL2lmcmFtZT9jbGlja190b19wbGF5PTEmYW1wO3VybD1odHRwcyUzQSUyRiUyRmdlby5kYWlseW1vdGlvbi5jb20lMkZwbGF5ZXIlMkZ4dDVlZS5odG1sJTNGdmlkZW8lM0R4OTd1cHZrJmFtcDtrZXk9Mjg0ZDZiNDkyOTM0NjY2Mjc0NTYzZTNlMWE2N2NhZGQiIHN0eWxlPSJ0b3A6IDA7IGxlZnQ6IDA7IHdpZHRoOiAxMDAlOyBoZWlnaHQ6IDEwMCU7IHBvc2l0aW9uOiBhYnNvbHV0ZTsgYm9yZGVyOiAwOyIgYWxsb3dmdWxsc2NyZWVuIHNjcm9sbGluZz0ibm8iIGFsbG93PSJlbmNyeXB0ZWQtbWVkaWEgKjsiJmd0OyZsdDsvaWZyYW1lJmd0OyZsdDsvZGl2Jmd0OyZsdDsvZGl2Jmd0OyZsdDtkaXYgY2xhc3M9Im1lZGl1bS1pbnNlcnQtZW1iZWRzLW1ldGEiJmd0OyZsdDtzY3JpcHQgdHlwZT0idGV4dC9qc29uIiZndDt7InVybCI6Imh0dHBzOi8vZ2VvLmRhaWx5bW90aW9uLmNvbS9wbGF5ZXIveHQ1ZWUuaHRtbD92aWRlbz14OTd1cHZrIiwidHlwZSI6InZpZGVvIiwidmVyc2lvbiI6IjEuMCIsInRpdGxlIjoiVG9sZWRvLCBjb25kZW5hZG8gYSAyMCBhw7FvcyB5IDYgbWVzZXMgZGUgY8OhcmNlbCBwb3IgY29ycnVwY2nDs24gcG9yIGVsIGNhc28gT2RlYnJlY2h0IiwiYXV0aG9yIjoiUMOhZ2luYTEyIiwiYXV0aG9yX3VybCI6Imh0dHBzOi8vd3d3LmRhaWx5bW90aW9uLmNvbS9QYWdpbmExMiIsInByb3ZpZGVyX25hbWUiOiJEYWlseW1vdGlvbiIsImRlc2NyaXB0aW9uIjoiRWwgZXhwcmVzaWRlbnRlIHBlcnVhbm8gQWxlamFuZHJvIFRvbGVkbyAoMjAwMS0yMDA2KSBmdWUgY29uZGVuYWRvIGVzdGUgbHVuZXMgYSAyMCBhw7FvcyB5IHNlaXMgbWVzZXMgZGUgcHJpc2nDs24gcG9yIGxhIGNvbWlzacOzbiBkZSBsb3MgZGVsaXRvcyBkZSBjb2x1c2nDs24geSBsYXZhZG8gZGUgYWN0aXZvcyBwb3IgbG9zIHNvYm9ybm9zIHJlY2liaWRvcyBkZSBsYSBlbXByZXNhIGJyYXNpbGXDsWEgT2RlYnJlY2h0LiIsInRodW1ibmFpbF91cmwiOiJodHRwczovL3MyLmRtY2RuLm5ldC92L1hFR2MwMWQ1ejBuZ3YxQzhjL3gyNDAiLCJ0aHVtYm5haWxfd2lkdGgiOjQyNywidGh1bWJuYWlsX2hlaWdodCI6MjQwLCJjYWNoZV9hZ2UiOjg2NDAwfSZsdDsvc2NyaXB0Jmd0OyZsdDsvZGl2Jmd0Ow==\">\n<a data-iframely-url=\"\" href=\"https:\/\/geo.dailymotion.com\/player\/xt5ee.html?video=x97upvk\">https:\/\/geo.dailymotion.com\/player\/xt5ee.html?video=x97upvk<\/a>\n<\/div>\n<h2>El segundo presidente condenado<\/h2>\n<p><b>\u00abNo me dejen morir en la c\u00e1rcel\u00bb, dijo un abatido Toledo, de 78 a\u00f1os<\/b>, dirigi\u00e9ndose a los jueces, en su alegato final d\u00edas antes que se dicte la sentencia en su contra. Es el primer presidente peruano en ser condenado por el esc\u00e1ndalo de corrupci\u00f3n relacionado a Odebrecht que ha remecido la pol\u00edtica peruana -otros tres exmandatarios han sido involucrados en esta trama de corrupci\u00f3n: <b>Ollanta Humala y Pedro Pablo Kuczynski est\u00e1n siendo procesados, y Alan Garc\u00eda se suicid\u00f3 en 2019 cuando iba a ser detenido<\/b>&#8211; y el segundo jefe de Estado en la historia del pa\u00eds en recibir una condena judicial: el primero fue el fallecido dictador Fujimori, por cr\u00edmenes de lesa humanidad y corrupci\u00f3n. <\/p>\n<p>Toledo escuch\u00f3 la larga lectura de la sentencia -m\u00e1s de seis horas- en un ambiente acondicionado como sala judicial en la c\u00e1rcel en la que est\u00e1 recluido desde abril de 2023, hasta este lunes bajo prisi\u00f3n preventiva y desde ahora como condenado. Al escuchar la pena de c\u00e1rcel en su contra, sentando junto a su abogado se tap\u00f3 el rostro con ambas manos. Mov\u00eda la cabeza y solt\u00f3 una nerviosa sonrisa. Terminada la lectura de la sentencia, el fiscal Jos\u00e9 Domingo P\u00e9rez -el mismo del juicio a Keiko Fujimori por lavado, tambi\u00e9n vinculado a Odebrecht- denunci\u00f3 al tribunal que Toledo, sentado a unos metros de \u00e9l, lo hab\u00eda insultado gesticulando con la boca: \u00abMe dijo concha tu madre\u00bb, asegur\u00f3 el fiscal. <\/p>\n<div class=\"iframely-embed medium-embedded-content\" data-html=\"Jmx0O2RpdiZndDsmbHQ7ZGl2IHN0eWxlPSJsZWZ0OiAwOyB3aWR0aDogMTAwJTsgaGVpZ2h0OiAwOyBwb3NpdGlvbjogcmVsYXRpdmU7IHBhZGRpbmctYm90dG9tOiA1Ni40NTgzJTsiJmd0OyZsdDtpZnJhbWUgc3JjPSIvL2Nkbi5pZnJhbWUubHkvYXBpL2lmcmFtZT9jbGlja190b19wbGF5PTEmYW1wO3VybD1odHRwcyUzQSUyRiUyRmdlby5kYWlseW1vdGlvbi5jb20lMkZwbGF5ZXIlMkZ4dDVlZS5odG1sJTNGdmlkZW8lM0R4OTd1dW8yJmFtcDtrZXk9Mjg0ZDZiNDkyOTM0NjY2Mjc0NTYzZTNlMWE2N2NhZGQiIHN0eWxlPSJ0b3A6IDA7IGxlZnQ6IDA7IHdpZHRoOiAxMDAlOyBoZWlnaHQ6IDEwMCU7IHBvc2l0aW9uOiBhYnNvbHV0ZTsgYm9yZGVyOiAwOyIgYWxsb3dmdWxsc2NyZWVuIHNjcm9sbGluZz0ibm8iIGFsbG93PSJlbmNyeXB0ZWQtbWVkaWEgKjsiJmd0OyZsdDsvaWZyYW1lJmd0OyZsdDsvZGl2Jmd0OyZsdDsvZGl2Jmd0OyZsdDtkaXYgY2xhc3M9Im1lZGl1bS1pbnNlcnQtZW1iZWRzLW1ldGEiJmd0OyZsdDtzY3JpcHQgdHlwZT0idGV4dC9qc29uIiZndDt7InVybCI6Imh0dHBzOi8vZ2VvLmRhaWx5bW90aW9uLmNvbS9wbGF5ZXIveHQ1ZWUuaHRtbD92aWRlbz14OTd1dW8yIiwidHlwZSI6InZpZGVvIiwidmVyc2lvbiI6IjEuMCIsInRpdGxlIjoiQWxlamFuZHJvIFRvbGVkbyByw61lIG1pZW50cmFzIGxvIGNvbmRlbmFuIGEgMjAgYcOxb3MgeSBzZWlzIG1lc2VzIGRlIHByaXNpw7NuIiwiYXV0aG9yIjoiUMOhZ2luYTEyIiwiYXV0aG9yX3VybCI6Imh0dHBzOi8vd3d3LmRhaWx5bW90aW9uLmNvbS9QYWdpbmExMiIsInByb3ZpZGVyX25hbWUiOiJEYWlseW1vdGlvbiIsImRlc2NyaXB0aW9uIjoiVG9sZWRvIGVzY3VjaMOzIGxhIGxhcmdhIGxlY3R1cmEgZGUgbGEgc2VudGVuY2lhIC1tw6FzIGRlIHNlaXMgaG9yYXMtIGVuIHVuIGFtYmllbnRlIGFjb25kaWNpb25hZG8gY29tbyBzYWxhIGp1ZGljaWFsIGVuIGxhIGPDoXJjZWwgZW4gbGEgcXVlIGVzdMOhIHJlY2x1aWRvIGRlc2RlIGFicmlsIGRlIDIwMjMsIGhhc3RhIGVzdGUgbHVuZXMgYmFqbyBwcmlzacOzbiBwcmV2ZW50aXZhIHkgZGVzZGUgYWhvcmEgY29tbyBjb25kZW5hZG8uIEFsIGVzY3VjaGFyIGxhIHBlbmEgZGUgY8OhcmNlbCBlbiBzdSBjb250cmEsIHNlbnRhbmRvIGp1bnRvIGEgc3UgYWJvZ2FkbyBzZSB0YXDDsyBlbCByb3N0cm8gY29uIGFtYmFzIG1hbm9zLiBNb3bDrWEgbGEgY2FiZXphIHkgc29sdMOzIHVuYSBuZXJ2aW9zYSBzb25yaXNhLiBUZXJtaW5hZGEgbGEgbGVjdHVyYSBkZSBsYSBzZW50ZW5jaWEsIGVsIGZpc2NhbCBKb3PDqSBEb21pbmdvIFDDqXJleiAtZWwgbWlzbW8gZGVsIGp1aWNpbyBhIEtlaWtvIEZ1amltb3JpIHBvciBsYXZhZG8sIHRhbWJpw6luIHZpbmN1bGFkbyBhIE9kZWJyZWNodC0gZGVudW5jacOzIGFsIHRyaWJ1bmFsIHF1ZSBUb2xlZG8sIHNlbnRhZG8gYSB1bm9zIG1ldHJvcyBkZSDDqWwsIGxvIGhhYsOtYSBpbnN1bHRhZG8gZ2VzdGljdWxhbmRvIGNvbiBsYSBib2NhOiBcIk1lIGRpam8gY29uY2hhIHR1IG1hZHJlXCIsIGFzZWd1csOzIGVsIGZpc2NhbC4iLCJ0aHVtYm5haWxfdXJsIjoiaHR0cHM6Ly9zMi5kbWNkbi5uZXQvdi9YRUk3MjFkNXpDcXdfQ2o2ai94MjQwIiwidGh1bWJuYWlsX3dpZHRoIjo0MjUsInRodW1ibmFpbF9oZWlnaHQiOjI0MCwiY2FjaGVfYWdlIjo4NjQwMH0mbHQ7L3NjcmlwdCZndDsmbHQ7L2RpdiZndDs=\">\n<a data-iframely-url=\"\" href=\"https:\/\/geo.dailymotion.com\/player\/xt5ee.html?video=x97uuo2\">https:\/\/geo.dailymotion.com\/player\/xt5ee.html?video=x97uuo2<\/a>\n<\/div>\n<p><b>Toledo cumplir\u00e1 su sentencia en la prisi\u00f3n exclusiva para expresidentes en la que ya estaba detenido<\/b>, ubicada en un cuartel policial en las afueras de Lima. El \u00fanico otro detenido en esta c\u00e1rcel es Pedro Castillo, que no tiene una condena pero est\u00e1 con prisi\u00f3n preventiva procesado por intentar cerrar el Congreso y por cargos de corrupci\u00f3n. Ambos expresidentes no tienen contacto entre ellos. Antes estuvo Fujimori recluido en esta prisi\u00f3n, desde 2007 hasta diciembre de 2023 cuando fue indultado ilegalmente por el gobierno de Dina Boluarte. <\/p>\n<h2>El caso Odebrecht<\/h2>\n<p>La investigaci\u00f3n judicial que ha llevado a Toledo a prisi\u00f3n se inici\u00f3 en noviembre de 2016. Acorralado por las evidencias que lo se\u00f1alaban como el personaje clave en el pago de sobornos en el Per\u00fa, <b>el ejecutivo brasile\u00f1o de Odebrecht, Jorge Barata<\/b>, quien fue jefe de la constructora en el Per\u00fa entre 2001 y 2016, lleg\u00f3 a un acuerdo con la Fiscal\u00eda para no ser acusado a cambio de entregar informaci\u00f3n. <b>Comenz\u00f3 a hablar y una de las primeras cabezas en rodar fue la del hoy condenado expresidente. Poco despu\u00e9s que la Fiscal\u00eda le abri\u00f3 investigaci\u00f3n<\/b>, Toledo viaj\u00f3 en enero de 2017 a Estados Unidos para evadir a la justicia peruana. Comenz\u00f3 un largo proceso de extradici\u00f3n, que<a href=\"https:\/\/www.pagina12.com.ar\/542757-el-expresidente-peruano-alejandro-toledo-se-entrego-a-la-jus\"> culmin\u00f3 en abril de 2023 con su extradici\u00f3n<\/a>. <\/p>\n<p>Barata declar\u00f3 a los fiscales que <b>Odebrecht soborn\u00f3 a Toledo para ganar la licitaci\u00f3n para la construcci\u00f3n de la carretera Interoce\u00e1nica que une Brasil con la costa sur del Per\u00fa<\/b>. Primero habl\u00f3 de un pago de 20 millones de d\u00f3lares y despu\u00e9s elev\u00f3 esa suma a m\u00e1s de 30 millones de d\u00f3lares. Le asegur\u00f3 a la Fiscal\u00eda que en noviembre de 2004, durante un viaje de Toledo a Brasil para asistir a una reuni\u00f3n presidencial del Grupo de R\u00edo, directivos de la empresa se reunieron con el presidente peruano en una suite del hotel Marriot de R\u00edo de Janeiro para acordar los pagos del soborno. Odebrecht obtuvo en 2005 la licitaci\u00f3n para construir esta carretera. <\/p>\n<p><b>De acuerdo al testimonio de Barata, la coima se pag\u00f3 en varias partes y el dinero fue depositado<\/b>, por indicaci\u00f3n de Toledo, <b>en cuentas de empresas offshore del empresario peruano-israel\u00ed Josef Maiman<\/b>, \u00edntimo amigo del expresidente. Maiman tambi\u00e9n lleg\u00f3 a un acuerdo de colaboraci\u00f3n con la Fiscal\u00eda y respald\u00f3 la versi\u00f3n de Barata. Toledo ha dicho que Barata y Maiman mienten, que no cobr\u00f3 un soborno, y que los millones que su entonces \u00edntimo amigo recibi\u00f3 de Odebrecht no tienen nada que ver con \u00e9l. Pero sus argumentos de defensa han sido d\u00e9biles, contradictorios.<\/p>\n<p>La Fiscal\u00eda ha probado que m\u00e1s de diez millones de d\u00f3lares salidos de las cuentas de Maiman terminaron, despu\u00e9s de pasar por varios pa\u00edses y cuentas, en una offshore abierta en Costa Rica a nombre de la suegra de Toledo. Esta offshore, Ecoteva, compr\u00f3 en Lima una residencia por 3,7 millones de d\u00f3lares y una oficina por cerca de 900 mil d\u00f3lares, y pag\u00f3 m\u00e1s de medio mill\u00f3n de d\u00f3lares por las hipotecas de dos casas de Toledo. Una ruta del dinero que condena al expresidente.<\/p>\n<p>Al \u00abcholo Toledo\u00bb, que pas\u00f3 de ser el rostro de la lucha anticorrupci\u00f3n y la defensa de la democracia a sin\u00f3nimo de esc\u00e1ndalos y corrupci\u00f3n, el final pol\u00edtico ya le hab\u00eda llegado hace buen tiempo: en la elecci\u00f3n presidencial de 2016 obtuvo apenas 1,3 por ciento. Ahora se sentencia su final definitivo en una prisi\u00f3n, por corrupto.<\/p>\n<\/div>\n<p><a href=\"https:\/\/www.pagina12.com.ar\/776493-peru-alejandro-toledo-fue-condenado-a-20-anos-de-carcel-por-\">source<\/a><\/p>\n","protected":false},"excerpt":{"rendered":"<p>Desde Lima Hace poco m\u00e1s de dos d\u00e9cadas lleg\u00f3 a la presidencia del pa\u00eds despertando&#8230;<\/p>\n","protected":false},"author":0,"featured_media":195633,"comment_status":"open","ping_status":"open","sticky":false,"template":"","format":"standard","meta":{"footnotes":""},"categories":[60],"tags":[],"class_list":["post-195632","post","type-post","status-publish","format-standard","has-post-thumbnail","hentry","category-internacional"],"featured_image_urls":{"full":["https:\/\/radiofenix.com.ar\/2023\/wp-content\/uploads\/wp-header-logo.png",0,0,false],"thumbnail":["https:\/\/radiofenix.com.ar\/2023\/wp-content\/uploads\/wp-header-logo.png",1,1,false],"medium":["https:\/\/radiofenix.com.ar\/2023\/wp-content\/uploads\/wp-header-logo.png",1,1,false],"medium_large":["https:\/\/radiofenix.com.ar\/2023\/wp-content\/uploads\/wp-header-logo.png",1,1,false],"large":["https:\/\/radiofenix.com.ar\/2023\/wp-content\/uploads\/wp-header-logo.png",1,1,false],"1536x1536":["https:\/\/radiofenix.com.ar\/2023\/wp-content\/uploads\/wp-header-logo.png",1,1,false],"2048x2048":["https:\/\/radiofenix.com.ar\/2023\/wp-content\/uploads\/wp-header-logo.png",1,1,false],"newsium-slider-full":["https:\/\/radiofenix.com.ar\/2023\/wp-content\/uploads\/wp-header-logo.png",1,1,false],"newsium-featured":["https:\/\/radiofenix.com.ar\/2023\/wp-content\/uploads\/wp-header-logo.png",1,1,false],"newsium-medium":["https:\/\/radiofenix.com.ar\/2023\/wp-content\/uploads\/wp-header-logo.png",1,1,false]},"author_info":{"info":[""]},"category_info":"<a href=\"https:\/\/radiofenix.com.ar\/2023\/category\/internacional\/\" rel=\"category tag\">Internacional<\/a>","tag_info":"Internacional","comment_count":"0","_links":{"self":[{"href":"https:\/\/radiofenix.com.ar\/2023\/wp-json\/wp\/v2\/posts\/195632","targetHints":{"allow":["GET"]}}],"collection":[{"href":"https:\/\/radiofenix.com.ar\/2023\/wp-json\/wp\/v2\/posts"}],"about":[{"href":"https:\/\/radiofenix.com.ar\/2023\/wp-json\/wp\/v2\/types\/post"}],"replies":[{"embeddable":true,"href":"https:\/\/radiofenix.com.ar\/2023\/wp-json\/wp\/v2\/comments?post=195632"}],"version-history":[{"count":0,"href":"https:\/\/radiofenix.com.ar\/2023\/wp-json\/wp\/v2\/posts\/195632\/revisions"}],"wp:featuredmedia":[{"embeddable":true,"href":"https:\/\/radiofenix.com.ar\/2023\/wp-json\/wp\/v2\/media\/195633"}],"wp:attachment":[{"href":"https:\/\/radiofenix.com.ar\/2023\/wp-json\/wp\/v2\/media?parent=195632"}],"wp:term":[{"taxonomy":"category","embeddable":true,"href":"https:\/\/radiofenix.com.ar\/2023\/wp-json\/wp\/v2\/categories?post=195632"},{"taxonomy":"post_tag","embeddable":true,"href":"https:\/\/radiofenix.com.ar\/2023\/wp-json\/wp\/v2\/tags?post=195632"}],"curies":[{"name":"wp","href":"https:\/\/api.w.org\/{rel}","templated":true}]}}