{"id":195634,"date":"2024-10-23T08:57:45","date_gmt":"2024-10-23T08:57:45","guid":{"rendered":"https:\/\/radiofenix.com.ar\/2023\/patricia-bullrich-defendio-a-javier-milei-por-sus-dichos-sobre-cristina-kirchner-estoy-al-lado-de-el\/"},"modified":"2024-10-23T08:57:45","modified_gmt":"2024-10-23T08:57:45","slug":"patricia-bullrich-defendio-a-javier-milei-por-sus-dichos-sobre-cristina-kirchner-estoy-al-lado-de-el","status":"publish","type":"post","link":"https:\/\/radiofenix.com.ar\/2023\/patricia-bullrich-defendio-a-javier-milei-por-sus-dichos-sobre-cristina-kirchner-estoy-al-lado-de-el\/","title":{"rendered":"Patricia Bullrich defendi\u00f3 a Javier Milei por sus dichos sobre Cristina Kirchner: &quot;Estoy al lado de \u00e9l&quot;"},"content":{"rendered":"<div id=\"\">\n<p>Sin embargo, <strong>\u00abexpl\u00edcito\u00bb es un adjetivo adecuado para describir el modo en que el Presidente expres\u00f3 su deseo<\/strong> sobre \u00abmeterle <a href=\"https:\/\/www.minutouno.com\/politica\/javier-milei-me-gustaria-meterle-el-ultimo-clavo-al-cajon-del-kirchnerismo-cristina-adentro-n6072603\" target=\"_blank\" rel=\"follow noopener\" data-bcup-haslogintext=\"no\">el \u00faltimo clavo al caj\u00f3n del kirchnerismo<\/a>, con Cristina adentro\u00bb.<\/p>\n<p>\u00ab<strong>Si es terminar con el populismo para siempre en la Argentina, estoy ah\u00ed al lado de Milei<\/strong>\u00ab, agreg\u00f3 por su parte Patricia Bullrich, como tambi\u00e9n lo escribi\u00f3 en su perfil de X donde puso una foto por dem\u00e1s ilustrativa del apoyo mutuo que se tienen con el mandatario.<\/p>\n<p>\u00abFeliz cumple, presidente Javier Milei. Estoy al lado tuyo para que terminemos con el populismo para siempre\u00bb, public\u00f3.<\/p>\n<div contenteditable=\"false\" class=\"embed_cont type_imagen\" id=\"7996364-Libre-690298674_wrap\">\n<p> tuit bullrich cumplea\u00f1os milei.png <span onclick=\"parent.parent.TinyMCETdcuerpo.preview_embed('7996364-Libre-690298674')\" class=\"embed_colapse less\" id=\"7996364-Libre-690298674_colapse\"\/>  <span onclick=\"parent.parent.TinyMCETdcuerpo.delete_embed('7996364-Libre-690298674')\" class=\"embed_delete less\" id=\"7996364-Libre-690298674_delete\"\/><\/p>\n<div id=\"7996364-Libre-690298674_content\" class=\"embed_content\"><img decoding=\"async\" src=\"https:\/\/media.minutouno.com\/p\/fcac1490c7b456832bc5a15677afb7c8\/adjuntos\/150\/imagenes\/041\/908\/0041908980\/610x0\/smart\/tuit-bullrich-cumpleanos-mileipng.png\" alt=\"\" title=\"\" width=\"610\" height=\"undefined\" id=\"7996364-Libre-690298674_embed\"\/><\/div>\n<\/p><\/div>\n<p>Lo que no fue, seg\u00fan dio a entender Patricia Bullrich, fue un plan real para perpetrar algo m\u00e1s que la muerte pol\u00edtica o simb\u00f3lica de la expresidenta Cristina Kirchner, <a href=\"https:\/\/www.minutouno.com\/politica\/el-fuerte-descargo-cristina-kirchner-contra-javier-milei-ahora-me-queres-matar-n6072713\" target=\"_blank\" rel=\"follow noopener\" data-bcup-haslogintext=\"no\">quien a su vez hizo un potente descargo<\/a> sobre las palabras que le dedic\u00f3 el Presidente el fin de semana pasado en una entrevista.<\/p>\n<p>\u00ab<strong>Estuvimos 20 a\u00f1os con Cristina insultando, pisoteando, escupiendo, sacando afiches de periodistas, generando escraches a Dios y Mar\u00eda sant\u00edsima, \u00bfy ahora viene a hablar de violencia? <\/strong>Me parece como una pel\u00edcula donde, en la medida que se va generando la nueva historia, se va borrando la verdadera\u00bb, le contest\u00f3 a su vez Patricia Bullrich a la expresidenta.<\/p>\n<p>\u00ab<strong>Yo no me olvido que muchos argentinos vivimos 20 a\u00f1os con la cabeza baja escuchando lo que dec\u00eda la se\u00f1ora<\/strong>. Yo creo que est\u00e1 muy bien en este momento decir que vamos a terminar de una vez y para siempre con ese modelo de la Argentina\u00bb, espet\u00f3.<\/p>\n<div contenteditable=\"false\" class=\"embed_cont type_freetext\" rel=\"freetext\" id=\"embed29_wrap\">\n<p>Embed <span onclick=\"parent.parent.TinyMCETdcuerpo.preview_embed('embed29')\" class=\"embed_colapse less\" id=\"embed29_colapse\"\/>  <span onclick=\"parent.parent.TinyMCETdcuerpo.delete_embed('embed29')\" class=\"embed_delete less\" id=\"embed29_delete\"\/><\/p>\n<div id=\"embed29_content\" class=\"embed_content\">\n<div id=\"embed29_embed\">\n<figure class=\"figure\"><a href=\"https:\/\/t.me\/minutounocom\" target=\"_blank\" rel=\"noopener\"><img decoding=\"async\" src=\"https:\/\/media.minutouno.com\/adjuntos\/150\/banners\/039\/099\/0039099175.jpg\" class=\"figure-img img-fluid\" style=\"width:100%;height:auto;\"\/><\/a><\/figure>\n<\/div>\n<\/div><\/div>\n<\/p><\/div>\n<p><a href=\"https:\/\/www.minutouno.com\/politica\/patricia-bullrich-defendio-javier-milei-sus-dichos-cristina-kirchner-estoy-al-lado-el-n6073299\">source<\/a><\/p>\n","protected":false},"excerpt":{"rendered":"<p>Sin embargo, \u00abexpl\u00edcito\u00bb es un adjetivo adecuado para describir el modo en que el Presidente&#8230;<\/p>\n","protected":false},"author":0,"featured_media":195635,"comment_status":"open","ping_status":"open","sticky":false,"template":"","format":"standard","meta":{"footnotes":""},"categories":[2],"tags":[],"class_list":["post-195634","post","type-post","status-publish","format-standard","has-post-thumbnail","hentry","category-politica"],"featured_image_urls":{"full":["https:\/\/radiofenix.com.ar\/2023\/wp-content\/uploads\/wp-header-logo.png",0,0,false],"thumbnail":["https:\/\/radiofenix.com.ar\/2023\/wp-content\/uploads\/wp-header-logo.png",1,1,false],"medium":["https:\/\/radiofenix.com.ar\/2023\/wp-content\/uploads\/wp-header-logo.png",1,1,false],"medium_large":["https:\/\/radiofenix.com.ar\/2023\/wp-content\/uploads\/wp-header-logo.png",1,1,false],"large":["https:\/\/radiofenix.com.ar\/2023\/wp-content\/uploads\/wp-header-logo.png",1,1,false],"1536x1536":["https:\/\/radiofenix.com.ar\/2023\/wp-content\/uploads\/wp-header-logo.png",1,1,false],"2048x2048":["https:\/\/radiofenix.com.ar\/2023\/wp-content\/uploads\/wp-header-logo.png",1,1,false],"newsium-slider-full":["https:\/\/radiofenix.com.ar\/2023\/wp-content\/uploads\/wp-header-logo.png",1,1,false],"newsium-featured":["https:\/\/radiofenix.com.ar\/2023\/wp-content\/uploads\/wp-header-logo.png",1,1,false],"newsium-medium":["https:\/\/radiofenix.com.ar\/2023\/wp-content\/uploads\/wp-header-logo.png",1,1,false]},"author_info":{"info":[""]},"category_info":"<a href=\"https:\/\/radiofenix.com.ar\/2023\/category\/politica\/\" rel=\"category tag\">Pol\u00edtica<\/a>","tag_info":"Pol\u00edtica","comment_count":"0","_links":{"self":[{"href":"https:\/\/radiofenix.com.ar\/2023\/wp-json\/wp\/v2\/posts\/195634","targetHints":{"allow":["GET"]}}],"collection":[{"href":"https:\/\/radiofenix.com.ar\/2023\/wp-json\/wp\/v2\/posts"}],"about":[{"href":"https:\/\/radiofenix.com.ar\/2023\/wp-json\/wp\/v2\/types\/post"}],"replies":[{"embeddable":true,"href":"https:\/\/radiofenix.com.ar\/2023\/wp-json\/wp\/v2\/comments?post=195634"}],"version-history":[{"count":0,"href":"https:\/\/radiofenix.com.ar\/2023\/wp-json\/wp\/v2\/posts\/195634\/revisions"}],"wp:featuredmedia":[{"embeddable":true,"href":"https:\/\/radiofenix.com.ar\/2023\/wp-json\/wp\/v2\/media\/195635"}],"wp:attachment":[{"href":"https:\/\/radiofenix.com.ar\/2023\/wp-json\/wp\/v2\/media?parent=195634"}],"wp:term":[{"taxonomy":"category","embeddable":true,"href":"https:\/\/radiofenix.com.ar\/2023\/wp-json\/wp\/v2\/categories?post=195634"},{"taxonomy":"post_tag","embeddable":true,"href":"https:\/\/radiofenix.com.ar\/2023\/wp-json\/wp\/v2\/tags?post=195634"}],"curies":[{"name":"wp","href":"https:\/\/api.w.org\/{rel}","templated":true}]}}