{"id":195640,"date":"2024-10-24T08:57:54","date_gmt":"2024-10-24T08:57:54","guid":{"rendered":"https:\/\/radiofenix.com.ar\/2023\/un-grupo-de-adolescentes-desompuestos-en-el-cerro-champaqui\/"},"modified":"2024-10-24T08:57:54","modified_gmt":"2024-10-24T08:57:54","slug":"un-grupo-de-adolescentes-desompuestos-en-el-cerro-champaqui","status":"publish","type":"post","link":"https:\/\/radiofenix.com.ar\/2023\/un-grupo-de-adolescentes-desompuestos-en-el-cerro-champaqui\/","title":{"rendered":"Un grupo de adolescentes desompuestos en el Cerro Champaqu\u00ed"},"content":{"rendered":"<div>\n<p>Un grupo de 47 adolescentes rosarinos que est\u00e1n de excursi\u00f3n en el Cerro Champaqu\u00ed del Valle de Calamuchita de C\u00f3rdoba sufrieron una intoxicaci\u00f3n general en el puesto Nelio Escalante y est\u00e1n siendo rescatados por los bomberos de las regional 7 y 5 m\u00e1s una agrupaci\u00f3n serrana de bomberos.<\/p>\n<p>En casos como estos el rescate suele ser a\u00e9reo pero las condiciones del clima no permiten el uso de los helic\u00f3pteros. Adem\u00e1s una ni\u00f1a sufri\u00f3 un <b>esguince<\/b> de tobillo.<\/p>\n<p>En declaraciones a la prensa, el vocero de la Secretar\u00eda de Riesgo Clim\u00e1tico de C\u00f3rdoba, Roberto Schreiner, dijo que \u00abtodos los ni\u00f1os est\u00e1n bajo el <b>cuidado de un m\u00e9dico<\/b> y gu\u00edas en el lugar, y el rescate se realiza a pie; el lugar m\u00e1s pr\u00f3ximo queda a tres horas caminando\u00bb. Y agreg\u00f3 que \u201cel sistema de alerta temprana funcion\u00f3 adecuadamente y se registraron lluvias de hasta 120 mil\u00edmetros en algunas \u00e1reas de la provincia; 11 de los 43 tienen algunos s\u00edntomas de v\u00f3mitos, diarrea y fiebre. Como no tienen mucha fuerza debido a los s\u00edntomas para emprender una caminata de bajada de casi tres horas y media hasta a los m\u00f3viles, se est\u00e1 trabajando para trasladarlos en camilla por esos senderos para llegar al refugio\u00bb.<\/p>\n<p>Los 32 estudiantes que est\u00e1n en buenas condiciones est\u00e1n bajando el cerro caminando acompa\u00f1ados por gu\u00edas a trav\u00e9s de Villa Alpina.<\/p>\n<p>En declaraciones a <b>P\u00e1gina\/12<\/b>, Fabi\u00e1n Vargas &#8211;coordinador Regional 7 de bomberos de Calamuchita\u2014 dijo que <b>\u201cel operativo est\u00e1 en marcha, estamos con el rescate de estas personas, de las cuales 34 que est\u00e1n en buenas condiciones y ya vienen descendiendo guiados por bomberos y personal del Plan Provincial de Manejo del Fuego, est\u00e1n todos gui\u00e1ndolos hacia Villa Alpina. <\/b>El resto tienen una situaci\u00f3n un poquito m\u00e1s complicada, tienen fiebre y v\u00f3mitos; a esos los est\u00e1n rescatando los bomberos. A algunos los bajan en tabla para que no caminen y el resto viene caminando muy lento, guiado por bomberos. Hay 164 efectivos trabajando en el operativo y al caer el sol ya van a llegar los primeros. Y otros van a llegar bien de noche. Ya est\u00e1 todo el operativo en marcha, las ambulancias est\u00e1n esperando en la mesa operativa para evaluarlos y trasladarlos a alg\u00fan lado o no\u00bb.<\/p>\n<\/div>\n<p><a href=\"https:\/\/www.pagina12.com.ar\/777044-un-grupo-de-adolescentes-desompuestos-en-el-cerro-champaqui\">source<\/a><\/p>\n","protected":false},"excerpt":{"rendered":"<p>Un grupo de 47 adolescentes rosarinos que est\u00e1n de excursi\u00f3n en el Cerro Champaqu\u00ed del&#8230;<\/p>\n","protected":false},"author":0,"featured_media":195641,"comment_status":"open","ping_status":"open","sticky":false,"template":"","format":"standard","meta":{"footnotes":""},"categories":[7],"tags":[],"class_list":["post-195640","post","type-post","status-publish","format-standard","has-post-thumbnail","hentry","category-sociedad"],"featured_image_urls":{"full":["https:\/\/radiofenix.com.ar\/2023\/wp-content\/uploads\/wp-header-logo.png",0,0,false],"thumbnail":["https:\/\/radiofenix.com.ar\/2023\/wp-content\/uploads\/wp-header-logo.png",1,1,false],"medium":["https:\/\/radiofenix.com.ar\/2023\/wp-content\/uploads\/wp-header-logo.png",1,1,false],"medium_large":["https:\/\/radiofenix.com.ar\/2023\/wp-content\/uploads\/wp-header-logo.png",1,1,false],"large":["https:\/\/radiofenix.com.ar\/2023\/wp-content\/uploads\/wp-header-logo.png",1,1,false],"1536x1536":["https:\/\/radiofenix.com.ar\/2023\/wp-content\/uploads\/wp-header-logo.png",1,1,false],"2048x2048":["https:\/\/radiofenix.com.ar\/2023\/wp-content\/uploads\/wp-header-logo.png",1,1,false],"newsium-slider-full":["https:\/\/radiofenix.com.ar\/2023\/wp-content\/uploads\/wp-header-logo.png",1,1,false],"newsium-featured":["https:\/\/radiofenix.com.ar\/2023\/wp-content\/uploads\/wp-header-logo.png",1,1,false],"newsium-medium":["https:\/\/radiofenix.com.ar\/2023\/wp-content\/uploads\/wp-header-logo.png",1,1,false]},"author_info":{"info":[""]},"category_info":"<a href=\"https:\/\/radiofenix.com.ar\/2023\/category\/sociedad\/\" rel=\"category tag\">Sociedad<\/a>","tag_info":"Sociedad","comment_count":"0","_links":{"self":[{"href":"https:\/\/radiofenix.com.ar\/2023\/wp-json\/wp\/v2\/posts\/195640","targetHints":{"allow":["GET"]}}],"collection":[{"href":"https:\/\/radiofenix.com.ar\/2023\/wp-json\/wp\/v2\/posts"}],"about":[{"href":"https:\/\/radiofenix.com.ar\/2023\/wp-json\/wp\/v2\/types\/post"}],"replies":[{"embeddable":true,"href":"https:\/\/radiofenix.com.ar\/2023\/wp-json\/wp\/v2\/comments?post=195640"}],"version-history":[{"count":0,"href":"https:\/\/radiofenix.com.ar\/2023\/wp-json\/wp\/v2\/posts\/195640\/revisions"}],"wp:featuredmedia":[{"embeddable":true,"href":"https:\/\/radiofenix.com.ar\/2023\/wp-json\/wp\/v2\/media\/195641"}],"wp:attachment":[{"href":"https:\/\/radiofenix.com.ar\/2023\/wp-json\/wp\/v2\/media?parent=195640"}],"wp:term":[{"taxonomy":"category","embeddable":true,"href":"https:\/\/radiofenix.com.ar\/2023\/wp-json\/wp\/v2\/categories?post=195640"},{"taxonomy":"post_tag","embeddable":true,"href":"https:\/\/radiofenix.com.ar\/2023\/wp-json\/wp\/v2\/tags?post=195640"}],"curies":[{"name":"wp","href":"https:\/\/api.w.org\/{rel}","templated":true}]}}