{"id":195646,"date":"2024-10-24T08:58:00","date_gmt":"2024-10-24T08:58:00","guid":{"rendered":"https:\/\/radiofenix.com.ar\/2023\/brindis-con-champagne-y-meriencena-los-detalles-exclusivos-de-los-festejos-de-javier-milei\/"},"modified":"2024-10-24T08:58:00","modified_gmt":"2024-10-24T08:58:00","slug":"brindis-con-champagne-y-meriencena-los-detalles-exclusivos-de-los-festejos-de-javier-milei","status":"publish","type":"post","link":"https:\/\/radiofenix.com.ar\/2023\/brindis-con-champagne-y-meriencena-los-detalles-exclusivos-de-los-festejos-de-javier-milei\/","title":{"rendered":"Brindis con champagne y &quot;meriencena&quot;: los detalles exclusivos de los festejos de Javier Milei"},"content":{"rendered":"<div id=\"\">\n<p>Tras la \u00absorpresa\u00bb de los granaderos en la puerta de la <strong>Casa Rosada<\/strong>, el festejo sigui\u00f3 dentro, con funcionarios, su hermana <strong>Karina Milei<\/strong> y su pareja,<strong> Yuyito Gonz\u00e1lez<\/strong>.<\/p>\n<p>La propia cuenta oficial de la Casa Rosada comparti\u00f3 el momento en que el Regimiento de Granadores salud\u00f3 al mandatario, quien pareci\u00f3 mostrarse emocionado por la supuesta sorpresa. <\/p>\n<div contenteditable=\"false\" class=\"embed_cont type_freetext\" rel=\"freetext\" id=\"embed7880_wrap\" data-provider=\"Twitter\">\n<p>Embed &#8211; https:\/\/publish.twitter.com\/oembed?url=https:\/\/x.com\/CasaRosada\/status\/1848827006063915067&amp;partner=&amp;hide_thread=false<span onclick=\"parent.parent.TinyMCETdcuerpo.preview_embed('embed7880')\" class=\"embed_colapse less\" id=\"embed7880_colapse\"\/><span onclick=\"parent.parent.TinyMCETdcuerpo.delete_embed('embed7880')\" class=\"embed_delete less\" id=\"embed7880_delete\"\/><\/p>\n<\/p><\/div>\n<p><span class=\"saysCMSEmphasis\" id=\"saysCMSEmphasisva7bjx5oot\"> \u00abEl festejo termin\u00f3 a eso de las 14.20. Se fue Yuyito. Saludaron desde el balc\u00f3n de la Casa Rosada. Luego se iban hacia Olivos, para la &#8216;meriencena&#8217;. El festejo va a ser m\u00e1s \u00edntimo\u00bb<\/span>, explic\u00f3 Maislin desde el lugar del agasajo presidencial. <\/p>\n<p>En di\u00e1logo con <strong>Argenzuela<\/strong>, el programa de <strong>Jorge Rial <\/strong>por <strong><em>C5N<\/em><\/strong>, el cronista cont\u00f3 que <strong> cercanos a Milei le aseguraron que al libertario \u00abno le gusta festejar\u00bb<\/strong>. Sin embargo, son dos los festejos, ya que la fiesta continuaba por la tarde y noche en la <strong>Quinta de Olivos<\/strong>.<\/p>\n<p><span class=\"saysCMSEmphasis\" id=\"saysCMSEmphasisszldh331qef\">\u00abDicen que Milei aprovech\u00f3 el encuentro para agradecerles a todos el trabajo. Hubo gaseosas, agua mineral, empanadas, y se us\u00f3 champagne para brindar\u00bb<\/span>, relat\u00f3 Maislin.<\/p>\n<p>En redes sociales, el periodista a\u00f1adi\u00f3 que \u00aben Casa Rosada comentan que Javier Milei tiene una &#8216;meriencena&#8217; en Olivos con Yuyito, los hijos de la pareja del Presidente y sus amigos m\u00e1s \u00edntimos\u00bb.<\/p>\n<p>\u00abAlguien con acceso al despacho presidencial escuch\u00f3 al cumplea\u00f1ero decir: &#8216;El mejor regalo fueron los 2 mil millones de d\u00f3lares del Banco Mundial&#8217;\u201d, complet\u00f3 el periodista de C5N.<\/p>\n<div contenteditable=\"false\" class=\"embed_cont type_freetext\" rel=\"freetext\" id=\"embed13_wrap\">\n<p> Embed <span onclick=\"parent.parent.TinyMCETdcuerpo.preview_embed('embed13')\" class=\"embed_colapse less\" id=\"embed13_colapse\"\/>  <span onclick=\"parent.parent.TinyMCETdcuerpo.delete_embed('embed13')\" class=\"embed_delete less\" id=\"embed13_delete\"\/><\/p>\n<div id=\"embed13_content\" class=\"embed_content\">\n<div id=\"embed13_embed\">\n<figure class=\"figure\"><a href=\"https:\/\/t.me\/minutounocom\" target=\"_blank\" rel=\"noopener\"><img decoding=\"async\" src=\"https:\/\/media.minutouno.com\/adjuntos\/150\/banners\/039\/099\/0039099175.jpg\" class=\"figure-img img-fluid\" style=\"width:100%;height:auto;\"\/><\/a><\/figure>\n<\/div>\n<\/div><\/div>\n<\/p><\/div>\n<p><script async src=\"\/\/platform.twitter.com\/widgets.js\" charset=\"utf-8\"><\/script><br \/><a href=\"https:\/\/www.minutouno.com\/politica\/brindis-champagne-y-meriencena-los-detalles-exclusivos-los-festejos-javier-milei-n6073420\">source<\/a><\/p>\n","protected":false},"excerpt":{"rendered":"<p>Tras la \u00absorpresa\u00bb de los granaderos en la puerta de la Casa Rosada, el festejo&#8230;<\/p>\n","protected":false},"author":0,"featured_media":195647,"comment_status":"open","ping_status":"open","sticky":false,"template":"","format":"standard","meta":{"footnotes":""},"categories":[2],"tags":[],"class_list":["post-195646","post","type-post","status-publish","format-standard","has-post-thumbnail","hentry","category-politica"],"featured_image_urls":{"full":["https:\/\/radiofenix.com.ar\/2023\/wp-content\/uploads\/wp-header-logo.png",0,0,false],"thumbnail":["https:\/\/radiofenix.com.ar\/2023\/wp-content\/uploads\/wp-header-logo.png",1,1,false],"medium":["https:\/\/radiofenix.com.ar\/2023\/wp-content\/uploads\/wp-header-logo.png",1,1,false],"medium_large":["https:\/\/radiofenix.com.ar\/2023\/wp-content\/uploads\/wp-header-logo.png",1,1,false],"large":["https:\/\/radiofenix.com.ar\/2023\/wp-content\/uploads\/wp-header-logo.png",1,1,false],"1536x1536":["https:\/\/radiofenix.com.ar\/2023\/wp-content\/uploads\/wp-header-logo.png",1,1,false],"2048x2048":["https:\/\/radiofenix.com.ar\/2023\/wp-content\/uploads\/wp-header-logo.png",1,1,false],"newsium-slider-full":["https:\/\/radiofenix.com.ar\/2023\/wp-content\/uploads\/wp-header-logo.png",1,1,false],"newsium-featured":["https:\/\/radiofenix.com.ar\/2023\/wp-content\/uploads\/wp-header-logo.png",1,1,false],"newsium-medium":["https:\/\/radiofenix.com.ar\/2023\/wp-content\/uploads\/wp-header-logo.png",1,1,false]},"author_info":{"info":[""]},"category_info":"<a href=\"https:\/\/radiofenix.com.ar\/2023\/category\/politica\/\" rel=\"category tag\">Pol\u00edtica<\/a>","tag_info":"Pol\u00edtica","comment_count":"0","_links":{"self":[{"href":"https:\/\/radiofenix.com.ar\/2023\/wp-json\/wp\/v2\/posts\/195646","targetHints":{"allow":["GET"]}}],"collection":[{"href":"https:\/\/radiofenix.com.ar\/2023\/wp-json\/wp\/v2\/posts"}],"about":[{"href":"https:\/\/radiofenix.com.ar\/2023\/wp-json\/wp\/v2\/types\/post"}],"replies":[{"embeddable":true,"href":"https:\/\/radiofenix.com.ar\/2023\/wp-json\/wp\/v2\/comments?post=195646"}],"version-history":[{"count":0,"href":"https:\/\/radiofenix.com.ar\/2023\/wp-json\/wp\/v2\/posts\/195646\/revisions"}],"wp:featuredmedia":[{"embeddable":true,"href":"https:\/\/radiofenix.com.ar\/2023\/wp-json\/wp\/v2\/media\/195647"}],"wp:attachment":[{"href":"https:\/\/radiofenix.com.ar\/2023\/wp-json\/wp\/v2\/media?parent=195646"}],"wp:term":[{"taxonomy":"category","embeddable":true,"href":"https:\/\/radiofenix.com.ar\/2023\/wp-json\/wp\/v2\/categories?post=195646"},{"taxonomy":"post_tag","embeddable":true,"href":"https:\/\/radiofenix.com.ar\/2023\/wp-json\/wp\/v2\/tags?post=195646"}],"curies":[{"name":"wp","href":"https:\/\/api.w.org\/{rel}","templated":true}]}}