{"id":195652,"date":"2024-10-25T08:57:53","date_gmt":"2024-10-25T08:57:53","guid":{"rendered":"https:\/\/radiofenix.com.ar\/2023\/liberaron-a-siete-de-los-diez-detenidos-de-la-fundacion-dupuy\/"},"modified":"2024-10-25T08:57:53","modified_gmt":"2024-10-25T08:57:53","slug":"liberaron-a-siete-de-los-diez-detenidos-de-la-fundacion-dupuy","status":"publish","type":"post","link":"https:\/\/radiofenix.com.ar\/2023\/liberaron-a-siete-de-los-diez-detenidos-de-la-fundacion-dupuy\/","title":{"rendered":"Liberaron a siete de los diez detenidos de la Fundaci\u00f3n Dupuy"},"content":{"rendered":"<div><!-- Body --><\/p>\n<p><strong>Siete de los diez detenidos de la Fundaci\u00f3n Dupuy<\/strong> acusados de entorpecer la investigaci\u00f3n en el caso Loan Danilo Pe\u00f1a fueron <strong>liberados<\/strong>, aunque la C\u00e1mara Federal de Goya anunci\u00f3 que de igual modo contin\u00faan procesados en la causa.<\/p>\n<p>En las \u00faltimas horas hubo un giro sorpresivo en el caso del ni\u00f1o desaparecido en Corrientes luego de que los jueces Ram\u00f3n Luis Gonz\u00e1lez, Selva Ang\u00e9lica Spessot y Mirta Gladis Sotelo dictaminaron la <strong>liberaci\u00f3n de siete de los diez detenidos en la causa paralela.<\/strong><\/p>\n<p>En este sentido, se inform\u00f3 que los acusados que fueron excarcelados son <strong>Leonardo Rubio<\/strong>; los abogados <strong>Elizabeth Cutaia, Delfina Taborda y Alan Ca\u00f1ete; Valeria L\u00f3pez; Pablo N\u00fa\u00f1ez y Pablo Noguera.<\/strong><\/p>\n<p>Pese a sus excarcelaciones, se inform\u00f3 que seguir\u00e1n procesados por los delitos de <strong>violaci\u00f3n de medios de prueba, violaci\u00f3n de secreto profesional, encubrimiento agravado, privaci\u00f3n ileg\u00edtima de la libertad en perjuicio de los menores y falso testimonio<\/strong>. A los abogados acusados tambi\u00e9n se les suma la imputaci\u00f3n de <strong>usurpaci\u00f3n de t\u00edtulo.<\/strong><\/p>\n<p>Aunque se tom\u00f3 la decisi\u00f3n de liberarlos, los acusados deber\u00e1n cumplir ciertos requisitos como, por ejemplo, <strong>no salir del pa\u00eds, presentarse cada cierto tiempo en la Justicia y no tener contacto con los testigos del caso.<\/strong><\/p>\n<p>En el escrito la C\u00e1mara Federal detalla que la medida fue autorizada ya que <strong>no existe riesgo de fuga, no tienen antecedentes penales y s\u00ed arraigo domiciliario, familiar y laboral.<\/strong><\/p>\n<p>Sin embargo, uno de los puntos llam\u00f3 la atenci\u00f3n. Es que en el escrito se destaca que  no se <strong>\u201cadvierte que pudieran entorpecer la investigaci\u00f3n\u201d<\/strong>, motivo por el que estuvieron detenidos hasta hace horas y por el que siguen procesados.<\/p>\n<p>Por otro lado, la investigaci\u00f3n de la desaparici\u00f3n del nene sufri\u00f3 un nuevo rev\u00e9s: <b>el an\u00e1lisis de las im\u00e1genes sat\u00e9litales<\/b> pedido por la jueza Cristina Pozzer Penzo recibi\u00f3 como <b>respuesta que \u00abning\u00fan sat\u00e9lite tuvo movimiento entre el 13 y el 14 de junio\u00bb<\/b>.<\/p>\n<p>La magistrada hab\u00eda pedido el material a la Comisi\u00f3n Nacional de Actividades Espaciales (Conae) para <b>analizar la zona\u00a0 y los movimientos en los momentos inmediatamente anteriores y posteriores a la desaparici\u00f3n del nene de 5 a\u00f1os.<\/b><\/p>\n<p>Se esperaba que las im\u00e1genes tomadas por los sat\u00e9lites pudiera aportar nuevas precisiones. Pero seg\u00fan la prensa local, no se obtuvo ninguna prueba por la falta de actividad de los sat\u00e9lites.\u00a0<\/p>\n<p>Fuentes ligadas a la investigaci\u00f3n explicaron que todav\u00eda hay que esperar el resultado del peritaje de los celulares de los implicados, pero falta comprar la licencia, por lo cual todav\u00eda no hay resultados de esos an\u00e1lesis.\u00a0<\/p>\n<p>A<b> m\u00e1s de cuatro meses de la desaparici\u00f3n <\/b>del chico, <b>no hay certezas acerca de lo ocurrido<\/b> y circulan las m\u00e1s variadas versiones, ninguna de las cualesse ha probado a\u00fan.<\/p>\n<p><!-- Live Blog Post --><\/div>\n<p><a href=\"https:\/\/www.pagina12.com.ar\/777349-liberaron-a-siete-de-los-diez-detenidos-de-la-fundacion-dupu\">source<\/a><\/p>\n","protected":false},"excerpt":{"rendered":"<p>Siete de los diez detenidos de la Fundaci\u00f3n Dupuy acusados de entorpecer la investigaci\u00f3n en&#8230;<\/p>\n","protected":false},"author":0,"featured_media":195653,"comment_status":"open","ping_status":"open","sticky":false,"template":"","format":"standard","meta":{"footnotes":""},"categories":[7],"tags":[],"class_list":["post-195652","post","type-post","status-publish","format-standard","has-post-thumbnail","hentry","category-sociedad"],"featured_image_urls":{"full":["https:\/\/radiofenix.com.ar\/2023\/wp-content\/uploads\/wp-header-logo.png",0,0,false],"thumbnail":["https:\/\/radiofenix.com.ar\/2023\/wp-content\/uploads\/wp-header-logo.png",1,1,false],"medium":["https:\/\/radiofenix.com.ar\/2023\/wp-content\/uploads\/wp-header-logo.png",1,1,false],"medium_large":["https:\/\/radiofenix.com.ar\/2023\/wp-content\/uploads\/wp-header-logo.png",1,1,false],"large":["https:\/\/radiofenix.com.ar\/2023\/wp-content\/uploads\/wp-header-logo.png",1,1,false],"1536x1536":["https:\/\/radiofenix.com.ar\/2023\/wp-content\/uploads\/wp-header-logo.png",1,1,false],"2048x2048":["https:\/\/radiofenix.com.ar\/2023\/wp-content\/uploads\/wp-header-logo.png",1,1,false],"newsium-slider-full":["https:\/\/radiofenix.com.ar\/2023\/wp-content\/uploads\/wp-header-logo.png",1,1,false],"newsium-featured":["https:\/\/radiofenix.com.ar\/2023\/wp-content\/uploads\/wp-header-logo.png",1,1,false],"newsium-medium":["https:\/\/radiofenix.com.ar\/2023\/wp-content\/uploads\/wp-header-logo.png",1,1,false]},"author_info":{"info":[""]},"category_info":"<a href=\"https:\/\/radiofenix.com.ar\/2023\/category\/sociedad\/\" rel=\"category tag\">Sociedad<\/a>","tag_info":"Sociedad","comment_count":"0","_links":{"self":[{"href":"https:\/\/radiofenix.com.ar\/2023\/wp-json\/wp\/v2\/posts\/195652","targetHints":{"allow":["GET"]}}],"collection":[{"href":"https:\/\/radiofenix.com.ar\/2023\/wp-json\/wp\/v2\/posts"}],"about":[{"href":"https:\/\/radiofenix.com.ar\/2023\/wp-json\/wp\/v2\/types\/post"}],"replies":[{"embeddable":true,"href":"https:\/\/radiofenix.com.ar\/2023\/wp-json\/wp\/v2\/comments?post=195652"}],"version-history":[{"count":0,"href":"https:\/\/radiofenix.com.ar\/2023\/wp-json\/wp\/v2\/posts\/195652\/revisions"}],"wp:featuredmedia":[{"embeddable":true,"href":"https:\/\/radiofenix.com.ar\/2023\/wp-json\/wp\/v2\/media\/195653"}],"wp:attachment":[{"href":"https:\/\/radiofenix.com.ar\/2023\/wp-json\/wp\/v2\/media?parent=195652"}],"wp:term":[{"taxonomy":"category","embeddable":true,"href":"https:\/\/radiofenix.com.ar\/2023\/wp-json\/wp\/v2\/categories?post=195652"},{"taxonomy":"post_tag","embeddable":true,"href":"https:\/\/radiofenix.com.ar\/2023\/wp-json\/wp\/v2\/tags?post=195652"}],"curies":[{"name":"wp","href":"https:\/\/api.w.org\/{rel}","templated":true}]}}