{"id":195656,"date":"2024-10-25T08:57:56","date_gmt":"2024-10-25T08:57:56","guid":{"rendered":"https:\/\/radiofenix.com.ar\/2023\/harris-alerta-sobre-el-peligro-de-que-trump-invoque-a-hitler\/"},"modified":"2024-10-25T08:57:56","modified_gmt":"2024-10-25T08:57:56","slug":"harris-alerta-sobre-el-peligro-de-que-trump-invoque-a-hitler","status":"publish","type":"post","link":"https:\/\/radiofenix.com.ar\/2023\/harris-alerta-sobre-el-peligro-de-que-trump-invoque-a-hitler\/","title":{"rendered":"Harris alerta sobre el peligro de que Trump invoque a Hitler"},"content":{"rendered":"<div><!-- Body --><\/p>\n<p>Cerca del final de la <a href=\"https:\/\/www.pagina12.com.ar\/776255-ee-uu-harris-cumplio-anos-mientras-trump-se-mostro-en-mcdona\">campa\u00f1a <\/a>de cara a los <a href=\"https:\/\/www.pagina12.com.ar\/775812-estados-unidos-kamala-harris-y-donald-trump-batallan-en-mich\"><b>comicios presidenciales <\/b><\/a>en <b>Estados Unidos<\/b>, <a href=\"https:\/\/www.pagina12.com.ar\/tags\/31410-kamala-harris\"><b>Kamala <\/b><b>Harris<\/b><\/a>, la vicepresidenta y candidata dem\u00f3crata, se present\u00f3 este mi\u00e9rcoles desde su residencia oficial y<b> alert\u00f3 sobre <\/b><a href=\"https:\/\/www.pagina12.com.ar\/769918-trump-se-autoproclama-protector-de-las-mujeres\"><b>el riesgo<\/b><\/a><b> que implica su rival<\/b>, <a href=\"https:\/\/www.pagina12.com.ar\/tags\/687-donald-trump\"><b>Donald Trump<\/b><\/a>, para la democracia del pa\u00eds. Lo hizo tras las revelaciones del ex jefe de Gabinete, <b>John Kelly<\/b>, y del exj efe del Estado Mayor, <b>Mark Milley<\/b>, que <b>definieron al candidato como un fascista<\/b> luego de haber trabajado bajo su mando.\u00a0<\/p>\n<p>Con las elecciones <b>a menos de dos semanas de distancia<\/b>, la estrecha contienda entre la vicepresidenta y el magnate republicano contin\u00faa en medio de <b>una campa\u00f1a centrada sobre los estados indecisos<\/b>, que decidir\u00e1n el resultado de los comicios. Este mi\u00e9rcoles, <b>mientras Harris concentra sus esfuerzos en Pensilvania<\/b>, Trump extiende su gira al estado de Georgia, <b>en medio de las cr\u00edticas generadas por sus pol\u00e9micas declaraciones antiinmigrantes y profascistas<\/b>.<\/p>\n<h2>Fascismo<\/h2>\n<p>El candidato republicano atraviesa un momento dif\u00edcil, luego de que <b>el ex jefe de gabinete durante su mandato<\/b>, <b>John Kelly<\/b>, confirmara este martes que el magnate \u00abencaja en la definici\u00f3n de fascista\u00bb y <b>ha alabado a Hitler<\/b>, seg\u00fan expuso en conversaci\u00f3n con el <i>New York Times.<\/i><\/p>\n<p>\u00abDesde luego el expresidente est\u00e1 ubicado en la extrema derecha, por supuesto que es un autoritario, admira a personas que son dictadores, \u00e9l mismo lo ha dicho. As\u00ed que, sin duda, encaja en la definici\u00f3n general de fascista, seguro\u00bb, declar\u00f3 Kelly, quien tambi\u00e9n fue general de la marina estadounidense.<\/p>\n<p><b>El ex funcionario afirm\u00f3 que el candidato republicano \u00abcoment\u00f3 m\u00e1s de una vez: &#8216;Sab\u00e9s, Hitler tambi\u00e9n hizo algunas cosas buenas\u00bb y que necesitaba \u00abgenerales alemanes\u00bb como los que tuvo el jefe nazi.\u00a0<\/b><\/p>\n<p>Un d\u00eda despu\u00e9s de que las declaraciones se hicieran p\u00fablicas,<b> Harris critic\u00f3 duramente al expresidente\u00a0<\/b>durante una presentaci\u00f3n desde su residencia oficial en el Observatorio Naval. A su vez, <b>advirti\u00f3 que su rival pol\u00edtico muestra un comportamiento err\u00e1tico e inestable<\/b>. \u00abTrump se muestra cada vez m\u00e1s err\u00e1tico e inestable, y en un segundo mandato personas como John Kelly no estar\u00edan all\u00ed para contenerlo\u00bb, advirti\u00f3 la candidata dem\u00f3crata en declaraciones a la prensa.<\/p>\n<p><b>\u00abEs profundamente preocupante e incre\u00edblemente peligroso que Donald Trump invoque a Adolf Hitler, <\/b>el hombre responsable de la muerte de seis millones de jud\u00edos y cientos de miles de estadounidenses\u00bb, asever\u00f3 Harris.<\/p>\n<p>Ese mismo d\u00eda,<b> la campa\u00f1a de Harris ofreci\u00f3 una rueda de prensa telef\u00f3nica con dos militares retirados<\/b>, que <b>respaldaron la evaluaci\u00f3n de Kell<\/b>y y advirtieron que una segunda presidencia del magnate tendr\u00eda mucho menos cuidados democr\u00e1ticos que la primera.<\/p>\n<p>\u00abEl general Kelly nos est\u00e1 advirtiendo que Trump busca el poder para hacer lo que quiera, cuando quiera\u00bb, opin\u00f3 el coronel retirado <b>Kevin Carroll<\/b> durante la rueda de prensa.<\/p>\n<p>\u00abAhora Trump est\u00e1 en la carrera para arrogarse poderes sin precedentes, sin control, como \u00e9l mismo dijo, extremos\u00bb, a\u00f1adi\u00f3.<\/p>\n<p>\u00abNos preocupa que quiera utilizar al ej\u00e9rcito para reprimir a la oposici\u00f3n en el pa\u00eds y vigilar la frontera estadounidense (con M\u00e9xico), cosas que se supone que el ej\u00e9rcito no debe hacer\u00bb, estim\u00f3 por su parte el general de brigada retirado <b>Steve Anderson<\/b>.<\/p>\n<p><b>La simpat\u00eda de Trump con las ideas fascistas no es nueva<\/b>. En el pasado, lleg\u00f3 a afirmar que los migrantes \u00abenvenenan la sangre del pa\u00eds\u00bb en\u00a0<a href=\"https:\/\/www.youtube.com\/watch?v=v283kLQbe1M&amp;t=89s&amp;ab_channel=RaheemKassam\" target=\"_blank\" rel=\"noopener\">una entrevista<\/a> en su residencia de <b>Mar-a-Lago<\/b>.<\/p>\n<p>Durante su presentaci\u00f3n<b>, la vicepresidenta tambi\u00e9n mencion\u00f3 las propias palabras de Trump del pasado 14 de octubre<\/b>, cuando sugiri\u00f3 que <b>utilizar\u00eda las Fuerzas Armadas <\/b>para enfrentarse a lo que llam\u00f3 \u00abel enemigo interno\u00bb, se\u00f1alando que no le preocupaba el caos que pudieran provocar sus seguidores, sino los \u00ablun\u00e1ticos de la izquierda radical\u00bb.<\/p>\n<p>El candidato calific\u00f3 esta amenaza de la izquierda de \u00abalima\u00f1as\u00bb en numerosas ocasiones, empleando <b>una ret\u00f3rica similar a la utilizaban fascistas como Benito Mussolini y Hitler para hablar de sus oponentes<\/b>.<\/p>\n<p>Harris afirm\u00f3 que su rival considera \u00abenemigo interno\u00bb a cualquiera que \u00abse niegue a someterse\u00bb o se atreva a criticarlo, \u00abya sean jueces, periodistas o funcionarios dedicados a supervisar\u00bb los comicios del 5 de noviembre.<\/p>\n<p><b>\u00abNo quiere un ej\u00e9rcito leal a la Constituci\u00f3n de Estados Unidos. Quiere un ej\u00e9rcito que le sea leal a \u00e9l personalmente, uno que obedezca sus \u00f3rdenes, incluso cuando les pida quebrantar la ley o abandonar su juramento a la Constituci\u00f3n\u00bb, advirti\u00f3 la candidata.<\/b><\/p>\n<p>El pasado 29 de septiembre, <b>Mark Milley<\/b>, Jefe del Estado Mayor estadounidense, aludi\u00f3 a la figura del candidato republicano en su discurso de retiro,<b> con el que se encuentra enfrentado luego de que este \u00faltimo lo considerara parte de quienes lo traicionaron en 2020<\/b>. Frente a las autoridades del gobierno actual, Milley elogi\u00f3 la gesti\u00f3n de Biden y asegur\u00f3 que los militares estadounidenses \u00abno prestamos juramento a un <b>aspirante a dictador<\/b>\u00ab.<\/p>\n<h2>Xenofobia<\/h2>\n<p>D<b>urante su cuarta visita en dos dias<\/b> al estado de Carolina del Norte, <b>Trump prometi\u00f3 este martes solicitar que se establezca la pena de muerte para cualquier migrante convicto<\/b> por asesinar a un ciudadano estadounidense.<\/p>\n<p>\u201cTenemos que hacerlo\u2026<b> estoy pidiendo la pena de muerte para cualquier migrante<\/b> que mate a un ciudadano estadounidense o a un agente de las fuerzas del orden\u2026 El Congreso lo va a aprobar\u201d, dijo candidato ante una multitud en la ciudad de <b>Greensboro<\/b>, en el estado decisivo.<\/p>\n<p><b>Se esperaba que Trump enfocara su discurso en los esfuerzos de recuperaci\u00f3n de Carolina del Norte<\/b>, que fue azotado el mes pasado por el hurac\u00e1n Helene. Pero,<b> aunque critic\u00f3 la respuesta del Gobierno federal al desastre<\/b>, el republicano<b> se enfoc\u00f3 en repetir su ret\u00f3rica antiinmigrante<\/b>.<\/p>\n<p><b>Incluso consider\u00f3 que la inmigraci\u00f3n es el tema que m\u00e1s preocupa a los estadounidenses<\/b>, por encima de la econom\u00eda, en un intento de empujar su ret\u00f3rica de que la pol\u00edtica de Harris supone \u201cfronteras abiertas\u201d a criminales extranjeros-<\/p>\n<p>Pero seg\u00fan la \u00faltima encuesta de <i>Gallup<\/i>, <b>la econom\u00eda es el \u00fanico tema en el que la mayor\u00eda de los votantes<\/b> (52 %) dice que las posiciones de los candidatos al respecto de este tema son una influencia \u201cextremadamente importante\u201d en su voto.<\/p>\n<p>\u201cCreo que la inmigraci\u00f3n es el n\u00famero uno, es el primero, y el segundo es la econom\u00eda, y el tercero es la inflaci\u00f3n\u2026 Creo que la frontera es la mayor amenaza para este pa\u00eds\u201d, dijo Trump durante el mitin.<\/p>\n<p><b>El ex gobernante prometi\u00f3 nuevamente las deportaciones masivas y un castigo de 10 a\u00f1os para quienes regresen despu\u00e9s de ser expulsados<\/b>.<\/p>\n<p>Por su parte, <b>la campa\u00f1a de la vicepresidenta lanz\u00f3 este mi\u00e9rcoles un nuevo anuncio dirigido a los votantes latinos<\/b> <b>indecisos que recuerda el ataque al Capitolio,<\/b> por el que el candidato republicano se encuentra enjuiciado, a pesar de declararse inocente.<\/p>\n<p>El anuncio titulado &#8216;Nuestra Democracia&#8217; en espa\u00f1ol (&#8216;Real Heroes&#8217; o Heroes Reales en ingl\u00e9s) da voz al ex sargento de polic\u00eda del Capitolio <b>Aquilino Gonel<\/b>l, un efectivo hispano que r<b>esult\u00f3 herido en el asalto<\/b>, quien <b>no guard\u00f3 sus cr\u00edticas<\/b> al candidato republicano <b>por llamar \u201cpatriotas\u201d a las personas que participaron en la insurrecci\u00f3n de enero de 2021<\/b>.<\/p>\n<p>\u201cNos insulta\u201d, sostuvo Gonell, de origen dominicano, que result\u00f3 herido mientras se enfrentaba al ataque de la turba.<\/p>\n<p>En un comunicado, la campa\u00f1a de Harris dijo que <b>el anuncio recuerda a los votantes latinos la ret\u00f3rica del candidato republicano sobre el ataque a una de las instituciones que sostienen la democracia en Estados Unidos<\/b>.<\/p>\n<h2>Empatados<\/h2>\n<p><b>Alrededor de 23,5 millones de estadounidenses ya han votado por correo o en persona para las elecciones presidenciales<\/b>, que se presentan muy ajustadas.<\/p>\n<p>Las proyecciones elaboradas por el portal <i>FiveThirtyEight <\/i>muestran que <b>Harris lidera las encuestas a nivel nacional por una diferencia de 1.8% de las intenciones de voto<\/b>, un margen que se ha reducido por la mitad desde su mejor momento, en agosto de este a\u00f1o.<\/p>\n<p>Estas proyecciones, de todos modos, no reflejan las posibilidades reales de los candidatos, debido al <b>sistema de voto indirecto<\/b> que rige en las elecciones estadounidenses, en las cuales los votantes favorecen a distintos representantes que, por su parte, deciden el candidato a elegir, por lo que <b>el Colegio Electoral dispone de la \u00faltima palabra<\/b>.<\/p>\n<p><!-- Live Blog Post --><\/div>\n<p><a href=\"https:\/\/www.pagina12.com.ar\/777009-harris-alerta-sobre-el-peligro-de-que-trump-invoque-a-hitler\">source<\/a><\/p>\n","protected":false},"excerpt":{"rendered":"<p>Cerca del final de la campa\u00f1a de cara a los comicios presidenciales en Estados Unidos,&#8230;<\/p>\n","protected":false},"author":0,"featured_media":195657,"comment_status":"open","ping_status":"open","sticky":false,"template":"","format":"standard","meta":{"footnotes":""},"categories":[60],"tags":[],"class_list":["post-195656","post","type-post","status-publish","format-standard","has-post-thumbnail","hentry","category-internacional"],"featured_image_urls":{"full":["https:\/\/radiofenix.com.ar\/2023\/wp-content\/uploads\/wp-header-logo.png",0,0,false],"thumbnail":["https:\/\/radiofenix.com.ar\/2023\/wp-content\/uploads\/wp-header-logo.png",1,1,false],"medium":["https:\/\/radiofenix.com.ar\/2023\/wp-content\/uploads\/wp-header-logo.png",1,1,false],"medium_large":["https:\/\/radiofenix.com.ar\/2023\/wp-content\/uploads\/wp-header-logo.png",1,1,false],"large":["https:\/\/radiofenix.com.ar\/2023\/wp-content\/uploads\/wp-header-logo.png",1,1,false],"1536x1536":["https:\/\/radiofenix.com.ar\/2023\/wp-content\/uploads\/wp-header-logo.png",1,1,false],"2048x2048":["https:\/\/radiofenix.com.ar\/2023\/wp-content\/uploads\/wp-header-logo.png",1,1,false],"newsium-slider-full":["https:\/\/radiofenix.com.ar\/2023\/wp-content\/uploads\/wp-header-logo.png",1,1,false],"newsium-featured":["https:\/\/radiofenix.com.ar\/2023\/wp-content\/uploads\/wp-header-logo.png",1,1,false],"newsium-medium":["https:\/\/radiofenix.com.ar\/2023\/wp-content\/uploads\/wp-header-logo.png",1,1,false]},"author_info":{"info":[""]},"category_info":"<a href=\"https:\/\/radiofenix.com.ar\/2023\/category\/internacional\/\" rel=\"category tag\">Internacional<\/a>","tag_info":"Internacional","comment_count":"0","_links":{"self":[{"href":"https:\/\/radiofenix.com.ar\/2023\/wp-json\/wp\/v2\/posts\/195656","targetHints":{"allow":["GET"]}}],"collection":[{"href":"https:\/\/radiofenix.com.ar\/2023\/wp-json\/wp\/v2\/posts"}],"about":[{"href":"https:\/\/radiofenix.com.ar\/2023\/wp-json\/wp\/v2\/types\/post"}],"replies":[{"embeddable":true,"href":"https:\/\/radiofenix.com.ar\/2023\/wp-json\/wp\/v2\/comments?post=195656"}],"version-history":[{"count":0,"href":"https:\/\/radiofenix.com.ar\/2023\/wp-json\/wp\/v2\/posts\/195656\/revisions"}],"wp:featuredmedia":[{"embeddable":true,"href":"https:\/\/radiofenix.com.ar\/2023\/wp-json\/wp\/v2\/media\/195657"}],"wp:attachment":[{"href":"https:\/\/radiofenix.com.ar\/2023\/wp-json\/wp\/v2\/media?parent=195656"}],"wp:term":[{"taxonomy":"category","embeddable":true,"href":"https:\/\/radiofenix.com.ar\/2023\/wp-json\/wp\/v2\/categories?post=195656"},{"taxonomy":"post_tag","embeddable":true,"href":"https:\/\/radiofenix.com.ar\/2023\/wp-json\/wp\/v2\/tags?post=195656"}],"curies":[{"name":"wp","href":"https:\/\/api.w.org\/{rel}","templated":true}]}}