{"id":195682,"date":"2024-10-27T08:57:16","date_gmt":"2024-10-27T08:57:16","guid":{"rendered":"https:\/\/radiofenix.com.ar\/2023\/el-gobierno-decreto-el-fin-de-los-cargos-hereditarios-en-el-estado\/"},"modified":"2024-10-27T08:57:16","modified_gmt":"2024-10-27T08:57:16","slug":"el-gobierno-decreto-el-fin-de-los-cargos-hereditarios-en-el-estado","status":"publish","type":"post","link":"https:\/\/radiofenix.com.ar\/2023\/el-gobierno-decreto-el-fin-de-los-cargos-hereditarios-en-el-estado\/","title":{"rendered":"El Gobierno decret\u00f3 el fin de los cargos hereditarios en el Estado"},"content":{"rendered":"<div id=\"\">\n<p><strong>\u201cEs un privilegio que la administraci\u00f3n del presidente Milei va a desterrar para siempre\u201d,<\/strong> remarc\u00f3 el vocero presidencial.<\/p>\n<p>\u201c<span class=\"saysCMSEmphasis\" id=\"saysCMSEmphasisa9i9u0bhksr\">Se acab\u00f3 la l\u00f3gica del Estado como un bot\u00edn, a rifar entre amigos y familiares de una peque\u00f1a minor\u00eda privilegiada<\/span>. En la Argentina de las ideas de la libertad,<strong> los cargos p\u00fablicos se asignan por m\u00e9rito y esfuerzo individual. En esta Argentina, nadie tiene sangre azul<\/strong>\u201d, apunt\u00f3 el Vocero.<\/p>\n<div contenteditable=\"false\" class=\"embed_cont type_video\" id=\"7997596-511193540_wrap\">\n<p>adorni puestos hereditarios <span onclick=\"parent.parent.TinyMCETdcuerpo.preview_embed('7997596-511193540')\" class=\"embed_colapse less\" id=\"7997596-511193540_colapse\"\/>  <span onclick=\"parent.parent.TinyMCETdcuerpo.delete_embed('7997596-511193540')\" class=\"embed_delete less\" id=\"7997596-511193540_delete\"\/><\/p>\n<div id=\"7997596-511193540_epigrafe\" class=\"embed_epigrafe\">\n<p> El Gobierno elimina los cargos hereditarios en el Estado<\/p>\n<\/div><\/div>\n<p>Adorni record\u00f3 que este tipo de beneficios se hab\u00edan quitado durante la presidencia de Mauricio Macri pero fueron reinstaurados por el expresidente Alberto Fern\u00e1ndez al asumir su gesti\u00f3n.<\/p>\n<p>\u201cEste delirio, que se est\u00e1 sepultando hoy, es parte de la misma l\u00f3gica que reinaba hasta el 10 de diciembre y llev\u00f3 a encontrarnos en la administraci\u00f3n, luego de asumir, con empleados en ropa interior haciendo milanesas en alguna cochera de alg\u00fan ministerio o choferes que ten\u00edan sus propios choferes\u201d, record\u00f3 Adorni.<\/p>\n<h2>En qu\u00e9 organismos funcionaban los cargos hereditarios<\/h2>\n<div contenteditable=\"false\" class=\"embed_cont type_imagen\" id=\"7997594-Libre-102805470_wrap\">\n<p>Federico Sturzenegger &#8211; manuel adorni <span onclick=\"parent.parent.TinyMCETdcuerpo.preview_embed('7997594-Libre-102805470')\" class=\"embed_colapse less\" id=\"7997594-Libre-102805470_colapse\"\/>  <span onclick=\"parent.parent.TinyMCETdcuerpo.delete_embed('7997594-Libre-102805470')\" class=\"embed_delete less\" id=\"7997594-Libre-102805470_delete\"\/><\/p>\n<div id=\"7997594-Libre-102805470_content\" class=\"embed_content\"><img loading=\"lazy\" decoding=\"async\" src=\"https:\/\/media.minutouno.com\/p\/bad87a000c1d778084bccfddc82a6f37\/adjuntos\/150\/imagenes\/041\/916\/0041916293\/federico-sturzenegger-manuel-adorni.jpeg\" alt=\"EL ministro Federico Sturzenegger y el vocero Manuel Adorni durante la conferencia de prensa en Casa Rosada\" title=\"EL ministro Federico Sturzenegger y el vocero Manuel Adorni durante la conferencia de prensa en Casa Rosada\" width=\"610\" height=\"411\" id=\"7997594-Libre-102805470_embed\"\/><\/div>\n<div id=\"7997594-Libre-102805470_epigrafe\" class=\"embed_epigrafe\">\n<p> EL ministro Federico Sturzenegger y el vocero Manuel Adorni durante la conferencia de prensa en Casa Rosada<\/p>\n<\/div><\/div>\n<p>Este tipo de \u201cprivilegios de sangre\u201d &#8211; tal como los denomin\u00f3 Adorni &#8211; tambi\u00e9n existen \u201cen otros organismos del Estado, particularmente en las provincias\u201d, como el caso del Banco Provincia.<\/p>\n<p>En ese sentido, Sturzenegger especific\u00f3 que la normativa del Banco Naci\u00f3n y del Banco Central se impuso en 1973, en ANSES en el a\u00f1o 1998, en Aduana en 2008, en YPF durante el 2012 y en Ferrocarriles Argentinos se implement\u00f3 en 2015.<\/p>\n<p>Sintetiz\u00f3: <strong>\u201cEn Argentina hay dos visiones, la liberal republicana y la medieval de la casta\u201d. <\/strong><\/p>\n<p>\u201cEn <strong>Aduana <\/strong>y <strong>AFIP <\/strong>hay una norma en sus estatutos que indica que atender\u00e1 la incorporaci\u00f3n de postulantes en las situaciones especiales que se indican, en particular, en caso de producirse el fallecimiento de un agente, dispondr\u00e1 de forma inmediata a la postulaci\u00f3n <strong>la designaci\u00f3n de un hijo o\/conyugue<\/strong>\u201d.<\/p>\n<p>Una situaci\u00f3n similar se dada en la <strong>ANSES<\/strong>, que indica que \u201cpara el <strong>ingreso a planta permanente tendr\u00e1n prioridad,<\/strong> en tanto re\u00fanan los requisitos requeridos para el puesto en igualdad de condiciones con otros postulantes, <strong>el c\u00f3nyuge e hijo del personal fallecido en actividad<\/strong>\u201d.<\/p>\n<p>Por su parte, en el <strong>Banco Naci\u00f3n y el Banco Central,<\/strong> \u201cen caso de muerte del empleado en actividad padre de familia, <strong>uno de los hijos que hubiere estado a su cargo podr\u00e1 optar por ingresar a la empresa\u201d. <\/strong><\/p>\n<p>Misma medida reg\u00eda en <strong>YPF <\/strong>donde \u201ctendr\u00e1 prioridad en el ingreso aquellos candidatos que reunido el perfil correspondiente sean hijos de extrabajadores fallecidos o jubilados\u201d. En <strong>Ferrocarriles Argentinos<\/strong>, se presentaba un registro de postulantes para que \u201c<strong>se considere el ingreso de familiares de trabajadores fallecidos y jubilados\u201d. <\/strong><\/p>\n<div contenteditable=\"false\" class=\"embed_cont type_freetext\" rel=\"freetext\" id=\"embed10_wrap\">\n<p> Embed <span onclick=\"parent.parent.TinyMCETdcuerpo.preview_embed('embed10')\" class=\"embed_colapse less\" id=\"embed10_colapse\"\/> <span onclick=\"parent.parent.TinyMCETdcuerpo.delete_embed('embed10')\" class=\"embed_delete less\" id=\"embed10_delete\"\/><\/p>\n<div id=\"embed10_content\" class=\"embed_content\">\n<div id=\"embed10_embed\">\n<figure class=\"figure\"><a href=\"https:\/\/t.me\/minutounocom\" target=\"_blank\" rel=\"noopener\"><img decoding=\"async\" src=\"https:\/\/media.minutouno.com\/adjuntos\/150\/banners\/039\/099\/0039099175.jpg\" class=\"figure-img img-fluid\" style=\"width:100%;height:auto;\"\/><\/a><\/figure>\n<\/div>\n<\/div><\/div>\n<\/p><\/div>\n<p><a href=\"https:\/\/www.minutouno.com\/politica\/el-gobierno-decreto-el-fin-los-cargos-hereditarios-el-estado-n6074624\">source<\/a><\/p>\n","protected":false},"excerpt":{"rendered":"<p>\u201cEs un privilegio que la administraci\u00f3n del presidente Milei va a desterrar para siempre\u201d, remarc\u00f3&#8230;<\/p>\n","protected":false},"author":0,"featured_media":195683,"comment_status":"open","ping_status":"open","sticky":false,"template":"","format":"standard","meta":{"footnotes":""},"categories":[2],"tags":[],"class_list":["post-195682","post","type-post","status-publish","format-standard","has-post-thumbnail","hentry","category-politica"],"featured_image_urls":{"full":["https:\/\/radiofenix.com.ar\/2023\/wp-content\/uploads\/wp-header-logo.png",0,0,false],"thumbnail":["https:\/\/radiofenix.com.ar\/2023\/wp-content\/uploads\/wp-header-logo.png",1,1,false],"medium":["https:\/\/radiofenix.com.ar\/2023\/wp-content\/uploads\/wp-header-logo.png",1,1,false],"medium_large":["https:\/\/radiofenix.com.ar\/2023\/wp-content\/uploads\/wp-header-logo.png",1,1,false],"large":["https:\/\/radiofenix.com.ar\/2023\/wp-content\/uploads\/wp-header-logo.png",1,1,false],"1536x1536":["https:\/\/radiofenix.com.ar\/2023\/wp-content\/uploads\/wp-header-logo.png",1,1,false],"2048x2048":["https:\/\/radiofenix.com.ar\/2023\/wp-content\/uploads\/wp-header-logo.png",1,1,false],"newsium-slider-full":["https:\/\/radiofenix.com.ar\/2023\/wp-content\/uploads\/wp-header-logo.png",1,1,false],"newsium-featured":["https:\/\/radiofenix.com.ar\/2023\/wp-content\/uploads\/wp-header-logo.png",1,1,false],"newsium-medium":["https:\/\/radiofenix.com.ar\/2023\/wp-content\/uploads\/wp-header-logo.png",1,1,false]},"author_info":{"info":[""]},"category_info":"<a href=\"https:\/\/radiofenix.com.ar\/2023\/category\/politica\/\" rel=\"category tag\">Pol\u00edtica<\/a>","tag_info":"Pol\u00edtica","comment_count":"0","_links":{"self":[{"href":"https:\/\/radiofenix.com.ar\/2023\/wp-json\/wp\/v2\/posts\/195682","targetHints":{"allow":["GET"]}}],"collection":[{"href":"https:\/\/radiofenix.com.ar\/2023\/wp-json\/wp\/v2\/posts"}],"about":[{"href":"https:\/\/radiofenix.com.ar\/2023\/wp-json\/wp\/v2\/types\/post"}],"replies":[{"embeddable":true,"href":"https:\/\/radiofenix.com.ar\/2023\/wp-json\/wp\/v2\/comments?post=195682"}],"version-history":[{"count":0,"href":"https:\/\/radiofenix.com.ar\/2023\/wp-json\/wp\/v2\/posts\/195682\/revisions"}],"wp:featuredmedia":[{"embeddable":true,"href":"https:\/\/radiofenix.com.ar\/2023\/wp-json\/wp\/v2\/media\/195683"}],"wp:attachment":[{"href":"https:\/\/radiofenix.com.ar\/2023\/wp-json\/wp\/v2\/media?parent=195682"}],"wp:term":[{"taxonomy":"category","embeddable":true,"href":"https:\/\/radiofenix.com.ar\/2023\/wp-json\/wp\/v2\/categories?post=195682"},{"taxonomy":"post_tag","embeddable":true,"href":"https:\/\/radiofenix.com.ar\/2023\/wp-json\/wp\/v2\/tags?post=195682"}],"curies":[{"name":"wp","href":"https:\/\/api.w.org\/{rel}","templated":true}]}}