{"id":195696,"date":"2024-10-28T08:57:56","date_gmt":"2024-10-28T08:57:56","guid":{"rendered":"https:\/\/radiofenix.com.ar\/2023\/dia-de-los-muertos-con-espiritu-literario\/"},"modified":"2024-10-28T08:57:56","modified_gmt":"2024-10-28T08:57:56","slug":"dia-de-los-muertos-con-espiritu-literario","status":"publish","type":"post","link":"https:\/\/radiofenix.com.ar\/2023\/dia-de-los-muertos-con-espiritu-literario\/","title":{"rendered":"D\u00eda de los Muertos con esp\u00edritu literario"},"content":{"rendered":"<div><!-- Body --><\/p>\n<p>A prop\u00f3sito del D\u00eda de los Muertos, el Fondo de Cultura Econ\u00f3mica organiza una celebraci\u00f3n especial para compartir el tradicional rito mexicano. La cita ser\u00e1 los d\u00edas jueves 31 de octubre y viernes 1 de noviembre\u00a0en la Librer\u00eda del Fondo y Centro Cultural Arnaldo Orfila Reynal (Costa Rica 4568), con actividades de entrada libre y gratuita para todas las edades.\u00a0<\/p>\n<p>Este a\u00f1o el cl\u00e1sico altar de los muertos estar\u00e1 dedicado al escritor, cr\u00edtico, cineasta, dramaturgo y actor argentino Edgardo Cozarinsky, fallecido el 3 de junio de este a\u00f1o. El jueves, de 16 a 20, habr\u00e1 un ciclo de literatura y terror (\u00abOscuro total: las formas del mal\u00bb) con la participaci\u00f3n de artistas y profesionales de diversas disciplinas, desde el juez <b>Daniel Rafecas hasta el cineasta Demi\u00e1n Rugna<\/b>, pasando por la crimin\u00f3loga <b>Laura Qui\u00f1ones Urquiza o el periodista Ricardo Canaletti<\/b>.<\/p>\n<p>El viernes a partir de las 17, en tanto, habr\u00e1 un taller de impresi\u00f3n -se trata de una actividad orientada a toda la familia- y a las 19 est\u00e1 programado un espect\u00e1culo musical que recupera los instrumentos aut\u00f3ctonos de Am\u00e9rica: \u00abCantos floridos\u00bb.<\/p>\n<p><!-- Live Blog Post --><\/div>\n<p><a href=\"https:\/\/www.pagina12.com.ar\/778037-dia-de-los-muertos-con-espiritu-literario\">source<\/a><\/p>\n","protected":false},"excerpt":{"rendered":"<p>A prop\u00f3sito del D\u00eda de los Muertos, el Fondo de Cultura Econ\u00f3mica organiza una celebraci\u00f3n&#8230;<\/p>\n","protected":false},"author":0,"featured_media":195697,"comment_status":"open","ping_status":"open","sticky":false,"template":"","format":"standard","meta":{"footnotes":""},"categories":[4],"tags":[],"class_list":["post-195696","post","type-post","status-publish","format-standard","has-post-thumbnail","hentry","category-espectaculos"],"featured_image_urls":{"full":["https:\/\/radiofenix.com.ar\/2023\/wp-content\/uploads\/wp-header-logo.png",0,0,false],"thumbnail":["https:\/\/radiofenix.com.ar\/2023\/wp-content\/uploads\/wp-header-logo.png",1,1,false],"medium":["https:\/\/radiofenix.com.ar\/2023\/wp-content\/uploads\/wp-header-logo.png",1,1,false],"medium_large":["https:\/\/radiofenix.com.ar\/2023\/wp-content\/uploads\/wp-header-logo.png",1,1,false],"large":["https:\/\/radiofenix.com.ar\/2023\/wp-content\/uploads\/wp-header-logo.png",1,1,false],"1536x1536":["https:\/\/radiofenix.com.ar\/2023\/wp-content\/uploads\/wp-header-logo.png",1,1,false],"2048x2048":["https:\/\/radiofenix.com.ar\/2023\/wp-content\/uploads\/wp-header-logo.png",1,1,false],"newsium-slider-full":["https:\/\/radiofenix.com.ar\/2023\/wp-content\/uploads\/wp-header-logo.png",1,1,false],"newsium-featured":["https:\/\/radiofenix.com.ar\/2023\/wp-content\/uploads\/wp-header-logo.png",1,1,false],"newsium-medium":["https:\/\/radiofenix.com.ar\/2023\/wp-content\/uploads\/wp-header-logo.png",1,1,false]},"author_info":{"info":[""]},"category_info":"<a href=\"https:\/\/radiofenix.com.ar\/2023\/category\/espectaculos\/\" rel=\"category tag\">Espectaculos<\/a>","tag_info":"Espectaculos","comment_count":"0","_links":{"self":[{"href":"https:\/\/radiofenix.com.ar\/2023\/wp-json\/wp\/v2\/posts\/195696","targetHints":{"allow":["GET"]}}],"collection":[{"href":"https:\/\/radiofenix.com.ar\/2023\/wp-json\/wp\/v2\/posts"}],"about":[{"href":"https:\/\/radiofenix.com.ar\/2023\/wp-json\/wp\/v2\/types\/post"}],"replies":[{"embeddable":true,"href":"https:\/\/radiofenix.com.ar\/2023\/wp-json\/wp\/v2\/comments?post=195696"}],"version-history":[{"count":0,"href":"https:\/\/radiofenix.com.ar\/2023\/wp-json\/wp\/v2\/posts\/195696\/revisions"}],"wp:featuredmedia":[{"embeddable":true,"href":"https:\/\/radiofenix.com.ar\/2023\/wp-json\/wp\/v2\/media\/195697"}],"wp:attachment":[{"href":"https:\/\/radiofenix.com.ar\/2023\/wp-json\/wp\/v2\/media?parent=195696"}],"wp:term":[{"taxonomy":"category","embeddable":true,"href":"https:\/\/radiofenix.com.ar\/2023\/wp-json\/wp\/v2\/categories?post=195696"},{"taxonomy":"post_tag","embeddable":true,"href":"https:\/\/radiofenix.com.ar\/2023\/wp-json\/wp\/v2\/tags?post=195696"}],"curies":[{"name":"wp","href":"https:\/\/api.w.org\/{rel}","templated":true}]}}