{"id":195700,"date":"2024-10-29T08:57:44","date_gmt":"2024-10-29T08:57:44","guid":{"rendered":"https:\/\/radiofenix.com.ar\/2023\/efemerides-de-hoy-que-paso-un-29-de-octubre\/"},"modified":"2024-10-29T08:57:44","modified_gmt":"2024-10-29T08:57:44","slug":"efemerides-de-hoy-que-paso-un-29-de-octubre","status":"publish","type":"post","link":"https:\/\/radiofenix.com.ar\/2023\/efemerides-de-hoy-que-paso-un-29-de-octubre\/","title":{"rendered":"Efem\u00e9rides de hoy: qu\u00e9 pas\u00f3 un 29 de octubre\u00a0"},"content":{"rendered":"<div><!-- Body --><\/p>\n<p>En las <b>efem\u00e9rides del 29 de octubre<\/b> sobresalen estos hechos que ocurrieron un d\u00eda como hoy en la Argentina y el mundo:<\/p>\n<h2>1787. El estreno de <i>Don Giovanni<\/i><\/h2>\n<p><b><a href=\"https:\/\/www.pagina12.com.ar\/diario\/suplementos\/las12\/13-1168-2004-04-30.html\">Estreno de <i>Don Giovanni <\/i>de Mozart en Praga<\/a><\/b>. La pol\u00e9mica con la aristocracia vienesa por la burla a la clase alta en <i>Las bodas de F\u00edgaro<\/i> un a\u00f1o antes hace que la \u00f3pera no se estrene en Austria. <b>La leyenda dice que adem\u00e1s de Lorenzo da Ponte, hubo otro libretista, amigo del ex sacerdote, y radicado cerca de Praga en la fecha del estreno: Giacomo Casanova<\/b>. En la historia del libertino, Mozart fue m\u00e1s all\u00e1 que en <i>Las bodas\u2026<\/i>y dos a\u00f1os antes de la Revoluci\u00f3n Francesa puso en escena a Don Giovanni y su criado proclamando: \u00ab\u00a1Viva la libertad!\u00bb<\/p>\n<p><iframe style=\"border: 0px; position: absolute; top: 0px; left: 0px; height: 100%;\" allowfullscreen=\"\" frameborder=\"0\" src=\"https:\/\/www.youtube.com\/embed\/AncqQNf_l1s\"><\/iframe><\/p>\n<h2>1863. Se funda la Cruz Roja Internacional<\/h2>\n<p><b>Henry Dunant funda en Ginebra el Comit\u00e9 Internacional de la Cruz Roja<\/b>, destinado a la asistencia de las v\u00edctimas de las guerras.<b> La Cruz Roja obtuvo el Nobel de la Paz en 1917, 1944 y 1963<\/b>. Antes, Dunant gan\u00f3 la primera edici\u00f3n del premio, en 1901.<\/p>\n<p><iframe style=\"border: 0px; position: absolute; top: 0px; left: 0px; height: 100%;\" allowfullscreen=\"\" frameborder=\"0\" src=\"https:\/\/www.youtube.com\/embed\/mGGcS9Mj70c\"><\/iframe><\/p>\n<h2>1920. Nace Hilda Bernard<\/h2>\n<p><b>En Puerto Deseado <a href=\"https:\/\/www.pagina12.com.ar\/diario\/suplementos\/las12\/13-5640-2010-04-09.html\">nace Hilda Bernard<\/a><\/b>. Tiene m\u00e1s de siete d\u00e9cadas de trayectoria en radio, cine, teatro y televisi\u00f3n. Particip\u00f3 en infinidad de producciones, pero qued\u00f3 ligada a sus papeles en tiras juveniles como <i>Chiquititas<\/i>, <i>Rebelde Way<\/i> y <i>Floricienta<\/i>. M\u00e1s cerca en el tiempo, <a href=\"https:\/\/www.pagina12.com.ar\/297207-con-99-anos-la-reconocida-actriz-hilda-bernard-se-recupero-d\">se contagi\u00f3 de coronavirus y pudo recuperarse<\/a>. Ten\u00eda 101 a\u00f1os al momento de fallecer, el<a href=\"https:\/\/www.pagina12.com.ar\/416433-murio-la-actriz-hilda-bernard\"> 20 de abril de 2022<\/a>.<\/p>\n<p><iframe style=\"border: 0px; position: absolute; top: 0px; left: 0px; height: 100%;\" allowfullscreen=\"\" frameborder=\"0\" src=\"https:\/\/www.youtube.com\/embed\/aXoZHmYIFt8\"><\/iframe><\/p>\n<h2>1930. El nacimiento de Omara Portuondo<\/h2>\n<p><b>Nace <a href=\"https:\/\/www.pagina12.com.ar\/diario\/suplementos\/soy\/1-4001-2015-05-22.html\">Omara Portuondo<\/a><\/b> en La Habana. La cantante cubana es una de las grandes representantes de la m\u00fasica caribe\u00f1a. Obtuvo fama mundial junto a otros artistas de la isla en el documental <b><i><a href=\"https:\/\/www.pagina12.com.ar\/115241-fue-un-proyecto-que-salio-del-corazon\">Buena Vista Social Club<\/a><\/i><\/b>, de Wim Wenders, estrenado en 1999.<\/p>\n<p><iframe style=\"border: 0px; position: absolute; top: 0px; left: 0px; height: 100%;\" allowfullscreen=\"\" frameborder=\"0\" src=\"https:\/\/www.youtube.com\/embed\/7yal8g018Yg\"><\/iframe><\/p>\n<h2>1945. Sartre y el existencialismo<\/h2>\n<p><b>Conferencia de <a href=\"https:\/\/www.pagina12.com.ar\/259658-a-40-anos-de-la-muerte-de-jean-paul-sartre\">Jean-Paul Sartre<\/a><\/b> en Par\u00eds. La ponencia se titula<b> \u201cEl existencialismo es un humanismo\u201d<\/b>. Es el punto de arranque de una de las corrientes filos\u00f3ficas m\u00e1s influyentes del siglo XX.<\/p>\n<p><iframe style=\"border: 0px; position: absolute; top: 0px; left: 0px; height: 100%;\" allowfullscreen=\"\" frameborder=\"0\" src=\"https:\/\/www.youtube.com\/embed\/uqn0_H9bArc\"><\/iframe><\/p>\n<h2>1965. Nace Horacio Rodr\u00edguez Larreta<\/h2>\n<p><b>Nace <a href=\"https:\/\/www.pagina12.com.ar\/369644-horacio-rodriguez-larreta-pide-abrir-y-desregular-la-economi\">Horacio Rodr\u00edguez Larreta<\/a><\/b>. Sobrino nieto del procurador general de la Naci\u00f3n del mismo nombre que firm\u00f3 la acordada con la que la Corte Suprema legitim\u00f3 el primer golpe de Estado, en 1930. Estudio econom\u00eda y se insert\u00f3 en la funci\u00f3n p\u00fablica en el menemismo. Fue el representante del PJ en el triunvirato que dirigi\u00f3 el PAMI a comienzos del gobierno de la Alianza. P<b>as\u00f3 a revistar en el armado pol\u00edtico de Mauricio Macri y fue su compa\u00f1ero de f\u00f3rmula en la Ciudad, en 2003<\/b>. Cuando el presidente de Boca al final lleg\u00f3 a gobernar el distrito, en 2007, fue designado su Jefe de Gabinete y lo acompa\u00f1\u00f3 en ese cargo hasta 2015. Ese a\u00f1o derrot\u00f3 a Gabriela Michetti en la interna y despu\u00e9s <b>se impuso a Mart\u00edn Lousteau <\/b><b><a href=\"https:\/\/www.pagina12.com.ar\/diario\/elpais\/1-277465-2015-07-20.html\">en un apretado ballotage<\/a><\/b>. Cuatro a\u00f1os m\u00e1s tarde, <b><a href=\"https:\/\/www.pagina12.com.ar\/227825-el-unico-festejo-electoral-del-pro\">fue reelecto en primera vuelta<\/a><\/b>, algo que nunca hab\u00eda sucedido desde que la Ciudad logr\u00f3 la autonom\u00eda. En 2023, <a href=\"https:\/\/www.pagina12.com.ar\/579576-con-horacio-rodriguez-larreta-de-espaldas-patricia-bullrich-\">perdi\u00f3 la interna presidencia de Juntos por el Cambio con Patricia Bullrich<\/a>.<\/p>\n<p><iframe style=\"border: 0px; position: absolute; top: 0px; left: 0px; height: 100%;\" allowfullscreen=\"\" frameborder=\"0\" src=\"https:\/\/www.youtube.com\/embed\/YJ_le3CSeBQ\"><\/iframe><\/p>\n<h2>1981. Adi\u00f3s a Georges Brassens<\/h2>\n<p><b><a href=\"https:\/\/www.pagina12.com.ar\/diario\/suplementos\/radar\/9-2239-2005-05-15.html\">En las afueras de Montpellier muere Georges Brassens<\/a><\/b>. El cantautor franc\u00e9s hab\u00eda cumplido 60 a\u00f1os una semana antes. Heredero de la tradici\u00f3n juglaresca, Brassens fue uno de los principales representantes de la m\u00fasica popular. <b>Sus temas tuvieron versiones en castellano, entre otros, por Paco Ib\u00e1\u00f1ez y Jorge Schussheim<\/b>.<\/p>\n<p><iframe style=\"border: 0px; position: absolute; top: 0px; left: 0px; height: 100%;\" allowfullscreen=\"\" frameborder=\"0\" src=\"https:\/\/www.youtube.com\/embed\/L9oEcWFjF3M\"><\/iframe><\/p>\n<h2>2012. Muere Albano Harguindeguy<\/h2>\n<p><b>A los 85 a\u00f1os fallece un nombre emblem\u00e1tico del terrorismo de Estado: <a href=\"https:\/\/www.pagina12.com.ar\/diario\/elpais\/1-206696-2012-10-30.html\">el general Albano Harguindeguy<\/a><\/b>. Fue ministro del Interior durante la dictadura de Videla, entre 1976 y 1981. <b>El indulto de 1989 que dict\u00f3 Carlos Menem lo benefici\u00f3 cuando estaba procesado con prisi\u00f3n preventiva por el secuestro de los empresarios Federico y Miguel Gutheim, ocurrido en 1977<\/b>. La anulaci\u00f3n de los indultos en 2007 hizo que volviera a ser procesado por diversas causas y que se le impusiera prisi\u00f3n preventiva, situaci\u00f3n en la que se hallaba al momento de su muerte.<\/p>\n<p><iframe style=\"border: 0px; position: absolute; top: 0px; left: 0px; height: 100%;\" allowfullscreen=\"\" frameborder=\"0\" src=\"https:\/\/www.youtube.com\/embed\/iSCYVUXGRUc\"><\/iframe><\/p>\n<p>Adem\u00e1s, es el <b>D\u00eda Mundial de la Psoriasis<\/b>, el <b>D\u00eda Mundial del Ictus <\/b>y el <b>D\u00eda Internacional de la Prevenci\u00f3n del Lavado de Dinero<\/b>.<\/p>\n<p><!-- Live Blog Post --><\/div>\n<p><a href=\"https:\/\/www.pagina12.com.ar\/778373-efemerides-de-hoy-que-paso-un-29-de-octubre\">source<\/a><\/p>\n","protected":false},"excerpt":{"rendered":"<p>En las efem\u00e9rides del 29 de octubre sobresalen estos hechos que ocurrieron un d\u00eda como&#8230;<\/p>\n","protected":false},"author":0,"featured_media":195701,"comment_status":"open","ping_status":"open","sticky":false,"template":"","format":"standard","meta":{"footnotes":""},"categories":[7],"tags":[],"class_list":["post-195700","post","type-post","status-publish","format-standard","has-post-thumbnail","hentry","category-sociedad"],"featured_image_urls":{"full":["https:\/\/radiofenix.com.ar\/2023\/wp-content\/uploads\/wp-header-logo.png",0,0,false],"thumbnail":["https:\/\/radiofenix.com.ar\/2023\/wp-content\/uploads\/wp-header-logo.png",1,1,false],"medium":["https:\/\/radiofenix.com.ar\/2023\/wp-content\/uploads\/wp-header-logo.png",1,1,false],"medium_large":["https:\/\/radiofenix.com.ar\/2023\/wp-content\/uploads\/wp-header-logo.png",1,1,false],"large":["https:\/\/radiofenix.com.ar\/2023\/wp-content\/uploads\/wp-header-logo.png",1,1,false],"1536x1536":["https:\/\/radiofenix.com.ar\/2023\/wp-content\/uploads\/wp-header-logo.png",1,1,false],"2048x2048":["https:\/\/radiofenix.com.ar\/2023\/wp-content\/uploads\/wp-header-logo.png",1,1,false],"newsium-slider-full":["https:\/\/radiofenix.com.ar\/2023\/wp-content\/uploads\/wp-header-logo.png",1,1,false],"newsium-featured":["https:\/\/radiofenix.com.ar\/2023\/wp-content\/uploads\/wp-header-logo.png",1,1,false],"newsium-medium":["https:\/\/radiofenix.com.ar\/2023\/wp-content\/uploads\/wp-header-logo.png",1,1,false]},"author_info":{"info":[""]},"category_info":"<a href=\"https:\/\/radiofenix.com.ar\/2023\/category\/sociedad\/\" rel=\"category tag\">Sociedad<\/a>","tag_info":"Sociedad","comment_count":"0","_links":{"self":[{"href":"https:\/\/radiofenix.com.ar\/2023\/wp-json\/wp\/v2\/posts\/195700","targetHints":{"allow":["GET"]}}],"collection":[{"href":"https:\/\/radiofenix.com.ar\/2023\/wp-json\/wp\/v2\/posts"}],"about":[{"href":"https:\/\/radiofenix.com.ar\/2023\/wp-json\/wp\/v2\/types\/post"}],"replies":[{"embeddable":true,"href":"https:\/\/radiofenix.com.ar\/2023\/wp-json\/wp\/v2\/comments?post=195700"}],"version-history":[{"count":0,"href":"https:\/\/radiofenix.com.ar\/2023\/wp-json\/wp\/v2\/posts\/195700\/revisions"}],"wp:featuredmedia":[{"embeddable":true,"href":"https:\/\/radiofenix.com.ar\/2023\/wp-json\/wp\/v2\/media\/195701"}],"wp:attachment":[{"href":"https:\/\/radiofenix.com.ar\/2023\/wp-json\/wp\/v2\/media?parent=195700"}],"wp:term":[{"taxonomy":"category","embeddable":true,"href":"https:\/\/radiofenix.com.ar\/2023\/wp-json\/wp\/v2\/categories?post=195700"},{"taxonomy":"post_tag","embeddable":true,"href":"https:\/\/radiofenix.com.ar\/2023\/wp-json\/wp\/v2\/tags?post=195700"}],"curies":[{"name":"wp","href":"https:\/\/api.w.org\/{rel}","templated":true}]}}