{"id":195718,"date":"2024-10-29T23:56:49","date_gmt":"2024-10-29T23:56:49","guid":{"rendered":"https:\/\/radiofenix.com.ar\/2023\/andres-cedron-se-esta-desarrollando-un-nuevo-saqueo-en-la-argentina\/"},"modified":"2024-10-29T23:56:49","modified_gmt":"2024-10-29T23:56:49","slug":"andres-cedron-se-esta-desarrollando-un-nuevo-saqueo-en-la-argentina","status":"publish","type":"post","link":"https:\/\/radiofenix.com.ar\/2023\/andres-cedron-se-esta-desarrollando-un-nuevo-saqueo-en-la-argentina\/","title":{"rendered":"Andr\u00e9s Cedr\u00f3n: &quot;Se est\u00e1 desarrollando un nuevo saqueo en la Argentina&quot;"},"content":{"rendered":"<div><!-- Body --><\/p>\n<p>El nuevo documental de <b>Andr\u00e9s Cedr\u00f3n, <i>Cuellos blancos, el caso Vicentin<\/i><\/b>, revela la trama de delitos financieros ejecutados por el poder econ\u00f3mico con la complicidad del poder pol\u00edtico y judicial, que dej\u00f3 al borde de la quiebra a una de las empresas nacionales m\u00e1s importantes del pa\u00eds. Se traza la trayectoria de Vicentin como un reflejo de la historia pol\u00edtica y econ\u00f3mica reciente de la Argentina. El film muestra por primera vez los puertos privados del complejo oleaginoso de la Provincia de Santa Fe que comercializan entre el 45 y el 50 % de las exportaciones totales del pa\u00eds, donde s\u00f3lo diez empresas concentran el 90% de las exportaciones del sector. Tambi\u00e9n explica el modo en que <b>la empresa cambia su matriz productiva inicial por la especulaci\u00f3n financiera y la diversificaci\u00f3n de negocios<\/b>, a tono con las pol\u00edticas neoliberales de la \u00e9poca. El documental podr\u00e1 verse este mi\u00e9rcoles y todos los mi\u00e9rcoles de noviembre (excepto el 6) a las 19 en el <b>Centro Cultural de la Cooperaci\u00f3n<\/b> (Corrientes 1543). <\/p>\n<p>\u00abLa pel\u00edcula naci\u00f3 con un inter\u00e9s por lo que sucede en el R\u00edo Paran\u00e1, el comercio exterior, las dificultades que tiene la Argentina en cuanto a la generaci\u00f3n de divisas, que es un tema que preocupa con crecimiento econ\u00f3mico o con crisis\u00bb, se\u00f1ala Cedr\u00f3n en la entrevista con <b>P\u00e1gina\/12<\/b>. \u00abSiempre se habla de las dificultades que eso genera en la balanza comercial. Y la pobreza, esa dualidad entre grandes generadores de riqueza, de recursos naturales, de granos, de alimentos y una  importante poblaci\u00f3n por debajo de la l\u00ednea de pobreza\u00bb, cuenta el cineasta, <b>sobrino del recordado Jorge \u00abTigre\u00bb Cedr\u00f3n, el director que adapt\u00f3 a la pantalla grande la obra cumbre de Rodolfo Walsh, <i>Operaci\u00f3n Masacre<\/i><\/b>. \u00abAh\u00ed aparece el caso Vicentin en diciembre de 2019, pocos d\u00edas antes de que asumiera Alberto Fern\u00e1ndez. La empresa se declar\u00f3 en estr\u00e9s financiero. Eso fue el 5 de diciembre. El 10 de diciembre, Alberto Fern\u00e1ndez asum\u00eda con dos temas muy importantes en su plataforma electoral: la soberan\u00eda alimentaria y la reforma judicial. Esos dos temas tambi\u00e9n son importantes a la hora de hablar de Vicentin\u00bb, plantea Cedr\u00f3n.      <\/p>\n<p><b>-\u00bfCrees que el anuncio de la intervenci\u00f3n y expropiaci\u00f3n y la posterior marcha atr\u00e1s fue el primer error estrat\u00e9gico de la presidencia de Alberto Fern\u00e1ndez?<\/b><\/p>\n<p>-S\u00ed, yo creo que s\u00ed. El primer error estrat\u00e9gico por c\u00f3mo se anunci\u00f3 y por c\u00f3mo se llev\u00f3 a cabo. Y posteriormente, dar marcha atr\u00e1s frente a la presi\u00f3n del poder econ\u00f3mico y a las movilizaciones de cierta parte de la sociedad que hizo que \u00e9l retrocediera en su decisi\u00f3n. Mostr\u00f3 una actitud que iba a tener a partir de ah\u00ed constantemente en su gobierno. Demostr\u00f3 c\u00f3mo ante la primera presi\u00f3n del poder econ\u00f3mico iba a seguir tomando esa actitud de recular en decisiones importantes para los intereses del pueblo.  <\/p>\n<p><b>-\u00bfQu\u00e9 explicaci\u00f3n encontr\u00e1s a las marchas que hubo en defensa de una industria con due\u00f1os privados y con gente flameando la bandera argentina? \u00bfCrees que solo se trat\u00f3 de desinformaci\u00f3n o encontr\u00e1s otros componentes para entender esa actitud?<\/b><\/p>\n<p>-Bueno, ese fue el gran desaf\u00edo de la pel\u00edcula: no se\u00f1alar a esas personas, sino tratar de entenderlas, de por qu\u00e9 salieron a defender, evidentemente sin toda la informaci\u00f3n, pero tambi\u00e9n tratando de comprender qu\u00e9 identificaci\u00f3n hay con respecto al poder econ\u00f3mico, con respecto a empresarios que se muestran exitosos, famosos, buenas personas. Tanto que el presidente Milei hoy lo afirma como benefactores sociales , h\u00e9roes. En los dichos de Milei tambi\u00e9n se refleja algo que en la sociedad toda se vive. Esa identificaci\u00f3n es a trav\u00e9s de los a\u00f1os y a trav\u00e9s de una cultura que se fue fomentando. Nosotros encontramos en el t\u00e9rmino \u00abcuellos blancos\u00bb de un soci\u00f3logo estadounidense, Edwin Sutherland, que estudi\u00f3 en 1930, despu\u00e9s del crack financiero, lo que sucedi\u00f3 en la sociedad de Estados Unidos y que le vali\u00f3, por ejemplo, estar  en las listas negras de aquellos a\u00f1os. Esa identificaci\u00f3n que vive la sociedad, casi en general, fue una construcci\u00f3n cultural, que tambi\u00e9n la abordamos a trav\u00e9s del t\u00e9rmino \u00ablazos sociales\u00bb del compa\u00f1ero y amigo Juan Pegoraro, que cuenta c\u00f3mo a trav\u00e9s de los lazos sociales, el poder econ\u00f3mico, los empresarios permiten esa impunidad, las relaciones con el poder Judicial y el poder pol\u00edtico.    <\/p>\n<p><b>-\u00bfC\u00f3mo fue el trabajo de reconstrucci\u00f3n de los hechos con el que desenroll\u00e1s la trama de delitos financieros en torno al caso Vicentin?<\/b><\/p>\n<p>-Nosotros nos basamos en el concurso de acreedores, en el expediente a trav\u00e9s de los veedores que, por ejemplo,  puso la Federaci\u00f3n de Aceiteros, y la investigaci\u00f3n que desarroll\u00f3 la Fiscal\u00eda de Delitos Econ\u00f3micos de Rosario, a cargo del fiscal Miguel Moreno. A trav\u00e9s de esos dos expedientes e investigaciones, se permite un desarrollo con informaci\u00f3n. Tratamos de evitar la opini\u00f3n, en primer t\u00e9rmino. Tratamos de que se pueda desarrollar la informaci\u00f3n y que el espectador entienda cuestiones que, a primera vista, parecen muy complicadas, pero que en el documental se hace un esfuerzo de una narraci\u00f3n did\u00e1ctica para que se logre entender lo fundamental: que <b>se est\u00e1 desarrollando un nuevo saqueo en  la Argentina<\/b>. <\/p>\n<p><b>-\u00bfC\u00f3mo fue el trabajo de llevar esta profunda investigaci\u00f3n con muchos datos al lenguaje audiovisual?<\/b><\/p>\n<p>-En todo momento trat\u00e9 de ponerme en el lugar del espectador y pens\u00e9 cu\u00e1les pod\u00edan ser las dificultades para narrarla. Utilic\u00e9 algunas herramientas y recursos como la animaci\u00f3n, entrevistas de material de archivo animado tambi\u00e9n. Y planos de dron que tambi\u00e9n demuestran por primera vez la dimensi\u00f3n que tienen esas plantas, esos puertos privados de las grandes empresas agroexportadoras. Fue un trabajo importante de relevamiento, pero tambi\u00e9n de montaje para que tuviera una narraci\u00f3n que juguetea con el g\u00e9nero de intriga, pero que tiene con la m\u00fasica y con la est\u00e9tica una representaci\u00f3n muy argentina, un estilo y una narraci\u00f3n muy vinculada a nuestro pa\u00eds. <b>Retoma las l\u00edneas de Fernando \u00abPino\u00bb Solanas y de David \u00abCoco\u00bb Blaustein, y por eso tambi\u00e9n est\u00e1 dedicada a ellos.  <\/b><\/p>\n<p><b>-\u00bfPensaste en entrevistar al directorio de Vicentin?<\/b><\/p>\n<p>-Intentamos en primera instancia. Tratamos de contactarnos con el directorio por tel\u00e9fono, por mail y hasta cuando fui a Avellaneda (Santa Fe) a filmar las plantas me present\u00e9 en la puerta de la empresa y no tuve respuesta. En ninguna instancia obtuve respuesta. Eso hizo cambiar un poco la primera idea, pero me parece que finalmente se contraponen los datos y la informaci\u00f3n que damos a trav\u00e9s de distintos especialistas que tienen diversos matices dentro del campo nacional y popular con los medios de comunicaci\u00f3n. Se narra y se cuenta a trav\u00e9s de los medios hegem\u00f3nicos.\u00a0\u00a0<\/p>\n<p><!-- Live Blog Post --><\/div>\n<p><a href=\"https:\/\/www.pagina12.com.ar\/778538-andres-cedron-se-esta-desarrollando-un-nuevo-saqueo-en-la-ar\">source<\/a><\/p>\n","protected":false},"excerpt":{"rendered":"<p>El nuevo documental de Andr\u00e9s Cedr\u00f3n, Cuellos blancos, el caso Vicentin, revela la trama de&#8230;<\/p>\n","protected":false},"author":0,"featured_media":195719,"comment_status":"open","ping_status":"open","sticky":false,"template":"","format":"standard","meta":{"footnotes":""},"categories":[4],"tags":[],"class_list":["post-195718","post","type-post","status-publish","format-standard","has-post-thumbnail","hentry","category-espectaculos"],"featured_image_urls":{"full":["https:\/\/radiofenix.com.ar\/2023\/wp-content\/uploads\/wp-header-logo.png",0,0,false],"thumbnail":["https:\/\/radiofenix.com.ar\/2023\/wp-content\/uploads\/wp-header-logo.png",1,1,false],"medium":["https:\/\/radiofenix.com.ar\/2023\/wp-content\/uploads\/wp-header-logo.png",1,1,false],"medium_large":["https:\/\/radiofenix.com.ar\/2023\/wp-content\/uploads\/wp-header-logo.png",1,1,false],"large":["https:\/\/radiofenix.com.ar\/2023\/wp-content\/uploads\/wp-header-logo.png",1,1,false],"1536x1536":["https:\/\/radiofenix.com.ar\/2023\/wp-content\/uploads\/wp-header-logo.png",1,1,false],"2048x2048":["https:\/\/radiofenix.com.ar\/2023\/wp-content\/uploads\/wp-header-logo.png",1,1,false],"newsium-slider-full":["https:\/\/radiofenix.com.ar\/2023\/wp-content\/uploads\/wp-header-logo.png",1,1,false],"newsium-featured":["https:\/\/radiofenix.com.ar\/2023\/wp-content\/uploads\/wp-header-logo.png",1,1,false],"newsium-medium":["https:\/\/radiofenix.com.ar\/2023\/wp-content\/uploads\/wp-header-logo.png",1,1,false]},"author_info":{"info":[""]},"category_info":"<a href=\"https:\/\/radiofenix.com.ar\/2023\/category\/espectaculos\/\" rel=\"category tag\">Espectaculos<\/a>","tag_info":"Espectaculos","comment_count":"0","_links":{"self":[{"href":"https:\/\/radiofenix.com.ar\/2023\/wp-json\/wp\/v2\/posts\/195718","targetHints":{"allow":["GET"]}}],"collection":[{"href":"https:\/\/radiofenix.com.ar\/2023\/wp-json\/wp\/v2\/posts"}],"about":[{"href":"https:\/\/radiofenix.com.ar\/2023\/wp-json\/wp\/v2\/types\/post"}],"replies":[{"embeddable":true,"href":"https:\/\/radiofenix.com.ar\/2023\/wp-json\/wp\/v2\/comments?post=195718"}],"version-history":[{"count":0,"href":"https:\/\/radiofenix.com.ar\/2023\/wp-json\/wp\/v2\/posts\/195718\/revisions"}],"wp:featuredmedia":[{"embeddable":true,"href":"https:\/\/radiofenix.com.ar\/2023\/wp-json\/wp\/v2\/media\/195719"}],"wp:attachment":[{"href":"https:\/\/radiofenix.com.ar\/2023\/wp-json\/wp\/v2\/media?parent=195718"}],"wp:term":[{"taxonomy":"category","embeddable":true,"href":"https:\/\/radiofenix.com.ar\/2023\/wp-json\/wp\/v2\/categories?post=195718"},{"taxonomy":"post_tag","embeddable":true,"href":"https:\/\/radiofenix.com.ar\/2023\/wp-json\/wp\/v2\/tags?post=195718"}],"curies":[{"name":"wp","href":"https:\/\/api.w.org\/{rel}","templated":true}]}}