{"id":195720,"date":"2024-10-30T03:45:55","date_gmt":"2024-10-30T03:45:55","guid":{"rendered":"https:\/\/radiofenix.com.ar\/2023\/la-economia-no-se-mueve-porque-no-consume-energia\/"},"modified":"2024-10-30T03:45:55","modified_gmt":"2024-10-30T03:45:55","slug":"la-economia-no-se-mueve-porque-no-consume-energia","status":"publish","type":"post","link":"https:\/\/radiofenix.com.ar\/2023\/la-economia-no-se-mueve-porque-no-consume-energia\/","title":{"rendered":"La econom\u00eda no se mueve porque no consume energ\u00eda"},"content":{"rendered":"<p>A\u00fan con temperaturas m\u00e1s altas, el consumo cay\u00f3 6,6 por interanual y casi 16 puntos contra agosto. Por los tarifazos que no frenar, el gasto hogare\u00f1o en luz se contrajo 11 por ciento; en los comercios baj\u00f3 5,1 por ciento y en las industrias un 1 por ciento.\u00a0<br \/><a href=\"https:\/\/www.pagina12.com.ar\/778542-la-economia-no-se-mueve-porque-no-consume-energia\">source<\/a><\/p>\n","protected":false},"excerpt":{"rendered":"<p>A\u00fan con temperaturas m\u00e1s altas, el consumo cay\u00f3 6,6 por interanual y casi 16 puntos&#8230;<\/p>\n","protected":false},"author":0,"featured_media":195721,"comment_status":"open","ping_status":"open","sticky":false,"template":"","format":"standard","meta":{"footnotes":""},"categories":[5],"tags":[],"class_list":["post-195720","post","type-post","status-publish","format-standard","has-post-thumbnail","hentry","category-economia"],"featured_image_urls":{"full":["https:\/\/radiofenix.com.ar\/2023\/wp-content\/uploads\/wp-header-logo.png",0,0,false],"thumbnail":["https:\/\/radiofenix.com.ar\/2023\/wp-content\/uploads\/wp-header-logo.png",1,1,false],"medium":["https:\/\/radiofenix.com.ar\/2023\/wp-content\/uploads\/wp-header-logo.png",1,1,false],"medium_large":["https:\/\/radiofenix.com.ar\/2023\/wp-content\/uploads\/wp-header-logo.png",1,1,false],"large":["https:\/\/radiofenix.com.ar\/2023\/wp-content\/uploads\/wp-header-logo.png",1,1,false],"1536x1536":["https:\/\/radiofenix.com.ar\/2023\/wp-content\/uploads\/wp-header-logo.png",1,1,false],"2048x2048":["https:\/\/radiofenix.com.ar\/2023\/wp-content\/uploads\/wp-header-logo.png",1,1,false],"newsium-slider-full":["https:\/\/radiofenix.com.ar\/2023\/wp-content\/uploads\/wp-header-logo.png",1,1,false],"newsium-featured":["https:\/\/radiofenix.com.ar\/2023\/wp-content\/uploads\/wp-header-logo.png",1,1,false],"newsium-medium":["https:\/\/radiofenix.com.ar\/2023\/wp-content\/uploads\/wp-header-logo.png",1,1,false]},"author_info":{"info":[""]},"category_info":"<a href=\"https:\/\/radiofenix.com.ar\/2023\/category\/economia\/\" rel=\"category tag\">Economia<\/a>","tag_info":"Economia","comment_count":"0","_links":{"self":[{"href":"https:\/\/radiofenix.com.ar\/2023\/wp-json\/wp\/v2\/posts\/195720","targetHints":{"allow":["GET"]}}],"collection":[{"href":"https:\/\/radiofenix.com.ar\/2023\/wp-json\/wp\/v2\/posts"}],"about":[{"href":"https:\/\/radiofenix.com.ar\/2023\/wp-json\/wp\/v2\/types\/post"}],"replies":[{"embeddable":true,"href":"https:\/\/radiofenix.com.ar\/2023\/wp-json\/wp\/v2\/comments?post=195720"}],"version-history":[{"count":0,"href":"https:\/\/radiofenix.com.ar\/2023\/wp-json\/wp\/v2\/posts\/195720\/revisions"}],"wp:featuredmedia":[{"embeddable":true,"href":"https:\/\/radiofenix.com.ar\/2023\/wp-json\/wp\/v2\/media\/195721"}],"wp:attachment":[{"href":"https:\/\/radiofenix.com.ar\/2023\/wp-json\/wp\/v2\/media?parent=195720"}],"wp:term":[{"taxonomy":"category","embeddable":true,"href":"https:\/\/radiofenix.com.ar\/2023\/wp-json\/wp\/v2\/categories?post=195720"},{"taxonomy":"post_tag","embeddable":true,"href":"https:\/\/radiofenix.com.ar\/2023\/wp-json\/wp\/v2\/tags?post=195720"}],"curies":[{"name":"wp","href":"https:\/\/api.w.org\/{rel}","templated":true}]}}