{"id":195734,"date":"2024-10-30T08:57:15","date_gmt":"2024-10-30T08:57:15","guid":{"rendered":"https:\/\/radiofenix.com.ar\/2023\/the-washington-post-pierde-mas-de-200-mil-suscriptores-tras-el-veto-de-bezos-a-respaldar-a-harris\/"},"modified":"2024-10-30T08:57:15","modified_gmt":"2024-10-30T08:57:15","slug":"the-washington-post-pierde-mas-de-200-mil-suscriptores-tras-el-veto-de-bezos-a-respaldar-a-harris","status":"publish","type":"post","link":"https:\/\/radiofenix.com.ar\/2023\/the-washington-post-pierde-mas-de-200-mil-suscriptores-tras-el-veto-de-bezos-a-respaldar-a-harris\/","title":{"rendered":"&quot;The Washington Post&quot; pierde m\u00e1s de 200 mil suscriptores tras el veto de Bezos a respaldar a Harris"},"content":{"rendered":"<div><!-- Body --><\/p>\n<p>Luego de<a href=\"https:\/\/www.pagina12.com.ar\/777716-el-washington-post-no-apoya-a-ningun-candidato-en-las-elecci\"><b> anunciar que no<\/b><\/a><b>\u00a0respalda<\/b>\u00a0la campa\u00f1a de <a href=\"https:\/\/www.pagina12.com.ar\/tags\/31410-kamala-harris\"><b>Kamala Harris<\/b><\/a><b> bajo pretexto de imparcialidad<\/b> la semana pasada, el peri\u00f3dico <b><i>The Washington Post<\/i><\/b>, propiedad del multimillonario <a href=\"https:\/\/www.pagina12.com.ar\/tags\/39441-jeff-bezos\"><b>Jeff Bezos,<\/b><\/a> <b>se encuentra en medio de un \u00abterremoto\u00bb interno<\/b> que ha derivado en <b>dos dimisiones<\/b> y m\u00e1s de\u00a0<b>200.000 suscripciones canceladas<\/b>.<\/p>\n<p>La decisi\u00f3n, impulsada por el magnate, <b>va contra la tradici\u00f3n estadounidense en la que los medios de comunicaci\u00f3n respaldan a un candidato presidencial de forma expl\u00edcita<\/b>. Seg\u00fan anunci\u00f3 el pasado viernes <b>William Lewis<\/b>, editor en jefe del <i>Post, <\/i>el diario <b>hab\u00eda decidido mantenerse equidistante<\/b> y no apoyar ni a Harris ni a su rival republicano, el expresidente <b>Donald Trump<\/b>.<\/p>\n<p><b>Seg\u00fan revelaron dos periodistas en un art\u00edculo publicado en el mismo diario<\/b>, el consejo editorial del <i>Post<\/i> <b>ya ten\u00eda redactado su art\u00edculo de respaldo a la aspirante dem\u00f3crata<\/b>, pero <b>fue Jeff Bezos quien orden\u00f3 frenar su publicaci\u00f3n<\/b>.<\/p>\n<p><b>Es la primera vez en d\u00e9cadas que el rotativo de la capital estadounidense no respalda al candidato dem\u00f3crata a las elecciones presidenciales.<\/b><\/p>\n<p>Lewis, en el cargo desde el pasado enero, n<b>eg\u00f3 que Bezos<\/b>, fundador de Amazon y propietario del <i>Post<\/i> desde 2013,<b> tuviera algo que ver con la nueva postura del diario<\/b>. Seg\u00fan justific\u00f3, <b>el objetivo del peri\u00f3dico es dar una mayor imagen de independencia<\/b> y <b>volver a sus or\u00edgenes,<\/b> cuando el <i>Washington Post<\/i> no respaldaba a candidatos.<\/p>\n<h2>Dem\u00f3crata hist\u00f3rico<\/h2>\n<p>El diario, que ha tenido una l\u00ednea editorial muy dura con Trump, <b>apoy\u00f3 a Hillary Clinton en 2016 y a Joe Biden en 2020<\/b>, ambos enfrentados al magnate republicano, y\u00a0<b>sostiene una posici\u00f3n \u00abpro azul\u00bb desde hace casi cincuenta a\u00f1os<\/b>.<\/p>\n<p>El primer aspirante presidencial apoyado por el <i>Post <\/i>fue el dem\u00f3crata <b>Jimmy Carter<\/b> en 1976, <b>tras el esc\u00e1ndalo del Watergate que el diario hab\u00eda destapado<\/b>. Desde entonces, <b>el rotativo ha apoyado regularmente a candidatos azules, a excepci\u00f3n de la campa\u00f1a de 1988, en la que tambi\u00e9n retir\u00f3 su apoyo<\/b>.<\/p>\n<p>El medio ha investigado durante a\u00f1os irregularidades y pol\u00e9micas de Trump y de su entorno, y ha sido muy cr\u00edtic\u00f3 con la ret\u00f3rica del republicano y su negativa a aceptar la derrota electoral de 2020.<\/p>\n<p>Durante el mandato de Trump, <b>Amazon<\/b>, la principal compa\u00f1\u00eda de Bezos, <b>perdi\u00f3 un contrato multimillonario con el Pent\u00e1gono<\/b> y demand\u00f3 a Trump por haber usado \u00abpresi\u00f3n indebida\u00bb para da\u00f1ar a su due\u00f1o. <b>Los cr\u00edticos con la decisi\u00f3n del diario creen que el multimillonario quiere prevenir enfrentamientos con un posible segundo mandato del republicano.<\/b><\/p>\n<h2>Consecuencias inmediatas<\/h2>\n<p>El primero en dimitir por la decisi\u00f3n fue el editor <b>Robert Kagan<\/b>, <b>quien calific\u00f3 el cambio de postura como un \u00abcapitulaci\u00f3n prematura\u00bb ante Trump<\/b>, y le sigui\u00f3 este domingo la veterana columnista <b>Michele Norris<\/b>, quien lo consider\u00f3 un \u00abterrible error\u00bb y un \u00abinsulto a los est\u00e1ndares del peri\u00f3dico\u00bb.<\/p>\n<p><b>Otros 18 columnistas firmaron un art\u00edculo en el que expresaron su desacuerdo<\/b> porque el anuncio \u00abrepresenta un abandono a las convicciones del diario\u00bb.<\/p>\n<p>El prestigioso periodista <b>Marty Baron<\/b>, quien dirigi\u00f3 el <i>Post<\/i> cuando Trump estaba en la Casa Blanca, <b>tambi\u00e9n reaccion\u00f3 indignado <\/b>asegurando que se trata de \u00abun acto de cobard\u00eda cuya v\u00edctima ser\u00e1 la democracia\u00bb.<\/p>\n<p>\u00abDonald Trump ver\u00e1 esto como una invitaci\u00f3n a intimidar todav\u00eda m\u00e1s al propietario, Jeff Bezos, y a otros. Es preocupante la falta de car\u00e1cter de una instituci\u00f3n famosa por su valent\u00eda\u00bb, declar\u00f3.<\/p>\n<p>La decepci\u00f3n ha llegado tambi\u00e9n a los lectores: <b>m\u00e1s de 200.000 personas han cancelado sus suscripciones digitales<\/b>, lo que representa<b> el 8 % del total<\/b>, seg\u00fan inform\u00f3 la radio <i>NPR<\/i>.<\/p>\n<p>Esta ola de cancelaciones inquieta a los trabajadores del diario, incluidos aquellos que se oponen a la decisi\u00f3n de Bezos.<\/p>\n<p>\u00abLos reporteros del <i>Post<\/i> no participamos de esa decisi\u00f3n, pero cuando cancelas la suscripci\u00f3n nos da\u00f1as a nosotros, no al propietario\u00bb, advirti\u00f3 la periodista <b>Caroline Kitchener<\/b> tras revelar que<b> su madre se dio de baja del peri\u00f3dico<\/b>.<\/p>\n<p><b>David Maraniss<\/b>, un veterano editor del diario, dijo que el viernes pasado fue el \u00abd\u00eda m\u00e1s sombr\u00edo\u00bb de su carrera, pero rompi\u00f3 una lanza en favor de los periodistas de la redacci\u00f3n: \u00abHan hecho much\u00edsimo m\u00e1s que Facebook o que X para descubrir y poner luz sobre las amenazas a la democracia, y continuar\u00e1n haci\u00e9ndolo a pesar de la cobard\u00eda del propietario y del editor\u00bb.<\/p>\n<p>Una pol\u00e9mica similar ha azotado al diario <i>Los \u00c1ngeles Times<\/i>, donde la jefa del Consejo Editorial, <b>Mariel Garza<\/b>,<b> renunci\u00f3 a su carg<\/b>o en protesta porque el due\u00f1o del rotativo, <b>Patrick Soon-Shiong<\/b>, <b>bloque\u00f3 el apoyo del diario a Harris<\/b>.<\/p>\n<h2>En defensa de sus \u00abprincipios\u00bb<\/h2>\n<p>El multimillonario due\u00f1o del <i>Post<\/i>\u00a0<b>defendi\u00f3 su decisi\u00f3n <\/b>alegando que su no respaldo<b>\u00a0a ninguno de los candidatos<\/b> <b>a presidente se debe a sus \u00abprincipios\u00bb. <\/b>As\u00ed lo expres\u00f3\u00a0en una columna de opini\u00f3n publicada el lunes en la que asegur\u00f3 que la mayor\u00eda de los estadounidenses \u00abcree que los medios est\u00e1n parcializados\u00bb, y que <b>la decisi\u00f3n era necesaria frente a las acusaciones de partidismo<\/b>.<\/p>\n<p>En la nota, Bezos sentenci\u00f3 que su decisi\u00f3n <b>es la correcta<\/b>. \u00abLos respaldos a una candidatura no hacen nada para inclinar la balanza en una elecci\u00f3n (&#8230;) sino que crean una percepci\u00f3n de parcialidad\u00bb, indic\u00f3 el empresario, uno de los hombres m\u00e1s ricos del mundo.<\/p>\n<p>En el escrito, <b>Bezos tambi\u00e9n reconoci\u00f3 que el director encargado de Blue Origin<\/b>, una empresa aeroespacial de la que es propietario,<b> se reuni\u00f3 con Trump el mismo d\u00eda en que se conoci\u00f3 que el diario no apoyar\u00eda ninguna candidatura<\/b>.<\/p>\n<p><!-- Live Blog Post --><\/div>\n<p><a href=\"https:\/\/www.pagina12.com.ar\/778549-the-washington-post-pierde-mas-de-200-mil-suscriptores-tras-\">source<\/a><\/p>\n","protected":false},"excerpt":{"rendered":"<p>Luego de anunciar que no\u00a0respalda\u00a0la campa\u00f1a de Kamala Harris bajo pretexto de imparcialidad la semana&#8230;<\/p>\n","protected":false},"author":0,"featured_media":195735,"comment_status":"open","ping_status":"open","sticky":false,"template":"","format":"standard","meta":{"footnotes":""},"categories":[60],"tags":[],"class_list":["post-195734","post","type-post","status-publish","format-standard","has-post-thumbnail","hentry","category-internacional"],"featured_image_urls":{"full":["https:\/\/radiofenix.com.ar\/2023\/wp-content\/uploads\/wp-header-logo.png",0,0,false],"thumbnail":["https:\/\/radiofenix.com.ar\/2023\/wp-content\/uploads\/wp-header-logo.png",1,1,false],"medium":["https:\/\/radiofenix.com.ar\/2023\/wp-content\/uploads\/wp-header-logo.png",1,1,false],"medium_large":["https:\/\/radiofenix.com.ar\/2023\/wp-content\/uploads\/wp-header-logo.png",1,1,false],"large":["https:\/\/radiofenix.com.ar\/2023\/wp-content\/uploads\/wp-header-logo.png",1,1,false],"1536x1536":["https:\/\/radiofenix.com.ar\/2023\/wp-content\/uploads\/wp-header-logo.png",1,1,false],"2048x2048":["https:\/\/radiofenix.com.ar\/2023\/wp-content\/uploads\/wp-header-logo.png",1,1,false],"newsium-slider-full":["https:\/\/radiofenix.com.ar\/2023\/wp-content\/uploads\/wp-header-logo.png",1,1,false],"newsium-featured":["https:\/\/radiofenix.com.ar\/2023\/wp-content\/uploads\/wp-header-logo.png",1,1,false],"newsium-medium":["https:\/\/radiofenix.com.ar\/2023\/wp-content\/uploads\/wp-header-logo.png",1,1,false]},"author_info":{"info":[""]},"category_info":"<a href=\"https:\/\/radiofenix.com.ar\/2023\/category\/internacional\/\" rel=\"category tag\">Internacional<\/a>","tag_info":"Internacional","comment_count":"0","_links":{"self":[{"href":"https:\/\/radiofenix.com.ar\/2023\/wp-json\/wp\/v2\/posts\/195734","targetHints":{"allow":["GET"]}}],"collection":[{"href":"https:\/\/radiofenix.com.ar\/2023\/wp-json\/wp\/v2\/posts"}],"about":[{"href":"https:\/\/radiofenix.com.ar\/2023\/wp-json\/wp\/v2\/types\/post"}],"replies":[{"embeddable":true,"href":"https:\/\/radiofenix.com.ar\/2023\/wp-json\/wp\/v2\/comments?post=195734"}],"version-history":[{"count":0,"href":"https:\/\/radiofenix.com.ar\/2023\/wp-json\/wp\/v2\/posts\/195734\/revisions"}],"wp:featuredmedia":[{"embeddable":true,"href":"https:\/\/radiofenix.com.ar\/2023\/wp-json\/wp\/v2\/media\/195735"}],"wp:attachment":[{"href":"https:\/\/radiofenix.com.ar\/2023\/wp-json\/wp\/v2\/media?parent=195734"}],"wp:term":[{"taxonomy":"category","embeddable":true,"href":"https:\/\/radiofenix.com.ar\/2023\/wp-json\/wp\/v2\/categories?post=195734"},{"taxonomy":"post_tag","embeddable":true,"href":"https:\/\/radiofenix.com.ar\/2023\/wp-json\/wp\/v2\/tags?post=195734"}],"curies":[{"name":"wp","href":"https:\/\/api.w.org\/{rel}","templated":true}]}}