{"id":195736,"date":"2024-10-30T08:57:16","date_gmt":"2024-10-30T08:57:16","guid":{"rendered":"https:\/\/radiofenix.com.ar\/2023\/dictaron-la-conciliacion-obligatoria-por-el-conflicto-en-la-afip\/"},"modified":"2024-10-30T08:57:16","modified_gmt":"2024-10-30T08:57:16","slug":"dictaron-la-conciliacion-obligatoria-por-el-conflicto-en-la-afip","status":"publish","type":"post","link":"https:\/\/radiofenix.com.ar\/2023\/dictaron-la-conciliacion-obligatoria-por-el-conflicto-en-la-afip\/","title":{"rendered":"Dictaron la conciliaci\u00f3n obligatoria por el conflicto en la AFIP"},"content":{"rendered":"<div id=\"\">\n<p>Asimismo, exhort\u00f3 a los sindicatos a <strong>\u201cterminar con las medidas de fuerza que obstaculizan el normal funcionamiento del \u00f3rgano recaudador\u201d, y convoc\u00f3 a las partes a una nueva audiencia<\/strong> para el d\u00eda lunes 4 de noviembre a las 11:00.<\/p>\n<div contenteditable=\"false\" class=\"embed_cont type_imagen\" id=\"7880971-Libre-906394120_wrap\">\n<p> ganancias y bienes personales.jpg <span onclick=\"parent.parent.TinyMCETdcuerpo.preview_embed('7880971-Libre-906394120')\" class=\"embed_colapse less\" id=\"7880971-Libre-906394120_colapse\"\/>  <span onclick=\"parent.parent.TinyMCETdcuerpo.delete_embed('7880971-Libre-906394120')\" class=\"embed_delete less\" id=\"7880971-Libre-906394120_delete\"\/><\/p>\n<div id=\"7880971-Libre-906394120_content\" class=\"embed_content\"><img loading=\"lazy\" decoding=\"async\" src=\"https:\/\/media.minutouno.com\/p\/2958c79a022fbee33d5eb4005771cae8\/adjuntos\/150\/imagenes\/041\/568\/0041568564\/ganancias-y-bienes-personalesjpg.jpg\" alt=\"La AFIP extendi\u00f3 los plazos para la presentaci\u00f3n de declaraciones juradas\" title=\"La AFIP extendi\u00f3 los plazos para la presentaci\u00f3n de declaraciones juradas\" width=\"610\" height=\"343\" id=\"7880971-Libre-906394120_embed\"\/><\/div>\n<div id=\"7880971-Libre-906394120_epigrafe\" class=\"embed_epigrafe\">\n<p> La AFIP extendi\u00f3 los plazos para la presentaci\u00f3n de declaraciones juradas<\/p>\n<\/div><\/div>\n<h2>Disoluci\u00f3n de la AFIP: todos los detalles<\/h2>\n<p><a href=\"https:\/\/www.minutouno.com\/politica\/afip-el-gobierno-anuncio-la-creacion-arca-pero-ya-existe-un-organismo-ese-mismo-nombre-n6072959\" target=\"_blank\" rel=\"follow noopener\">El Gobierno nacional oficializ\u00f3 la disoluci\u00f3n de la Administraci\u00f3n Federal de Ingresos P\u00fablicos (AFIP) <\/a>en medio de las reformas que impulsa el presidente Javier Milei en lo relacionado con la estructura del Estado. <strong>El organismo ser\u00e1 reemplazado por la Agencia Nacional de Recaudaci\u00f3n y Control Aduanero (ARCA).<\/strong><\/p>\n<p>La medida fue publicada esta madrugada en el <strong>Bolet\u00edn Oficial<\/strong>, mediante el <strong>decreto 953\/2024<\/strong>, que establece: \u201cDisu\u00e9lvese la Administraci\u00f3n Federal de Ingresos P\u00fablicos (AFIP), entidad aut\u00e1rquica actuante en la \u00f3rbita del <strong>Ministerio de Econom\u00eda<\/strong>, con los efectos y alcances establecidos en el presente decreto\u201d.<\/p>\n<p>Seg\u00fan el texto oficial, el objetivo es optimizar la gesti\u00f3n de los ingresos p\u00fablicos, mejorar la eficiencia y especializaci\u00f3n en las funciones de recaudaci\u00f3n fiscal y control aduanero, y responder de manera m\u00e1s \u00e1gil a las demandas del sistema tributario y de la seguridad social.<\/p>\n<p>Agrega que esta entidad \u201c<strong>es la continuadora jur\u00eddica y mantendr\u00e1 las responsabilidades, competencias y funciones asignadas por el marco legal vigente a la AFIP hasta la fecha de publicaci\u00f3n de las normas y la Estructura Org\u00e1nica y Funcional<\/strong>\u201d.<\/p>\n<p>Adem\u00e1s, designaron a las autoridades que estar\u00e1n a cargo de la ARCA. Tal como hab\u00edan adelantado, la conducci\u00f3n del organismo continuar\u00e1 en manos de <strong>Florencia Misrahi.<\/strong> Este cargo tiene una duraci\u00f3n de cuatro a\u00f1os y quien ocupe ese lugar puede ser designado en sucesivos per\u00edodos, \u201csiendo un requisito ineludible el previo cumplimento del plan de gesti\u00f3n del mandato anterior\u201d. Fueron nombrados tambi\u00e9n <strong>Andr\u00e9s Edgardo V\u00e1zquez,<\/strong> que estar\u00e1 a cargo de la <strong>Direcci\u00f3n General Impositiva (DGI)<\/strong>; y <strong>Jos\u00e9<\/strong> <strong>Andr\u00e9s Velis<\/strong>, de quien depender\u00e1 la <strong>Aduana.<\/strong><\/p>\n<p>De esta manera se cre\u00f3 formalmente<strong> la ARCA<\/strong>, que estar\u00e1 bajo la \u00f3rbita de<strong> Luis Caputo<\/strong>. Cabe recordar que el gobierno se\u00f1al\u00f3 que este nuevo organismo tendr\u00e1 \u201cuna estructura simplificada, con una reducci\u00f3n de aproximadamente un 45% de las autoridades superiores y un 31% de los niveles inferiores de la estructura actual\u201d.<\/p>\n<p>En el considerando de la norma, el Ejecutivo alega que la AFIP \u201c<strong>se ha sobredimensionado tanto en su estructura organizacional como en la multiplicaci\u00f3n de sectores que no desempe\u00f1an, estrictamente, funciones esenciales<\/strong>\u201d. \u201cLa estructura y funcionamiento de la AFIP han mostrado limitaciones en la capacidad para responder de manera \u00e1gil y eficaz a las demandas del sistema tributario, aduanero y de la seguridad social, afectando la administraci\u00f3n de los recursos p\u00fablicos y el control de las actividades aduaneras\u201d, agrega la norma.<\/p>\n<p>El Gobierno sostiene que la ARCA \u201cpropiciar\u00e1 un aprovechamiento m\u00e1s racional de los recursos humanos y materiales, al permitir la especializaci\u00f3n y capacitaci\u00f3n del personal en sus respectivas \u00e1reas de competencia contribuyendo a mejorar la calidad del r\u00e9gimen impositivo, de la seguridad social y aduanero y fortaleciendo la capacidad de respuesta del Estado ante las demandas sociales y regulatorias que corresponden a cada \u00e1rea\u201d.<\/p>\n<div contenteditable=\"false\" class=\"embed_cont type_freetext\" rel=\"freetext\" id=\"embed97_wrap\">\n<p> Embed <span onclick=\"parent.parent.TinyMCETdcuerpo.preview_embed('embed97')\" class=\"embed_colapse less\" id=\"embed97_colapse\"\/>  <span onclick=\"parent.parent.TinyMCETdcuerpo.delete_embed('embed97')\" class=\"embed_delete less\" id=\"embed97_delete\"\/><\/p>\n<div id=\"embed97_content\" class=\"embed_content\">\n<div id=\"embed97_embed\">\n<figure class=\"figure\"><a href=\"https:\/\/t.me\/minutounocom\" target=\"_blank\" rel=\"noopener\"><img decoding=\"async\" src=\"https:\/\/media.minutouno.com\/adjuntos\/150\/banners\/039\/099\/0039099175.jpg\" class=\"figure-img img-fluid\" style=\"width:100%;height:auto;\"\/><\/a><\/figure>\n<\/div>\n<\/div><\/div>\n<\/div>\n<p><a href=\"https:\/\/www.minutouno.com\/politica\/dictaron-la-conciliacion-obligatoria-el-conflicto-la-afip-n6076076\">source<\/a><\/p>\n","protected":false},"excerpt":{"rendered":"<p>Asimismo, exhort\u00f3 a los sindicatos a \u201cterminar con las medidas de fuerza que obstaculizan el&#8230;<\/p>\n","protected":false},"author":0,"featured_media":195737,"comment_status":"open","ping_status":"open","sticky":false,"template":"","format":"standard","meta":{"footnotes":""},"categories":[2],"tags":[],"class_list":["post-195736","post","type-post","status-publish","format-standard","has-post-thumbnail","hentry","category-politica"],"featured_image_urls":{"full":["https:\/\/radiofenix.com.ar\/2023\/wp-content\/uploads\/wp-header-logo.png",0,0,false],"thumbnail":["https:\/\/radiofenix.com.ar\/2023\/wp-content\/uploads\/wp-header-logo.png",1,1,false],"medium":["https:\/\/radiofenix.com.ar\/2023\/wp-content\/uploads\/wp-header-logo.png",1,1,false],"medium_large":["https:\/\/radiofenix.com.ar\/2023\/wp-content\/uploads\/wp-header-logo.png",1,1,false],"large":["https:\/\/radiofenix.com.ar\/2023\/wp-content\/uploads\/wp-header-logo.png",1,1,false],"1536x1536":["https:\/\/radiofenix.com.ar\/2023\/wp-content\/uploads\/wp-header-logo.png",1,1,false],"2048x2048":["https:\/\/radiofenix.com.ar\/2023\/wp-content\/uploads\/wp-header-logo.png",1,1,false],"newsium-slider-full":["https:\/\/radiofenix.com.ar\/2023\/wp-content\/uploads\/wp-header-logo.png",1,1,false],"newsium-featured":["https:\/\/radiofenix.com.ar\/2023\/wp-content\/uploads\/wp-header-logo.png",1,1,false],"newsium-medium":["https:\/\/radiofenix.com.ar\/2023\/wp-content\/uploads\/wp-header-logo.png",1,1,false]},"author_info":{"info":[""]},"category_info":"<a href=\"https:\/\/radiofenix.com.ar\/2023\/category\/politica\/\" rel=\"category tag\">Pol\u00edtica<\/a>","tag_info":"Pol\u00edtica","comment_count":"0","_links":{"self":[{"href":"https:\/\/radiofenix.com.ar\/2023\/wp-json\/wp\/v2\/posts\/195736","targetHints":{"allow":["GET"]}}],"collection":[{"href":"https:\/\/radiofenix.com.ar\/2023\/wp-json\/wp\/v2\/posts"}],"about":[{"href":"https:\/\/radiofenix.com.ar\/2023\/wp-json\/wp\/v2\/types\/post"}],"replies":[{"embeddable":true,"href":"https:\/\/radiofenix.com.ar\/2023\/wp-json\/wp\/v2\/comments?post=195736"}],"version-history":[{"count":0,"href":"https:\/\/radiofenix.com.ar\/2023\/wp-json\/wp\/v2\/posts\/195736\/revisions"}],"wp:featuredmedia":[{"embeddable":true,"href":"https:\/\/radiofenix.com.ar\/2023\/wp-json\/wp\/v2\/media\/195737"}],"wp:attachment":[{"href":"https:\/\/radiofenix.com.ar\/2023\/wp-json\/wp\/v2\/media?parent=195736"}],"wp:term":[{"taxonomy":"category","embeddable":true,"href":"https:\/\/radiofenix.com.ar\/2023\/wp-json\/wp\/v2\/categories?post=195736"},{"taxonomy":"post_tag","embeddable":true,"href":"https:\/\/radiofenix.com.ar\/2023\/wp-json\/wp\/v2\/tags?post=195736"}],"curies":[{"name":"wp","href":"https:\/\/api.w.org\/{rel}","templated":true}]}}