{"id":195738,"date":"2024-10-31T08:57:13","date_gmt":"2024-10-31T08:57:13","guid":{"rendered":"https:\/\/radiofenix.com.ar\/2023\/aumentan-los-colegios-privados-bonaerenses\/"},"modified":"2024-10-31T08:57:13","modified_gmt":"2024-10-31T08:57:13","slug":"aumentan-los-colegios-privados-bonaerenses","status":"publish","type":"post","link":"https:\/\/radiofenix.com.ar\/2023\/aumentan-los-colegios-privados-bonaerenses\/","title":{"rendered":"Aumentan los colegios privados bonaerenses"},"content":{"rendered":"<div><!-- Body --><\/p>\n<p>Los colegios privados con subvenci\u00f3n estatal de la provincia de Buenos Aires terminar\u00e1n el 2024 con dos nuevos aumentos en las cuotas, que <b>alcanzar\u00e1n el 7,4% y se aplicar\u00e1n en noviembre y diciembre.<\/b><\/p>\n<p>El gobierno bonaerense autoriz\u00f3 un incremento en los aranceles de las instituciones educativas de gesti\u00f3n privada <b>del 3,6% para noviembre y del 3,8% para el \u00faltimo mes del a\u00f1o<\/b>, de acuerdo a lo informado por la Asociaci\u00f3n de Institutos de Ense\u00f1anza Privada de Buenos Aires (Aiepba).<\/p>\n<p>La decisi\u00f3n oficial <b>alcanza a casi 1,3 millones de alumnos<\/b> matriculados en el sistema de ense\u00f1anza privado del territorio bonaerense. En el caso de la Ciudad de Buenos Aires, a\u00fan no se han comunicado modificaciones a los valores vigentes.<\/p>\n<p>Los cambios en el cuadro arancelario responden a los aumentos de los costos salariales que enfrentan los establecimientos de ense\u00f1anza privada, en el marco de las respectivas paritarias del sector, m\u00e1s el encarecimiento de los servicios p\u00fablicos. <b>Anteriormente, las cuotas hab\u00edan trepado un 7% en agosto, 4,5% en septiembre y 4% en octubre. <\/b>\u00abEste a\u00f1o, los establecimientos est\u00e1n afrontando con mucha dificultad los excesivos costos operativos, en especial los derivados de los servicios\u201d, dijo el secretario ejecutivo de Aiepba, Mart\u00edn Zurita<\/p>\n<p>De este modo, las escuelas de educaci\u00f3n inicial y primarias bonaerenses que tienen un 40% de aporte estatal podr\u00e1n cobrar <b>hasta 102.150 pesos en noviembre y 106.040 pesos en diciembre<\/b>. Mientras que las que tienen el 100% del subsidio, pueden cobrar <b>hasta 22.620 pesos en el pen\u00faltimo mes del a\u00f1o y 23.480 pesos en el \u00faltimo.<\/b><\/p>\n<p>En el caso de la secundaria en la provincia de Buenos Aires, <b>el tope arancelario es de 132.730 pesos en el mes entrante y de 137.780 pesos en el siguiente<\/b>, para las instituciones que tienen 40% de subsidio estatal, y <b>de 24.390 pesos en noviembre y 25.880 pesos en diciembre para las que tienen 100% de ayuda estatal.<\/b><\/p>\n<h2><b>Inflaci\u00f3n<\/b><\/h2>\n<p>La suba de las cuotas de los colegios se da en un marco de inflaci\u00f3n desacelerada respecto de los primeros meses del a\u00f1o pero <b>a\u00fan as\u00ed relativamente alta para el tama\u00f1o de la recesi\u00f3n de la econom\u00eda local.<\/b> De acuerdo a la consultora EcoGo, que dirige Marina Dal Poggetto, la inflaci\u00f3n de octubre ser\u00eda del 2,8 por ciento, lo cual indicar\u00eda continuidad en la baja de la din\u00e1mica de precios. <\/p>\n<p>En tanto, para las consultoras Equilibra y Analytica, el dato ser\u00eda de entre el 3,1% y el 3,2% respectivamente. El dato oficial de inflaci\u00f3n que publica el Indec respecto de octubre se dar\u00e1 a conocer el martes 12 de noviembre.<\/p>\n<p><!-- Live Blog Post --><\/div>\n<p><a href=\"https:\/\/www.pagina12.com.ar\/779005-aumentan-los-colegios-privados-bonaerenses\">source<\/a><\/p>\n","protected":false},"excerpt":{"rendered":"<p>Los colegios privados con subvenci\u00f3n estatal de la provincia de Buenos Aires terminar\u00e1n el 2024&#8230;<\/p>\n","protected":false},"author":0,"featured_media":195739,"comment_status":"open","ping_status":"open","sticky":false,"template":"","format":"standard","meta":{"footnotes":""},"categories":[5],"tags":[],"class_list":["post-195738","post","type-post","status-publish","format-standard","has-post-thumbnail","hentry","category-economia"],"featured_image_urls":{"full":["https:\/\/radiofenix.com.ar\/2023\/wp-content\/uploads\/wp-header-logo.png",0,0,false],"thumbnail":["https:\/\/radiofenix.com.ar\/2023\/wp-content\/uploads\/wp-header-logo.png",1,1,false],"medium":["https:\/\/radiofenix.com.ar\/2023\/wp-content\/uploads\/wp-header-logo.png",1,1,false],"medium_large":["https:\/\/radiofenix.com.ar\/2023\/wp-content\/uploads\/wp-header-logo.png",1,1,false],"large":["https:\/\/radiofenix.com.ar\/2023\/wp-content\/uploads\/wp-header-logo.png",1,1,false],"1536x1536":["https:\/\/radiofenix.com.ar\/2023\/wp-content\/uploads\/wp-header-logo.png",1,1,false],"2048x2048":["https:\/\/radiofenix.com.ar\/2023\/wp-content\/uploads\/wp-header-logo.png",1,1,false],"newsium-slider-full":["https:\/\/radiofenix.com.ar\/2023\/wp-content\/uploads\/wp-header-logo.png",1,1,false],"newsium-featured":["https:\/\/radiofenix.com.ar\/2023\/wp-content\/uploads\/wp-header-logo.png",1,1,false],"newsium-medium":["https:\/\/radiofenix.com.ar\/2023\/wp-content\/uploads\/wp-header-logo.png",1,1,false]},"author_info":{"info":[""]},"category_info":"<a href=\"https:\/\/radiofenix.com.ar\/2023\/category\/economia\/\" rel=\"category tag\">Economia<\/a>","tag_info":"Economia","comment_count":"0","_links":{"self":[{"href":"https:\/\/radiofenix.com.ar\/2023\/wp-json\/wp\/v2\/posts\/195738","targetHints":{"allow":["GET"]}}],"collection":[{"href":"https:\/\/radiofenix.com.ar\/2023\/wp-json\/wp\/v2\/posts"}],"about":[{"href":"https:\/\/radiofenix.com.ar\/2023\/wp-json\/wp\/v2\/types\/post"}],"replies":[{"embeddable":true,"href":"https:\/\/radiofenix.com.ar\/2023\/wp-json\/wp\/v2\/comments?post=195738"}],"version-history":[{"count":0,"href":"https:\/\/radiofenix.com.ar\/2023\/wp-json\/wp\/v2\/posts\/195738\/revisions"}],"wp:featuredmedia":[{"embeddable":true,"href":"https:\/\/radiofenix.com.ar\/2023\/wp-json\/wp\/v2\/media\/195739"}],"wp:attachment":[{"href":"https:\/\/radiofenix.com.ar\/2023\/wp-json\/wp\/v2\/media?parent=195738"}],"wp:term":[{"taxonomy":"category","embeddable":true,"href":"https:\/\/radiofenix.com.ar\/2023\/wp-json\/wp\/v2\/categories?post=195738"},{"taxonomy":"post_tag","embeddable":true,"href":"https:\/\/radiofenix.com.ar\/2023\/wp-json\/wp\/v2\/tags?post=195738"}],"curies":[{"name":"wp","href":"https:\/\/api.w.org\/{rel}","templated":true}]}}