{"id":195746,"date":"2024-10-31T08:57:20","date_gmt":"2024-10-31T08:57:20","guid":{"rendered":"https:\/\/radiofenix.com.ar\/2023\/por-que-echaron-a-diana-mondino-del-gobierno\/"},"modified":"2024-10-31T08:57:20","modified_gmt":"2024-10-31T08:57:20","slug":"por-que-echaron-a-diana-mondino-del-gobierno","status":"publish","type":"post","link":"https:\/\/radiofenix.com.ar\/2023\/por-que-echaron-a-diana-mondino-del-gobierno\/","title":{"rendered":"Por qu\u00e9 echaron a Diana Mondino del Gobierno"},"content":{"rendered":"<div id=\"\">\n<h2\/>\n<h2>Por qu\u00e9 despidieron a Diana Mondino<\/h2>\n<p>El desencadenante de la salida de Diana Mondino del Gobierno fue que la ahora exfuncionaria <strong>vot\u00f3 en la Organizaci\u00f3n de las Naciones Unidas (ONU) a favor del levantamiento del bloqueo econ\u00f3mico de Estados Unidos a Cuba<\/strong>, algo con lo que el jefe de Estado argentino no est\u00e1 para nada de acuerdo.<\/p>\n<p>Sorpresivamente, <strong>Mondino mostr\u00f3 su apoyo a Cuba, lo que le vali\u00f3 la eyecci\u00f3n de la gesti\u00f3n a la que responde<\/strong>, justo cuando hab\u00eda especulaciones de que pod\u00eda ser todo lo contrario, por la posici\u00f3n que siempre muestra Milei a favor de Estados Unidos.<\/p>\n<p class=\"\">En este marco, y al igual que lo ha hecho hist\u00f3ricamente, este mi\u00e9rcoles <strong>la Argentina rechaz\u00f3 en ONU el embargo econ\u00f3mico que desde 1962 Estados Unidos le impuso a Cuba<\/strong>; por lo que la Asamblea General <strong>aprob\u00f3 por 32\u00b0 oportunidad consecutiva una resoluci\u00f3n que pide el fin del bloque<\/strong>.<\/p>\n<p class=\"\">La Argentina, gracias a Mondino, estuvo entre los <strong>187 pa\u00edses que votaron a favor<\/strong>, mientras que <strong>Estados Unidos e Israel votaron en contra<\/strong>. Adem\u00e1s, hubo una abstenci\u00f3n.<\/p>\n<h2>El documento de la Argentina sobre el bloque de Estados Unidos a Cuba<\/h2>\n<p>En <em><strong>C5N<\/strong><\/em> mostraron un documento del 24 de marzo de 2024, que habr\u00eda utilizado Mondino para su votaci\u00f3n y que ahora us\u00f3 el Gobierno para despedir a la funcionaria. <\/p>\n<p>El documento pone de manifiesto que Argentina se expresa en contra del bloqueo que Estados Unidos realiza sobre Cuba. <\/p>\n<div contenteditable=\"false\" class=\"embed_cont type_video\" id=\"7999905-92244104_wrap\">\n<p> Por esto echaron a Diana Mondino <span onclick=\"parent.parent.TinyMCETdcuerpo.preview_embed('7999905-92244104')\" class=\"embed_colapse less\" id=\"7999905-92244104_colapse\"\/>  <span onclick=\"parent.parent.TinyMCETdcuerpo.delete_embed('7999905-92244104')\" class=\"embed_delete less\" id=\"7999905-92244104_delete\"\/><\/p>\n<\/p><\/div>\n<div contenteditable=\"false\" class=\"embed_cont type_freetext\" rel=\"freetext\" id=\"embed2_wrap\">\n<p> Embed <span onclick=\"parent.parent.TinyMCETdcuerpo.preview_embed('embed2')\" class=\"embed_colapse less\" id=\"embed2_colapse\"\/>  <span onclick=\"parent.parent.TinyMCETdcuerpo.delete_embed('embed2')\" class=\"embed_delete less\" id=\"embed2_delete\"\/><\/p>\n<div id=\"embed2_content\" class=\"embed_content\">\n<div id=\"embed2_embed\">\n<figure class=\"figure\"><a href=\"https:\/\/t.me\/minutounocom\" target=\"_blank\" rel=\"noopener\"><img decoding=\"async\" src=\"https:\/\/media.minutouno.com\/adjuntos\/150\/banners\/039\/099\/0039099175.jpg\" class=\"figure-img img-fluid\" style=\"width:100%;height:auto;\"\/><\/a><\/figure>\n<\/div>\n<\/div><\/div>\n<\/p><\/div>\n<p><a href=\"https:\/\/www.minutouno.com\/politica\/por-que-echaron-diana-mondino-del-gobierno-n6076562\">source<\/a><\/p>\n","protected":false},"excerpt":{"rendered":"<p>Por qu\u00e9 despidieron a Diana Mondino El desencadenante de la salida de Diana Mondino del&#8230;<\/p>\n","protected":false},"author":0,"featured_media":195747,"comment_status":"open","ping_status":"open","sticky":false,"template":"","format":"standard","meta":{"footnotes":""},"categories":[2],"tags":[],"class_list":["post-195746","post","type-post","status-publish","format-standard","has-post-thumbnail","hentry","category-politica"],"featured_image_urls":{"full":["https:\/\/radiofenix.com.ar\/2023\/wp-content\/uploads\/wp-header-logo.png",0,0,false],"thumbnail":["https:\/\/radiofenix.com.ar\/2023\/wp-content\/uploads\/wp-header-logo.png",1,1,false],"medium":["https:\/\/radiofenix.com.ar\/2023\/wp-content\/uploads\/wp-header-logo.png",1,1,false],"medium_large":["https:\/\/radiofenix.com.ar\/2023\/wp-content\/uploads\/wp-header-logo.png",1,1,false],"large":["https:\/\/radiofenix.com.ar\/2023\/wp-content\/uploads\/wp-header-logo.png",1,1,false],"1536x1536":["https:\/\/radiofenix.com.ar\/2023\/wp-content\/uploads\/wp-header-logo.png",1,1,false],"2048x2048":["https:\/\/radiofenix.com.ar\/2023\/wp-content\/uploads\/wp-header-logo.png",1,1,false],"newsium-slider-full":["https:\/\/radiofenix.com.ar\/2023\/wp-content\/uploads\/wp-header-logo.png",1,1,false],"newsium-featured":["https:\/\/radiofenix.com.ar\/2023\/wp-content\/uploads\/wp-header-logo.png",1,1,false],"newsium-medium":["https:\/\/radiofenix.com.ar\/2023\/wp-content\/uploads\/wp-header-logo.png",1,1,false]},"author_info":{"info":[""]},"category_info":"<a href=\"https:\/\/radiofenix.com.ar\/2023\/category\/politica\/\" rel=\"category tag\">Pol\u00edtica<\/a>","tag_info":"Pol\u00edtica","comment_count":"0","_links":{"self":[{"href":"https:\/\/radiofenix.com.ar\/2023\/wp-json\/wp\/v2\/posts\/195746","targetHints":{"allow":["GET"]}}],"collection":[{"href":"https:\/\/radiofenix.com.ar\/2023\/wp-json\/wp\/v2\/posts"}],"about":[{"href":"https:\/\/radiofenix.com.ar\/2023\/wp-json\/wp\/v2\/types\/post"}],"replies":[{"embeddable":true,"href":"https:\/\/radiofenix.com.ar\/2023\/wp-json\/wp\/v2\/comments?post=195746"}],"version-history":[{"count":0,"href":"https:\/\/radiofenix.com.ar\/2023\/wp-json\/wp\/v2\/posts\/195746\/revisions"}],"wp:featuredmedia":[{"embeddable":true,"href":"https:\/\/radiofenix.com.ar\/2023\/wp-json\/wp\/v2\/media\/195747"}],"wp:attachment":[{"href":"https:\/\/radiofenix.com.ar\/2023\/wp-json\/wp\/v2\/media?parent=195746"}],"wp:term":[{"taxonomy":"category","embeddable":true,"href":"https:\/\/radiofenix.com.ar\/2023\/wp-json\/wp\/v2\/categories?post=195746"},{"taxonomy":"post_tag","embeddable":true,"href":"https:\/\/radiofenix.com.ar\/2023\/wp-json\/wp\/v2\/tags?post=195746"}],"curies":[{"name":"wp","href":"https:\/\/api.w.org\/{rel}","templated":true}]}}